{"id":12051,"date":"2021-12-01T20:17:42","date_gmt":"2021-12-01T23:17:42","guid":{"rendered":"http:\/\/diarioprincipios.com\/?p=12051"},"modified":"2021-12-01T20:17:48","modified_gmt":"2021-12-01T23:17:48","slug":"se-conmemoro-el-dia-mundial-de-la-accion-contra-el-sida","status":"publish","type":"post","link":"https:\/\/diarioprincipios.com\/index.php\/2021\/12\/01\/se-conmemoro-el-dia-mundial-de-la-accion-contra-el-sida\/","title":{"rendered":"Se conmemor\u00f3 el D\u00eda Mundial de la Acci\u00f3n contra el SIDA"},"content":{"rendered":"\n<p><strong>Con el objetivo de reforzar el asesoramiento y sensibilizaci\u00f3n en temas relacionados al VIH\/SIDA, la Municipalidad de Berazategui \u2013a trav\u00e9s de la Secretar\u00eda de Pol\u00edticas Socio-Educativas\u2013 llev\u00f3 adelante una jornada integral en Av. 14 y 147. Durante el evento, que cont\u00f3 con la visita del intendente Juan Jos\u00e9 Mussi, se realizaron actividades preventivas y educativas y se instal\u00f3 un stand de testeo r\u00e1pido de VIH, voluntario, confidencial y gratuito para toda la comunidad.<\/strong><\/p>\n\n\n\n<p>Asimismo, bajo el lema \u201cPoner fin a las desigualdades. Poner fin al SIDA. Poner fin a las pandemias\u201d y en pos de sostener y reforzar el apoyo a los vecinos y vecinas en temas relacionados al VIH-ETS, se brind\u00f3 atenci\u00f3n y asesoramiento.<\/p>\n\n\n\n<p>Estuvieron presentes en la 17\u00b0 edici\u00f3n de este encuentro, los secretarios de Salud P\u00fablica e Higiene, Dr. Pablo Costa; y de Cultura y Educaci\u00f3n, Federico L\u00f3pez; la titular de la Secretar\u00eda Privada, Mar\u00eda Del Carmen Flores; la secretaria municipal de Desarrollo Social y Comunitario, Mar\u00eda Laura Lacava; y la subcontadora general del Municipio, Andrea Canestro.<\/p>\n\n\n\n<figure class=\"wp-block-image size-large\"><img loading=\"lazy\" decoding=\"async\" width=\"1024\" height=\"683\" src=\"https:\/\/diarioprincipios.com\/wp-content\/uploads\/2021\/12\/20211201_Dia_Mundial_Accion_Contra_SIDA_VIH_FS_109-1-1024x683.jpg\" alt=\"\" class=\"wp-image-12052\" srcset=\"https:\/\/diarioprincipios.com\/wp-content\/uploads\/2021\/12\/20211201_Dia_Mundial_Accion_Contra_SIDA_VIH_FS_109-1-1024x683.jpg 1024w, https:\/\/diarioprincipios.com\/wp-content\/uploads\/2021\/12\/20211201_Dia_Mundial_Accion_Contra_SIDA_VIH_FS_109-1-300x200.jpg 300w, https:\/\/diarioprincipios.com\/wp-content\/uploads\/2021\/12\/20211201_Dia_Mundial_Accion_Contra_SIDA_VIH_FS_109-1-768x512.jpg 768w, https:\/\/diarioprincipios.com\/wp-content\/uploads\/2021\/12\/20211201_Dia_Mundial_Accion_Contra_SIDA_VIH_FS_109-1-1536x1024.jpg 1536w, https:\/\/diarioprincipios.com\/wp-content\/uploads\/2021\/12\/20211201_Dia_Mundial_Accion_Contra_SIDA_VIH_FS_109-1.jpg 1920w\" sizes=\"auto, (max-width: 1024px) 100vw, 1024px\" \/><\/figure>\n\n\n\n<p>\u201cTodos los a\u00f1os, desde el Municipio se generan acciones respecto de esta enfermedad. Una de ellas es la disposici\u00f3n de espacios dedicados a la realizaci\u00f3n de testeos r\u00e1pidos voluntarios. Estos tienen amplia aceptaci\u00f3n por parte de la gente, que se acerca voluntaria y espont\u00e1neamente, demostrando que est\u00e1 concientizada. El resultado del test se conoce r\u00e1pidamente y si es positivo est\u00e1n presentes los m\u00e9dicos para encaminar y acompa\u00f1ar al paciente\u201d, expres\u00f3 el Dr. Juan Jos\u00e9 Mussi.<\/p>\n\n\n\n<p>\u201cEstas acciones se iniciaron a partir de un Programa que hace muchos a\u00f1os implementaron el Dr. Remo Salve y Gloria Cort\u00f3n desde nuestro Centro N\u00b0 8 y que se lleva a cabo en distintas ocasiones, en otros momentos del a\u00f1o y lugares para que los vecinos y vecinas de Berazategui puedan acercarse y tener un diagn\u00f3stico r\u00e1pido. Si el virus se detecta, r\u00e1pidamente iniciamos el tratamiento\u201d, agreg\u00f3 el Intendente municipal.<\/p>\n\n\n\n<p>Gloria Cort\u00f3n, secretaria de Pol\u00edticas Socio-Educativas, afirm\u00f3: \u201cComo todos los a\u00f1os, trabajamos en la prevenci\u00f3n haciendo testeos r\u00e1pidos con un equipo de profesionales y promotores de las Secretar\u00edas de Salud P\u00fablica e Higiene y de Pol\u00edticas Socio-Educativas; con m\u00e9dicos generalistas, estudiantes de la Universidad Nacional Arturo Jauretche y m\u00e9dicos de la Universidad de La Plata, un gran equipo al servicio de la comunidad y de todo el que quiera acercarse. Hubo una gran participaci\u00f3n de la comunidad\u201d.<\/p>\n\n\n\n<figure class=\"wp-block-image size-large\"><img loading=\"lazy\" decoding=\"async\" width=\"1024\" height=\"683\" src=\"https:\/\/diarioprincipios.com\/wp-content\/uploads\/2021\/12\/20211201_Dia_Mundial_Accion_Contra_SIDA_VIH_FS_015-1-1024x683.jpg\" alt=\"\" class=\"wp-image-12053\" srcset=\"https:\/\/diarioprincipios.com\/wp-content\/uploads\/2021\/12\/20211201_Dia_Mundial_Accion_Contra_SIDA_VIH_FS_015-1-1024x683.jpg 1024w, https:\/\/diarioprincipios.com\/wp-content\/uploads\/2021\/12\/20211201_Dia_Mundial_Accion_Contra_SIDA_VIH_FS_015-1-300x200.jpg 300w, https:\/\/diarioprincipios.com\/wp-content\/uploads\/2021\/12\/20211201_Dia_Mundial_Accion_Contra_SIDA_VIH_FS_015-1-768x512.jpg 768w, https:\/\/diarioprincipios.com\/wp-content\/uploads\/2021\/12\/20211201_Dia_Mundial_Accion_Contra_SIDA_VIH_FS_015-1-1536x1024.jpg 1536w, https:\/\/diarioprincipios.com\/wp-content\/uploads\/2021\/12\/20211201_Dia_Mundial_Accion_Contra_SIDA_VIH_FS_015-1.jpg 1920w\" sizes=\"auto, (max-width: 1024px) 100vw, 1024px\" \/><\/figure>\n\n\n\n<p>Remo Salve, asesor de la Secretar\u00eda, coment\u00f3: \u201cEsta es una muestra de lo que hacemos. Debido a la pandemia, se redujo nuestra acci\u00f3n, pero todo el a\u00f1o trabajamos y quer\u00edamos visibilizarlo. Un alto porcentaje de la poblaci\u00f3n que tiene VIH no lo sabe y cuanto antes tomen conocimiento de ello podr\u00e1n evitar las contraindicaciones de los medicamentos y se reducir\u00e1 la posibilidad de transmisi\u00f3n\u201d.<\/p>\n\n\n\n<p>Fue as\u00ed que, en el marco del D\u00eda Mundial de la Acci\u00f3n Contra el SIDA, en 1991 naci\u00f3 en Berazategui esta jornada integral, con el objetivo de concientizar a la sociedad sobre la prevenci\u00f3n de las diferentes enfermedades de transmisi\u00f3n sexual. All\u00ed, un plantel completo de profesionales de la salud brind\u00f3 servicios en VIH\/SIDA\/ETS que el Municipio ofrece durante todo el a\u00f1o en el Centro N\u00b0 8 (calle 10 e\/ 131 y 132), para toda la poblaci\u00f3n.<\/p>\n\n\n\n<figure class=\"wp-block-image size-large\"><img loading=\"lazy\" decoding=\"async\" width=\"1024\" height=\"683\" src=\"https:\/\/diarioprincipios.com\/wp-content\/uploads\/2021\/12\/20211201_Dia_Mundial_Accion_Contra_SIDA_VIH_FS_001-1-1024x683.jpg\" alt=\"\" class=\"wp-image-12054\" srcset=\"https:\/\/diarioprincipios.com\/wp-content\/uploads\/2021\/12\/20211201_Dia_Mundial_Accion_Contra_SIDA_VIH_FS_001-1-1024x683.jpg 1024w, https:\/\/diarioprincipios.com\/wp-content\/uploads\/2021\/12\/20211201_Dia_Mundial_Accion_Contra_SIDA_VIH_FS_001-1-300x200.jpg 300w, https:\/\/diarioprincipios.com\/wp-content\/uploads\/2021\/12\/20211201_Dia_Mundial_Accion_Contra_SIDA_VIH_FS_001-1-768x512.jpg 768w, https:\/\/diarioprincipios.com\/wp-content\/uploads\/2021\/12\/20211201_Dia_Mundial_Accion_Contra_SIDA_VIH_FS_001-1-1536x1024.jpg 1536w, https:\/\/diarioprincipios.com\/wp-content\/uploads\/2021\/12\/20211201_Dia_Mundial_Accion_Contra_SIDA_VIH_FS_001-1.jpg 1920w\" sizes=\"auto, (max-width: 1024px) 100vw, 1024px\" \/><\/figure>\n\n\n\n<p>Este espacio municipal cuenta con servicio de Infectolog\u00eda, Dermatolog\u00eda, Ginecolog\u00eda, Cl\u00ednica M\u00e9dica, Psiquiatr\u00eda, Psicolog\u00eda, Sexualidad y ETS para los Adolescentes, Servicio Social y Enfermer\u00eda, de manera descentralizada, integral y transversal. Adem\u00e1s, dispone de un laboratorio propio y exclusivo para el diagn\u00f3stico de VIH y ETS.<\/p>\n\n\n\n<p>Quienes requieran atenci\u00f3n especializada, pueden llamar al 4256-8049 \/ 4356-9200 (Int. 3010) o dirigirse personalmente para solicitar turno de 8.00 a 16.00. El test de VIH\/S\u00edfilis tambi\u00e9n se puede realizar durante todo el a\u00f1o en los CAPS N\u00b0 18, 33 y 36.<\/p>\n","protected":false},"excerpt":{"rendered":"<p>Con el objetivo de reforzar el asesoramiento y sensibilizaci\u00f3n en temas relacionados al VIH\/SIDA, la Municipalidad de Berazategui \u2013a trav\u00e9s de la Secretar\u00eda de Pol\u00edticas Socio-Educativas\u2013 llev\u00f3 adelante una jornada integral en Av. 14 y 147. Durante el evento, que cont\u00f3 con la visita del intendente Juan Jos\u00e9 Mussi, se realizaron actividades preventivas y educativas&#8230;<\/p>\n","protected":false},"author":2,"featured_media":12056,"comment_status":"open","ping_status":"open","sticky":false,"template":"","format":"standard","meta":{"footnotes":""},"categories":[3],"tags":[],"class_list":["post-12051","post","type-post","status-publish","format-standard","has-post-thumbnail","hentry","category-berazategui"],"featured_image_src":"https:\/\/diarioprincipios.com\/wp-content\/uploads\/2021\/12\/20211201_Dia_Mundial_Accion_Contra_SIDA_VIH_FS_097-1-1024x683.jpg","blog_images":{"medium":"https:\/\/diarioprincipios.com\/wp-content\/uploads\/2021\/12\/20211201_Dia_Mundial_Accion_Contra_SIDA_VIH_FS_097-1-300x200.jpg","large":"https:\/\/diarioprincipios.com\/wp-content\/uploads\/2021\/12\/20211201_Dia_Mundial_Accion_Contra_SIDA_VIH_FS_097-1-1024x683.jpg"},"ams_acf":[],"yoast_head":"<!-- This site is optimized with the Yoast SEO plugin v27.3 - https:\/\/yoast.com\/product\/yoast-seo-wordpress\/ -->\n<title>Se conmemor\u00f3 el D\u00eda Mundial de la Acci\u00f3n contra el SIDA - Principios<\/title>\n<meta name=\"robots\" content=\"index, follow, max-snippet:-1, max-image-preview:large, max-video-preview:-1\" \/>\n<link rel=\"canonical\" href=\"https:\/\/diarioprincipios.com\/index.php\/2021\/12\/01\/se-conmemoro-el-dia-mundial-de-la-accion-contra-el-sida\/\" \/>\n<meta property=\"og:locale\" content=\"es_ES\" \/>\n<meta property=\"og:type\" content=\"article\" \/>\n<meta property=\"og:title\" content=\"Se conmemor\u00f3 el D\u00eda Mundial de la Acci\u00f3n contra el SIDA - Principios\" \/>\n<meta property=\"og:description\" content=\"Con el objetivo de reforzar el asesoramiento y sensibilizaci\u00f3n en temas relacionados al VIH\/SIDA, la Municipalidad de Berazategui \u2013a trav\u00e9s de la Secretar\u00eda de Pol\u00edticas Socio-Educativas\u2013 llev\u00f3 adelante una jornada integral en Av. 14 y 147. Durante el evento, que cont\u00f3 con la visita del intendente Juan Jos\u00e9 Mussi, se realizaron actividades preventivas y educativas...\" \/>\n<meta property=\"og:url\" content=\"https:\/\/diarioprincipios.com\/index.php\/2021\/12\/01\/se-conmemoro-el-dia-mundial-de-la-accion-contra-el-sida\/\" \/>\n<meta property=\"og:site_name\" content=\"Principios\" \/>\n<meta property=\"article:published_time\" content=\"2021-12-01T23:17:42+00:00\" \/>\n<meta property=\"article:modified_time\" content=\"2021-12-01T23:17:48+00:00\" \/>\n<meta property=\"og:image\" content=\"https:\/\/diarioprincipios.com\/wp-content\/uploads\/2021\/12\/20211201_Dia_Mundial_Accion_Contra_SIDA_VIH_FS_097-1.jpg\" \/>\n\t<meta property=\"og:image:width\" content=\"1920\" \/>\n\t<meta property=\"og:image:height\" content=\"1280\" \/>\n\t<meta property=\"og:image:type\" content=\"image\/jpeg\" \/>\n<meta name=\"author\" content=\"Hern\u00e1n L\u00f3pez\" \/>\n<meta name=\"twitter:card\" content=\"summary_large_image\" \/>\n<meta name=\"twitter:label1\" content=\"Escrito por\" \/>\n\t<meta name=\"twitter:data1\" content=\"Hern\u00e1n L\u00f3pez\" \/>\n\t<meta name=\"twitter:label2\" content=\"Tiempo de lectura\" \/>\n\t<meta name=\"twitter:data2\" content=\"4 minutos\" \/>\n<script type=\"application\/ld+json\" class=\"yoast-schema-graph\">{\"@context\":\"https:\\\/\\\/schema.org\",\"@graph\":[{\"@type\":\"Article\",\"@id\":\"https:\\\/\\\/diarioprincipios.com\\\/index.php\\\/2021\\\/12\\\/01\\\/se-conmemoro-el-dia-mundial-de-la-accion-contra-el-sida\\\/#article\",\"isPartOf\":{\"@id\":\"https:\\\/\\\/diarioprincipios.com\\\/index.php\\\/2021\\\/12\\\/01\\\/se-conmemoro-el-dia-mundial-de-la-accion-contra-el-sida\\\/\"},\"author\":{\"name\":\"Hern\u00e1n L\u00f3pez\",\"@id\":\"https:\\\/\\\/diarioprincipios.com\\\/#\\\/schema\\\/person\\\/436d5a1fd41a5e250e23ff5a6a7cb080\"},\"headline\":\"Se conmemor\u00f3 el D\u00eda Mundial de la Acci\u00f3n contra el SIDA\",\"datePublished\":\"2021-12-01T23:17:42+00:00\",\"dateModified\":\"2021-12-01T23:17:48+00:00\",\"mainEntityOfPage\":{\"@id\":\"https:\\\/\\\/diarioprincipios.com\\\/index.php\\\/2021\\\/12\\\/01\\\/se-conmemoro-el-dia-mundial-de-la-accion-contra-el-sida\\\/\"},\"wordCount\":688,\"commentCount\":0,\"publisher\":{\"@id\":\"https:\\\/\\\/diarioprincipios.com\\\/#organization\"},\"image\":{\"@id\":\"https:\\\/\\\/diarioprincipios.com\\\/index.php\\\/2021\\\/12\\\/01\\\/se-conmemoro-el-dia-mundial-de-la-accion-contra-el-sida\\\/#primaryimage\"},\"thumbnailUrl\":\"https:\\\/\\\/diarioprincipios.com\\\/wp-content\\\/uploads\\\/2021\\\/12\\\/20211201_Dia_Mundial_Accion_Contra_SIDA_VIH_FS_097-1.jpg\",\"articleSection\":[\"Berazategui\"],\"inLanguage\":\"es\",\"potentialAction\":[{\"@type\":\"CommentAction\",\"name\":\"Comment\",\"target\":[\"https:\\\/\\\/diarioprincipios.com\\\/index.php\\\/2021\\\/12\\\/01\\\/se-conmemoro-el-dia-mundial-de-la-accion-contra-el-sida\\\/#respond\"]}]},{\"@type\":\"WebPage\",\"@id\":\"https:\\\/\\\/diarioprincipios.com\\\/index.php\\\/2021\\\/12\\\/01\\\/se-conmemoro-el-dia-mundial-de-la-accion-contra-el-sida\\\/\",\"url\":\"https:\\\/\\\/diarioprincipios.com\\\/index.php\\\/2021\\\/12\\\/01\\\/se-conmemoro-el-dia-mundial-de-la-accion-contra-el-sida\\\/\",\"name\":\"Se conmemor\u00f3 el D\u00eda Mundial de la Acci\u00f3n contra el SIDA - Principios\",\"isPartOf\":{\"@id\":\"https:\\\/\\\/diarioprincipios.com\\\/#website\"},\"primaryImageOfPage\":{\"@id\":\"https:\\\/\\\/diarioprincipios.com\\\/index.php\\\/2021\\\/12\\\/01\\\/se-conmemoro-el-dia-mundial-de-la-accion-contra-el-sida\\\/#primaryimage\"},\"image\":{\"@id\":\"https:\\\/\\\/diarioprincipios.com\\\/index.php\\\/2021\\\/12\\\/01\\\/se-conmemoro-el-dia-mundial-de-la-accion-contra-el-sida\\\/#primaryimage\"},\"thumbnailUrl\":\"https:\\\/\\\/diarioprincipios.com\\\/wp-content\\\/uploads\\\/2021\\\/12\\\/20211201_Dia_Mundial_Accion_Contra_SIDA_VIH_FS_097-1.jpg\",\"datePublished\":\"2021-12-01T23:17:42+00:00\",\"dateModified\":\"2021-12-01T23:17:48+00:00\",\"breadcrumb\":{\"@id\":\"https:\\\/\\\/diarioprincipios.com\\\/index.php\\\/2021\\\/12\\\/01\\\/se-conmemoro-el-dia-mundial-de-la-accion-contra-el-sida\\\/#breadcrumb\"},\"inLanguage\":\"es\",\"potentialAction\":[{\"@type\":\"ReadAction\",\"target\":[\"https:\\\/\\\/diarioprincipios.com\\\/index.php\\\/2021\\\/12\\\/01\\\/se-conmemoro-el-dia-mundial-de-la-accion-contra-el-sida\\\/\"]}]},{\"@type\":\"ImageObject\",\"inLanguage\":\"es\",\"@id\":\"https:\\\/\\\/diarioprincipios.com\\\/index.php\\\/2021\\\/12\\\/01\\\/se-conmemoro-el-dia-mundial-de-la-accion-contra-el-sida\\\/#primaryimage\",\"url\":\"https:\\\/\\\/diarioprincipios.com\\\/wp-content\\\/uploads\\\/2021\\\/12\\\/20211201_Dia_Mundial_Accion_Contra_SIDA_VIH_FS_097-1.jpg\",\"contentUrl\":\"https:\\\/\\\/diarioprincipios.com\\\/wp-content\\\/uploads\\\/2021\\\/12\\\/20211201_Dia_Mundial_Accion_Contra_SIDA_VIH_FS_097-1.jpg\",\"width\":1920,\"height\":1280},{\"@type\":\"BreadcrumbList\",\"@id\":\"https:\\\/\\\/diarioprincipios.com\\\/index.php\\\/2021\\\/12\\\/01\\\/se-conmemoro-el-dia-mundial-de-la-accion-contra-el-sida\\\/#breadcrumb\",\"itemListElement\":[{\"@type\":\"ListItem\",\"position\":1,\"name\":\"Portada\",\"item\":\"https:\\\/\\\/diarioprincipios.com\\\/\"},{\"@type\":\"ListItem\",\"position\":2,\"name\":\"Se conmemor\u00f3 el D\u00eda Mundial de la Acci\u00f3n contra el SIDA\"}]},{\"@type\":\"WebSite\",\"@id\":\"https:\\\/\\\/diarioprincipios.com\\\/#website\",\"url\":\"https:\\\/\\\/diarioprincipios.com\\\/\",\"name\":\"Principios\",\"description\":\"Principios Diario\",\"publisher\":{\"@id\":\"https:\\\/\\\/diarioprincipios.com\\\/#organization\"},\"potentialAction\":[{\"@type\":\"SearchAction\",\"target\":{\"@type\":\"EntryPoint\",\"urlTemplate\":\"https:\\\/\\\/diarioprincipios.com\\\/?s={search_term_string}\"},\"query-input\":{\"@type\":\"PropertyValueSpecification\",\"valueRequired\":true,\"valueName\":\"search_term_string\"}}],\"inLanguage\":\"es\"},{\"@type\":\"Organization\",\"@id\":\"https:\\\/\\\/diarioprincipios.com\\\/#organization\",\"name\":\"Principios\",\"url\":\"https:\\\/\\\/diarioprincipios.com\\\/\",\"logo\":{\"@type\":\"ImageObject\",\"inLanguage\":\"es\",\"@id\":\"https:\\\/\\\/diarioprincipios.com\\\/#\\\/schema\\\/logo\\\/image\\\/\",\"url\":\"https:\\\/\\\/diarioprincipios.com\\\/wp-content\\\/uploads\\\/2024\\\/04\\\/cropped-www.diarioprincipios.com_-1.png\",\"contentUrl\":\"https:\\\/\\\/diarioprincipios.com\\\/wp-content\\\/uploads\\\/2024\\\/04\\\/cropped-www.diarioprincipios.com_-1.png\",\"width\":5325,\"height\":1454,\"caption\":\"Principios\"},\"image\":{\"@id\":\"https:\\\/\\\/diarioprincipios.com\\\/#\\\/schema\\\/logo\\\/image\\\/\"}},{\"@type\":\"Person\",\"@id\":\"https:\\\/\\\/diarioprincipios.com\\\/#\\\/schema\\\/person\\\/436d5a1fd41a5e250e23ff5a6a7cb080\",\"name\":\"Hern\u00e1n L\u00f3pez\",\"image\":{\"@type\":\"ImageObject\",\"inLanguage\":\"es\",\"@id\":\"https:\\\/\\\/diarioprincipios.com\\\/wp-content\\\/litespeed\\\/avatar\\\/11ddfe5610ff3bd100522525b2571f48.jpg?ver=1777653193\",\"url\":\"https:\\\/\\\/diarioprincipios.com\\\/wp-content\\\/litespeed\\\/avatar\\\/11ddfe5610ff3bd100522525b2571f48.jpg?ver=1777653193\",\"contentUrl\":\"https:\\\/\\\/diarioprincipios.com\\\/wp-content\\\/litespeed\\\/avatar\\\/11ddfe5610ff3bd100522525b2571f48.jpg?ver=1777653193\",\"caption\":\"Hern\u00e1n L\u00f3pez\"},\"url\":\"https:\\\/\\\/diarioprincipios.com\\\/index.php\\\/author\\\/hernan\\\/\"}]}<\/script>\n<!-- \/ Yoast SEO plugin. -->","yoast_head_json":{"title":"Se conmemor\u00f3 el D\u00eda Mundial de la Acci\u00f3n contra el SIDA - Principios","robots":{"index":"index","follow":"follow","max-snippet":"max-snippet:-1","max-image-preview":"max-image-preview:large","max-video-preview":"max-video-preview:-1"},"canonical":"https:\/\/diarioprincipios.com\/index.php\/2021\/12\/01\/se-conmemoro-el-dia-mundial-de-la-accion-contra-el-sida\/","og_locale":"es_ES","og_type":"article","og_title":"Se conmemor\u00f3 el D\u00eda Mundial de la Acci\u00f3n contra el SIDA - Principios","og_description":"Con el objetivo de reforzar el asesoramiento y sensibilizaci\u00f3n en temas relacionados al VIH\/SIDA, la Municipalidad de Berazategui \u2013a trav\u00e9s de la Secretar\u00eda de Pol\u00edticas Socio-Educativas\u2013 llev\u00f3 adelante una jornada integral en Av. 14 y 147. Durante el evento, que cont\u00f3 con la visita del intendente Juan Jos\u00e9 Mussi, se realizaron actividades preventivas y educativas...","og_url":"https:\/\/diarioprincipios.com\/index.php\/2021\/12\/01\/se-conmemoro-el-dia-mundial-de-la-accion-contra-el-sida\/","og_site_name":"Principios","article_published_time":"2021-12-01T23:17:42+00:00","article_modified_time":"2021-12-01T23:17:48+00:00","og_image":[{"width":1920,"height":1280,"url":"https:\/\/diarioprincipios.com\/wp-content\/uploads\/2021\/12\/20211201_Dia_Mundial_Accion_Contra_SIDA_VIH_FS_097-1.jpg","type":"image\/jpeg"}],"author":"Hern\u00e1n L\u00f3pez","twitter_card":"summary_large_image","twitter_misc":{"Escrito por":"Hern\u00e1n L\u00f3pez","Tiempo de lectura":"4 minutos"},"schema":{"@context":"https:\/\/schema.org","@graph":[{"@type":"Article","@id":"https:\/\/diarioprincipios.com\/index.php\/2021\/12\/01\/se-conmemoro-el-dia-mundial-de-la-accion-contra-el-sida\/#article","isPartOf":{"@id":"https:\/\/diarioprincipios.com\/index.php\/2021\/12\/01\/se-conmemoro-el-dia-mundial-de-la-accion-contra-el-sida\/"},"author":{"name":"Hern\u00e1n L\u00f3pez","@id":"https:\/\/diarioprincipios.com\/#\/schema\/person\/436d5a1fd41a5e250e23ff5a6a7cb080"},"headline":"Se conmemor\u00f3 el D\u00eda Mundial de la Acci\u00f3n contra el SIDA","datePublished":"2021-12-01T23:17:42+00:00","dateModified":"2021-12-01T23:17:48+00:00","mainEntityOfPage":{"@id":"https:\/\/diarioprincipios.com\/index.php\/2021\/12\/01\/se-conmemoro-el-dia-mundial-de-la-accion-contra-el-sida\/"},"wordCount":688,"commentCount":0,"publisher":{"@id":"https:\/\/diarioprincipios.com\/#organization"},"image":{"@id":"https:\/\/diarioprincipios.com\/index.php\/2021\/12\/01\/se-conmemoro-el-dia-mundial-de-la-accion-contra-el-sida\/#primaryimage"},"thumbnailUrl":"https:\/\/diarioprincipios.com\/wp-content\/uploads\/2021\/12\/20211201_Dia_Mundial_Accion_Contra_SIDA_VIH_FS_097-1.jpg","articleSection":["Berazategui"],"inLanguage":"es","potentialAction":[{"@type":"CommentAction","name":"Comment","target":["https:\/\/diarioprincipios.com\/index.php\/2021\/12\/01\/se-conmemoro-el-dia-mundial-de-la-accion-contra-el-sida\/#respond"]}]},{"@type":"WebPage","@id":"https:\/\/diarioprincipios.com\/index.php\/2021\/12\/01\/se-conmemoro-el-dia-mundial-de-la-accion-contra-el-sida\/","url":"https:\/\/diarioprincipios.com\/index.php\/2021\/12\/01\/se-conmemoro-el-dia-mundial-de-la-accion-contra-el-sida\/","name":"Se conmemor\u00f3 el D\u00eda Mundial de la Acci\u00f3n contra el SIDA - Principios","isPartOf":{"@id":"https:\/\/diarioprincipios.com\/#website"},"primaryImageOfPage":{"@id":"https:\/\/diarioprincipios.com\/index.php\/2021\/12\/01\/se-conmemoro-el-dia-mundial-de-la-accion-contra-el-sida\/#primaryimage"},"image":{"@id":"https:\/\/diarioprincipios.com\/index.php\/2021\/12\/01\/se-conmemoro-el-dia-mundial-de-la-accion-contra-el-sida\/#primaryimage"},"thumbnailUrl":"https:\/\/diarioprincipios.com\/wp-content\/uploads\/2021\/12\/20211201_Dia_Mundial_Accion_Contra_SIDA_VIH_FS_097-1.jpg","datePublished":"2021-12-01T23:17:42+00:00","dateModified":"2021-12-01T23:17:48+00:00","breadcrumb":{"@id":"https:\/\/diarioprincipios.com\/index.php\/2021\/12\/01\/se-conmemoro-el-dia-mundial-de-la-accion-contra-el-sida\/#breadcrumb"},"inLanguage":"es","potentialAction":[{"@type":"ReadAction","target":["https:\/\/diarioprincipios.com\/index.php\/2021\/12\/01\/se-conmemoro-el-dia-mundial-de-la-accion-contra-el-sida\/"]}]},{"@type":"ImageObject","inLanguage":"es","@id":"https:\/\/diarioprincipios.com\/index.php\/2021\/12\/01\/se-conmemoro-el-dia-mundial-de-la-accion-contra-el-sida\/#primaryimage","url":"https:\/\/diarioprincipios.com\/wp-content\/uploads\/2021\/12\/20211201_Dia_Mundial_Accion_Contra_SIDA_VIH_FS_097-1.jpg","contentUrl":"https:\/\/diarioprincipios.com\/wp-content\/uploads\/2021\/12\/20211201_Dia_Mundial_Accion_Contra_SIDA_VIH_FS_097-1.jpg","width":1920,"height":1280},{"@type":"BreadcrumbList","@id":"https:\/\/diarioprincipios.com\/index.php\/2021\/12\/01\/se-conmemoro-el-dia-mundial-de-la-accion-contra-el-sida\/#breadcrumb","itemListElement":[{"@type":"ListItem","position":1,"name":"Portada","item":"https:\/\/diarioprincipios.com\/"},{"@type":"ListItem","position":2,"name":"Se conmemor\u00f3 el D\u00eda Mundial de la Acci\u00f3n contra el SIDA"}]},{"@type":"WebSite","@id":"https:\/\/diarioprincipios.com\/#website","url":"https:\/\/diarioprincipios.com\/","name":"Principios","description":"Principios Diario","publisher":{"@id":"https:\/\/diarioprincipios.com\/#organization"},"potentialAction":[{"@type":"SearchAction","target":{"@type":"EntryPoint","urlTemplate":"https:\/\/diarioprincipios.com\/?s={search_term_string}"},"query-input":{"@type":"PropertyValueSpecification","valueRequired":true,"valueName":"search_term_string"}}],"inLanguage":"es"},{"@type":"Organization","@id":"https:\/\/diarioprincipios.com\/#organization","name":"Principios","url":"https:\/\/diarioprincipios.com\/","logo":{"@type":"ImageObject","inLanguage":"es","@id":"https:\/\/diarioprincipios.com\/#\/schema\/logo\/image\/","url":"https:\/\/diarioprincipios.com\/wp-content\/uploads\/2024\/04\/cropped-www.diarioprincipios.com_-1.png","contentUrl":"https:\/\/diarioprincipios.com\/wp-content\/uploads\/2024\/04\/cropped-www.diarioprincipios.com_-1.png","width":5325,"height":1454,"caption":"Principios"},"image":{"@id":"https:\/\/diarioprincipios.com\/#\/schema\/logo\/image\/"}},{"@type":"Person","@id":"https:\/\/diarioprincipios.com\/#\/schema\/person\/436d5a1fd41a5e250e23ff5a6a7cb080","name":"Hern\u00e1n L\u00f3pez","image":{"@type":"ImageObject","inLanguage":"es","@id":"https:\/\/diarioprincipios.com\/wp-content\/litespeed\/avatar\/11ddfe5610ff3bd100522525b2571f48.jpg?ver=1777653193","url":"https:\/\/diarioprincipios.com\/wp-content\/litespeed\/avatar\/11ddfe5610ff3bd100522525b2571f48.jpg?ver=1777653193","contentUrl":"https:\/\/diarioprincipios.com\/wp-content\/litespeed\/avatar\/11ddfe5610ff3bd100522525b2571f48.jpg?ver=1777653193","caption":"Hern\u00e1n L\u00f3pez"},"url":"https:\/\/diarioprincipios.com\/index.php\/author\/hernan\/"}]}},"jetpack_featured_media_url":"https:\/\/diarioprincipios.com\/wp-content\/uploads\/2021\/12\/20211201_Dia_Mundial_Accion_Contra_SIDA_VIH_FS_097-1.jpg","_links":{"self":[{"href":"https:\/\/diarioprincipios.com\/index.php\/wp-json\/wp\/v2\/posts\/12051","targetHints":{"allow":["GET"]}}],"collection":[{"href":"https:\/\/diarioprincipios.com\/index.php\/wp-json\/wp\/v2\/posts"}],"about":[{"href":"https:\/\/diarioprincipios.com\/index.php\/wp-json\/wp\/v2\/types\/post"}],"author":[{"embeddable":true,"href":"https:\/\/diarioprincipios.com\/index.php\/wp-json\/wp\/v2\/users\/2"}],"replies":[{"embeddable":true,"href":"https:\/\/diarioprincipios.com\/index.php\/wp-json\/wp\/v2\/comments?post=12051"}],"version-history":[{"count":1,"href":"https:\/\/diarioprincipios.com\/index.php\/wp-json\/wp\/v2\/posts\/12051\/revisions"}],"predecessor-version":[{"id":12057,"href":"https:\/\/diarioprincipios.com\/index.php\/wp-json\/wp\/v2\/posts\/12051\/revisions\/12057"}],"wp:featuredmedia":[{"embeddable":true,"href":"https:\/\/diarioprincipios.com\/index.php\/wp-json\/wp\/v2\/media\/12056"}],"wp:attachment":[{"href":"https:\/\/diarioprincipios.com\/index.php\/wp-json\/wp\/v2\/media?parent=12051"}],"wp:term":[{"taxonomy":"category","embeddable":true,"href":"https:\/\/diarioprincipios.com\/index.php\/wp-json\/wp\/v2\/categories?post=12051"},{"taxonomy":"post_tag","embeddable":true,"href":"https:\/\/diarioprincipios.com\/index.php\/wp-json\/wp\/v2\/tags?post=12051"}],"curies":[{"name":"wp","href":"https:\/\/api.w.org\/{rel}","templated":true}]}}