{"id":1203,"date":"2020-05-05T15:16:19","date_gmt":"2020-05-05T15:16:19","guid":{"rendered":"http:\/\/diarioprincipios.com\/?p=1203"},"modified":"2020-05-05T15:16:22","modified_gmt":"2020-05-05T15:16:22","slug":"la-produccion-textil-de-alimentos-y-el-reciclado-podra-reactivar-a-los-mas-vulnerables-dijo-arroyo","status":"publish","type":"post","link":"https:\/\/diarioprincipios.com\/index.php\/2020\/05\/05\/la-produccion-textil-de-alimentos-y-el-reciclado-podra-reactivar-a-los-mas-vulnerables-dijo-arroyo\/","title":{"rendered":"La producci\u00f3n textil, de alimentos y el reciclado podr\u00e1 reactivar a los m\u00e1s vulnerables, dijo Arroyo"},"content":{"rendered":"\n<p>El ministro de Desarrollo Social, Daniel Arroyo, dijo hoy que \u00ablas obras de peque\u00f1a escala, la producci\u00f3n de alimentos de primera instancia, el sector textil, la econom\u00eda del cuidado y el reciclado, podr\u00e1 reactivar la situaci\u00f3n de los sectores vulnerables\u00bb.<\/p>\n\n\n\n<p>\u00abEsos sectores se van a ir moviendo r\u00e1pidamente: se hizo un mapa en todo el pa\u00eds y se organiz\u00f3 capacitaci\u00f3n, oficios y un banco de materiales con m\u00e1quinas y herramientas para que las personas puedan trabajar\u00bb, cont\u00f3 el funcionario, en di\u00e1logo con la radio AM 750.<\/p>\n\n\n\n<p>Arroyo consider\u00f3 que esos cinco sectores, que algunas provincias ya liberaron y otras trabajan en protocolos, podr\u00e1n reactivar la situaci\u00f3n de los sectores vulnerables.<\/p>\n\n\n\n<p>\u00abLa situaci\u00f3n social es cr\u00edtica: antes de comenzar la pandemia, hab\u00eda 8 millones de personas que recib\u00edan ayuda alimentaria y ahora son 11 millones\u00bb, mencion\u00f3 el ministro, quien apunt\u00f3 que, \u00aben los barrios m\u00e1s pobres, se combinan el hacinamiento con la falta de infraestructura b\u00e1sica\u00bb.<\/p>\n\n\n\n<p>Adem\u00e1s, el funcionario explic\u00f3 que los gobiernos nacional y porte\u00f1o realizan un operativo sanitario en el Barrio 31 de Retiro centrado en \u00abtesteos y evaluaci\u00f3n\u00bb y cont\u00f3 que se dispondr\u00e1n \u00abgazebos en la puerta del barrio para asistir desde lo sanitario y con art\u00edculos de higiene\u00bb.<\/p>\n\n\n\n<p>Por otra parte, Arroyo apunt\u00f3 que \u00abse hace casa por casa un trabajo con voluntarios\u00bb para relevar casos como los de \u00abviolencia de g\u00e9nero, que est\u00e1n creciendo y es muy complicado\u00bb.<\/p>\n\n\n\n<p>Por \u00faltimo, el ministro agreg\u00f3 que se disponen centros de aislamiento en las iglesias y los clubes del barrio para los enfermos leves o quienes deban estar aislados.<\/p>\n","protected":false},"excerpt":{"rendered":"<p>El ministro de Desarrollo Social, Daniel Arroyo, dijo hoy que \u00ablas obras de peque\u00f1a escala, la producci\u00f3n de alimentos de primera instancia, el sector textil, la econom\u00eda del cuidado y el reciclado, podr\u00e1 reactivar la situaci\u00f3n de los sectores vulnerables\u00bb. \u00abEsos sectores se van a ir moviendo r\u00e1pidamente: se hizo un mapa en todo el&#8230;<\/p>\n","protected":false},"author":2,"featured_media":1204,"comment_status":"open","ping_status":"open","sticky":false,"template":"","format":"standard","meta":{"footnotes":""},"categories":[10],"tags":[],"class_list":["post-1203","post","type-post","status-publish","format-standard","has-post-thumbnail","hentry","category-nacion"],"featured_image_src":"https:\/\/diarioprincipios.com\/wp-content\/uploads\/2020\/05\/598e5046b04a6.jpeg","blog_images":{"medium":"https:\/\/diarioprincipios.com\/wp-content\/uploads\/2020\/05\/598e5046b04a6-300x225.jpeg","large":"https:\/\/diarioprincipios.com\/wp-content\/uploads\/2020\/05\/598e5046b04a6.jpeg"},"ams_acf":[],"yoast_head":"<!-- This site is optimized with the Yoast SEO plugin v27.3 - https:\/\/yoast.com\/product\/yoast-seo-wordpress\/ -->\n<title>La producci\u00f3n textil, de alimentos y el reciclado podr\u00e1 reactivar a los m\u00e1s vulnerables, dijo Arroyo - Principios<\/title>\n<meta name=\"robots\" content=\"index, follow, max-snippet:-1, max-image-preview:large, max-video-preview:-1\" \/>\n<link rel=\"canonical\" href=\"https:\/\/diarioprincipios.com\/index.php\/2020\/05\/05\/la-produccion-textil-de-alimentos-y-el-reciclado-podra-reactivar-a-los-mas-vulnerables-dijo-arroyo\/\" \/>\n<meta property=\"og:locale\" content=\"es_ES\" \/>\n<meta property=\"og:type\" content=\"article\" \/>\n<meta property=\"og:title\" content=\"La producci\u00f3n textil, de alimentos y el reciclado podr\u00e1 reactivar a los m\u00e1s vulnerables, dijo Arroyo - Principios\" \/>\n<meta property=\"og:description\" content=\"El ministro de Desarrollo Social, Daniel Arroyo, dijo hoy que \u00ablas obras de peque\u00f1a escala, la producci\u00f3n de alimentos de primera instancia, el sector textil, la econom\u00eda del cuidado y el reciclado, podr\u00e1 reactivar la situaci\u00f3n de los sectores vulnerables\u00bb. \u00abEsos sectores se van a ir moviendo r\u00e1pidamente: se hizo un mapa en todo el...\" \/>\n<meta property=\"og:url\" content=\"https:\/\/diarioprincipios.com\/index.php\/2020\/05\/05\/la-produccion-textil-de-alimentos-y-el-reciclado-podra-reactivar-a-los-mas-vulnerables-dijo-arroyo\/\" \/>\n<meta property=\"og:site_name\" content=\"Principios\" \/>\n<meta property=\"article:published_time\" content=\"2020-05-05T15:16:19+00:00\" \/>\n<meta property=\"article:modified_time\" content=\"2020-05-05T15:16:22+00:00\" \/>\n<meta property=\"og:image\" content=\"https:\/\/diarioprincipios.com\/wp-content\/uploads\/2020\/05\/598e5046b04a6.jpeg\" \/>\n\t<meta property=\"og:image:width\" content=\"700\" \/>\n\t<meta property=\"og:image:height\" content=\"526\" \/>\n\t<meta property=\"og:image:type\" content=\"image\/jpeg\" \/>\n<meta name=\"author\" content=\"Hern\u00e1n L\u00f3pez\" \/>\n<meta name=\"twitter:card\" content=\"summary_large_image\" \/>\n<meta name=\"twitter:label1\" content=\"Escrito por\" \/>\n\t<meta name=\"twitter:data1\" content=\"Hern\u00e1n L\u00f3pez\" \/>\n\t<meta name=\"twitter:label2\" content=\"Tiempo de lectura\" \/>\n\t<meta name=\"twitter:data2\" content=\"1 minuto\" \/>\n<script type=\"application\/ld+json\" class=\"yoast-schema-graph\">{\"@context\":\"https:\\\/\\\/schema.org\",\"@graph\":[{\"@type\":\"Article\",\"@id\":\"https:\\\/\\\/diarioprincipios.com\\\/index.php\\\/2020\\\/05\\\/05\\\/la-produccion-textil-de-alimentos-y-el-reciclado-podra-reactivar-a-los-mas-vulnerables-dijo-arroyo\\\/#article\",\"isPartOf\":{\"@id\":\"https:\\\/\\\/diarioprincipios.com\\\/index.php\\\/2020\\\/05\\\/05\\\/la-produccion-textil-de-alimentos-y-el-reciclado-podra-reactivar-a-los-mas-vulnerables-dijo-arroyo\\\/\"},\"author\":{\"name\":\"Hern\u00e1n L\u00f3pez\",\"@id\":\"https:\\\/\\\/diarioprincipios.com\\\/#\\\/schema\\\/person\\\/436d5a1fd41a5e250e23ff5a6a7cb080\"},\"headline\":\"La producci\u00f3n textil, de alimentos y el reciclado podr\u00e1 reactivar a los m\u00e1s vulnerables, dijo Arroyo\",\"datePublished\":\"2020-05-05T15:16:19+00:00\",\"dateModified\":\"2020-05-05T15:16:22+00:00\",\"mainEntityOfPage\":{\"@id\":\"https:\\\/\\\/diarioprincipios.com\\\/index.php\\\/2020\\\/05\\\/05\\\/la-produccion-textil-de-alimentos-y-el-reciclado-podra-reactivar-a-los-mas-vulnerables-dijo-arroyo\\\/\"},\"wordCount\":298,\"commentCount\":0,\"publisher\":{\"@id\":\"https:\\\/\\\/diarioprincipios.com\\\/#organization\"},\"image\":{\"@id\":\"https:\\\/\\\/diarioprincipios.com\\\/index.php\\\/2020\\\/05\\\/05\\\/la-produccion-textil-de-alimentos-y-el-reciclado-podra-reactivar-a-los-mas-vulnerables-dijo-arroyo\\\/#primaryimage\"},\"thumbnailUrl\":\"https:\\\/\\\/diarioprincipios.com\\\/wp-content\\\/uploads\\\/2020\\\/05\\\/598e5046b04a6.jpeg\",\"articleSection\":[\"Naci\u00f3n\"],\"inLanguage\":\"es\",\"potentialAction\":[{\"@type\":\"CommentAction\",\"name\":\"Comment\",\"target\":[\"https:\\\/\\\/diarioprincipios.com\\\/index.php\\\/2020\\\/05\\\/05\\\/la-produccion-textil-de-alimentos-y-el-reciclado-podra-reactivar-a-los-mas-vulnerables-dijo-arroyo\\\/#respond\"]}]},{\"@type\":\"WebPage\",\"@id\":\"https:\\\/\\\/diarioprincipios.com\\\/index.php\\\/2020\\\/05\\\/05\\\/la-produccion-textil-de-alimentos-y-el-reciclado-podra-reactivar-a-los-mas-vulnerables-dijo-arroyo\\\/\",\"url\":\"https:\\\/\\\/diarioprincipios.com\\\/index.php\\\/2020\\\/05\\\/05\\\/la-produccion-textil-de-alimentos-y-el-reciclado-podra-reactivar-a-los-mas-vulnerables-dijo-arroyo\\\/\",\"name\":\"La producci\u00f3n textil, de alimentos y el reciclado podr\u00e1 reactivar a los m\u00e1s vulnerables, dijo Arroyo - Principios\",\"isPartOf\":{\"@id\":\"https:\\\/\\\/diarioprincipios.com\\\/#website\"},\"primaryImageOfPage\":{\"@id\":\"https:\\\/\\\/diarioprincipios.com\\\/index.php\\\/2020\\\/05\\\/05\\\/la-produccion-textil-de-alimentos-y-el-reciclado-podra-reactivar-a-los-mas-vulnerables-dijo-arroyo\\\/#primaryimage\"},\"image\":{\"@id\":\"https:\\\/\\\/diarioprincipios.com\\\/index.php\\\/2020\\\/05\\\/05\\\/la-produccion-textil-de-alimentos-y-el-reciclado-podra-reactivar-a-los-mas-vulnerables-dijo-arroyo\\\/#primaryimage\"},\"thumbnailUrl\":\"https:\\\/\\\/diarioprincipios.com\\\/wp-content\\\/uploads\\\/2020\\\/05\\\/598e5046b04a6.jpeg\",\"datePublished\":\"2020-05-05T15:16:19+00:00\",\"dateModified\":\"2020-05-05T15:16:22+00:00\",\"breadcrumb\":{\"@id\":\"https:\\\/\\\/diarioprincipios.com\\\/index.php\\\/2020\\\/05\\\/05\\\/la-produccion-textil-de-alimentos-y-el-reciclado-podra-reactivar-a-los-mas-vulnerables-dijo-arroyo\\\/#breadcrumb\"},\"inLanguage\":\"es\",\"potentialAction\":[{\"@type\":\"ReadAction\",\"target\":[\"https:\\\/\\\/diarioprincipios.com\\\/index.php\\\/2020\\\/05\\\/05\\\/la-produccion-textil-de-alimentos-y-el-reciclado-podra-reactivar-a-los-mas-vulnerables-dijo-arroyo\\\/\"]}]},{\"@type\":\"ImageObject\",\"inLanguage\":\"es\",\"@id\":\"https:\\\/\\\/diarioprincipios.com\\\/index.php\\\/2020\\\/05\\\/05\\\/la-produccion-textil-de-alimentos-y-el-reciclado-podra-reactivar-a-los-mas-vulnerables-dijo-arroyo\\\/#primaryimage\",\"url\":\"https:\\\/\\\/diarioprincipios.com\\\/wp-content\\\/uploads\\\/2020\\\/05\\\/598e5046b04a6.jpeg\",\"contentUrl\":\"https:\\\/\\\/diarioprincipios.com\\\/wp-content\\\/uploads\\\/2020\\\/05\\\/598e5046b04a6.jpeg\",\"width\":700,\"height\":526},{\"@type\":\"BreadcrumbList\",\"@id\":\"https:\\\/\\\/diarioprincipios.com\\\/index.php\\\/2020\\\/05\\\/05\\\/la-produccion-textil-de-alimentos-y-el-reciclado-podra-reactivar-a-los-mas-vulnerables-dijo-arroyo\\\/#breadcrumb\",\"itemListElement\":[{\"@type\":\"ListItem\",\"position\":1,\"name\":\"Portada\",\"item\":\"https:\\\/\\\/diarioprincipios.com\\\/\"},{\"@type\":\"ListItem\",\"position\":2,\"name\":\"La producci\u00f3n textil, de alimentos y el reciclado podr\u00e1 reactivar a los m\u00e1s vulnerables, dijo Arroyo\"}]},{\"@type\":\"WebSite\",\"@id\":\"https:\\\/\\\/diarioprincipios.com\\\/#website\",\"url\":\"https:\\\/\\\/diarioprincipios.com\\\/\",\"name\":\"Principios\",\"description\":\"Principios Diario\",\"publisher\":{\"@id\":\"https:\\\/\\\/diarioprincipios.com\\\/#organization\"},\"potentialAction\":[{\"@type\":\"SearchAction\",\"target\":{\"@type\":\"EntryPoint\",\"urlTemplate\":\"https:\\\/\\\/diarioprincipios.com\\\/?s={search_term_string}\"},\"query-input\":{\"@type\":\"PropertyValueSpecification\",\"valueRequired\":true,\"valueName\":\"search_term_string\"}}],\"inLanguage\":\"es\"},{\"@type\":\"Organization\",\"@id\":\"https:\\\/\\\/diarioprincipios.com\\\/#organization\",\"name\":\"Principios\",\"url\":\"https:\\\/\\\/diarioprincipios.com\\\/\",\"logo\":{\"@type\":\"ImageObject\",\"inLanguage\":\"es\",\"@id\":\"https:\\\/\\\/diarioprincipios.com\\\/#\\\/schema\\\/logo\\\/image\\\/\",\"url\":\"https:\\\/\\\/diarioprincipios.com\\\/wp-content\\\/uploads\\\/2024\\\/04\\\/cropped-www.diarioprincipios.com_-1.png\",\"contentUrl\":\"https:\\\/\\\/diarioprincipios.com\\\/wp-content\\\/uploads\\\/2024\\\/04\\\/cropped-www.diarioprincipios.com_-1.png\",\"width\":5325,\"height\":1454,\"caption\":\"Principios\"},\"image\":{\"@id\":\"https:\\\/\\\/diarioprincipios.com\\\/#\\\/schema\\\/logo\\\/image\\\/\"}},{\"@type\":\"Person\",\"@id\":\"https:\\\/\\\/diarioprincipios.com\\\/#\\\/schema\\\/person\\\/436d5a1fd41a5e250e23ff5a6a7cb080\",\"name\":\"Hern\u00e1n L\u00f3pez\",\"image\":{\"@type\":\"ImageObject\",\"inLanguage\":\"es\",\"@id\":\"https:\\\/\\\/diarioprincipios.com\\\/wp-content\\\/litespeed\\\/avatar\\\/11ddfe5610ff3bd100522525b2571f48.jpg?ver=1777653193\",\"url\":\"https:\\\/\\\/diarioprincipios.com\\\/wp-content\\\/litespeed\\\/avatar\\\/11ddfe5610ff3bd100522525b2571f48.jpg?ver=1777653193\",\"contentUrl\":\"https:\\\/\\\/diarioprincipios.com\\\/wp-content\\\/litespeed\\\/avatar\\\/11ddfe5610ff3bd100522525b2571f48.jpg?ver=1777653193\",\"caption\":\"Hern\u00e1n L\u00f3pez\"},\"url\":\"https:\\\/\\\/diarioprincipios.com\\\/index.php\\\/author\\\/hernan\\\/\"}]}<\/script>\n<!-- \/ Yoast SEO plugin. -->","yoast_head_json":{"title":"La producci\u00f3n textil, de alimentos y el reciclado podr\u00e1 reactivar a los m\u00e1s vulnerables, dijo Arroyo - Principios","robots":{"index":"index","follow":"follow","max-snippet":"max-snippet:-1","max-image-preview":"max-image-preview:large","max-video-preview":"max-video-preview:-1"},"canonical":"https:\/\/diarioprincipios.com\/index.php\/2020\/05\/05\/la-produccion-textil-de-alimentos-y-el-reciclado-podra-reactivar-a-los-mas-vulnerables-dijo-arroyo\/","og_locale":"es_ES","og_type":"article","og_title":"La producci\u00f3n textil, de alimentos y el reciclado podr\u00e1 reactivar a los m\u00e1s vulnerables, dijo Arroyo - Principios","og_description":"El ministro de Desarrollo Social, Daniel Arroyo, dijo hoy que \u00ablas obras de peque\u00f1a escala, la producci\u00f3n de alimentos de primera instancia, el sector textil, la econom\u00eda del cuidado y el reciclado, podr\u00e1 reactivar la situaci\u00f3n de los sectores vulnerables\u00bb. \u00abEsos sectores se van a ir moviendo r\u00e1pidamente: se hizo un mapa en todo el...","og_url":"https:\/\/diarioprincipios.com\/index.php\/2020\/05\/05\/la-produccion-textil-de-alimentos-y-el-reciclado-podra-reactivar-a-los-mas-vulnerables-dijo-arroyo\/","og_site_name":"Principios","article_published_time":"2020-05-05T15:16:19+00:00","article_modified_time":"2020-05-05T15:16:22+00:00","og_image":[{"width":700,"height":526,"url":"https:\/\/diarioprincipios.com\/wp-content\/uploads\/2020\/05\/598e5046b04a6.jpeg","type":"image\/jpeg"}],"author":"Hern\u00e1n L\u00f3pez","twitter_card":"summary_large_image","twitter_misc":{"Escrito por":"Hern\u00e1n L\u00f3pez","Tiempo de lectura":"1 minuto"},"schema":{"@context":"https:\/\/schema.org","@graph":[{"@type":"Article","@id":"https:\/\/diarioprincipios.com\/index.php\/2020\/05\/05\/la-produccion-textil-de-alimentos-y-el-reciclado-podra-reactivar-a-los-mas-vulnerables-dijo-arroyo\/#article","isPartOf":{"@id":"https:\/\/diarioprincipios.com\/index.php\/2020\/05\/05\/la-produccion-textil-de-alimentos-y-el-reciclado-podra-reactivar-a-los-mas-vulnerables-dijo-arroyo\/"},"author":{"name":"Hern\u00e1n L\u00f3pez","@id":"https:\/\/diarioprincipios.com\/#\/schema\/person\/436d5a1fd41a5e250e23ff5a6a7cb080"},"headline":"La producci\u00f3n textil, de alimentos y el reciclado podr\u00e1 reactivar a los m\u00e1s vulnerables, dijo Arroyo","datePublished":"2020-05-05T15:16:19+00:00","dateModified":"2020-05-05T15:16:22+00:00","mainEntityOfPage":{"@id":"https:\/\/diarioprincipios.com\/index.php\/2020\/05\/05\/la-produccion-textil-de-alimentos-y-el-reciclado-podra-reactivar-a-los-mas-vulnerables-dijo-arroyo\/"},"wordCount":298,"commentCount":0,"publisher":{"@id":"https:\/\/diarioprincipios.com\/#organization"},"image":{"@id":"https:\/\/diarioprincipios.com\/index.php\/2020\/05\/05\/la-produccion-textil-de-alimentos-y-el-reciclado-podra-reactivar-a-los-mas-vulnerables-dijo-arroyo\/#primaryimage"},"thumbnailUrl":"https:\/\/diarioprincipios.com\/wp-content\/uploads\/2020\/05\/598e5046b04a6.jpeg","articleSection":["Naci\u00f3n"],"inLanguage":"es","potentialAction":[{"@type":"CommentAction","name":"Comment","target":["https:\/\/diarioprincipios.com\/index.php\/2020\/05\/05\/la-produccion-textil-de-alimentos-y-el-reciclado-podra-reactivar-a-los-mas-vulnerables-dijo-arroyo\/#respond"]}]},{"@type":"WebPage","@id":"https:\/\/diarioprincipios.com\/index.php\/2020\/05\/05\/la-produccion-textil-de-alimentos-y-el-reciclado-podra-reactivar-a-los-mas-vulnerables-dijo-arroyo\/","url":"https:\/\/diarioprincipios.com\/index.php\/2020\/05\/05\/la-produccion-textil-de-alimentos-y-el-reciclado-podra-reactivar-a-los-mas-vulnerables-dijo-arroyo\/","name":"La producci\u00f3n textil, de alimentos y el reciclado podr\u00e1 reactivar a los m\u00e1s vulnerables, dijo Arroyo - Principios","isPartOf":{"@id":"https:\/\/diarioprincipios.com\/#website"},"primaryImageOfPage":{"@id":"https:\/\/diarioprincipios.com\/index.php\/2020\/05\/05\/la-produccion-textil-de-alimentos-y-el-reciclado-podra-reactivar-a-los-mas-vulnerables-dijo-arroyo\/#primaryimage"},"image":{"@id":"https:\/\/diarioprincipios.com\/index.php\/2020\/05\/05\/la-produccion-textil-de-alimentos-y-el-reciclado-podra-reactivar-a-los-mas-vulnerables-dijo-arroyo\/#primaryimage"},"thumbnailUrl":"https:\/\/diarioprincipios.com\/wp-content\/uploads\/2020\/05\/598e5046b04a6.jpeg","datePublished":"2020-05-05T15:16:19+00:00","dateModified":"2020-05-05T15:16:22+00:00","breadcrumb":{"@id":"https:\/\/diarioprincipios.com\/index.php\/2020\/05\/05\/la-produccion-textil-de-alimentos-y-el-reciclado-podra-reactivar-a-los-mas-vulnerables-dijo-arroyo\/#breadcrumb"},"inLanguage":"es","potentialAction":[{"@type":"ReadAction","target":["https:\/\/diarioprincipios.com\/index.php\/2020\/05\/05\/la-produccion-textil-de-alimentos-y-el-reciclado-podra-reactivar-a-los-mas-vulnerables-dijo-arroyo\/"]}]},{"@type":"ImageObject","inLanguage":"es","@id":"https:\/\/diarioprincipios.com\/index.php\/2020\/05\/05\/la-produccion-textil-de-alimentos-y-el-reciclado-podra-reactivar-a-los-mas-vulnerables-dijo-arroyo\/#primaryimage","url":"https:\/\/diarioprincipios.com\/wp-content\/uploads\/2020\/05\/598e5046b04a6.jpeg","contentUrl":"https:\/\/diarioprincipios.com\/wp-content\/uploads\/2020\/05\/598e5046b04a6.jpeg","width":700,"height":526},{"@type":"BreadcrumbList","@id":"https:\/\/diarioprincipios.com\/index.php\/2020\/05\/05\/la-produccion-textil-de-alimentos-y-el-reciclado-podra-reactivar-a-los-mas-vulnerables-dijo-arroyo\/#breadcrumb","itemListElement":[{"@type":"ListItem","position":1,"name":"Portada","item":"https:\/\/diarioprincipios.com\/"},{"@type":"ListItem","position":2,"name":"La producci\u00f3n textil, de alimentos y el reciclado podr\u00e1 reactivar a los m\u00e1s vulnerables, dijo Arroyo"}]},{"@type":"WebSite","@id":"https:\/\/diarioprincipios.com\/#website","url":"https:\/\/diarioprincipios.com\/","name":"Principios","description":"Principios Diario","publisher":{"@id":"https:\/\/diarioprincipios.com\/#organization"},"potentialAction":[{"@type":"SearchAction","target":{"@type":"EntryPoint","urlTemplate":"https:\/\/diarioprincipios.com\/?s={search_term_string}"},"query-input":{"@type":"PropertyValueSpecification","valueRequired":true,"valueName":"search_term_string"}}],"inLanguage":"es"},{"@type":"Organization","@id":"https:\/\/diarioprincipios.com\/#organization","name":"Principios","url":"https:\/\/diarioprincipios.com\/","logo":{"@type":"ImageObject","inLanguage":"es","@id":"https:\/\/diarioprincipios.com\/#\/schema\/logo\/image\/","url":"https:\/\/diarioprincipios.com\/wp-content\/uploads\/2024\/04\/cropped-www.diarioprincipios.com_-1.png","contentUrl":"https:\/\/diarioprincipios.com\/wp-content\/uploads\/2024\/04\/cropped-www.diarioprincipios.com_-1.png","width":5325,"height":1454,"caption":"Principios"},"image":{"@id":"https:\/\/diarioprincipios.com\/#\/schema\/logo\/image\/"}},{"@type":"Person","@id":"https:\/\/diarioprincipios.com\/#\/schema\/person\/436d5a1fd41a5e250e23ff5a6a7cb080","name":"Hern\u00e1n L\u00f3pez","image":{"@type":"ImageObject","inLanguage":"es","@id":"https:\/\/diarioprincipios.com\/wp-content\/litespeed\/avatar\/11ddfe5610ff3bd100522525b2571f48.jpg?ver=1777653193","url":"https:\/\/diarioprincipios.com\/wp-content\/litespeed\/avatar\/11ddfe5610ff3bd100522525b2571f48.jpg?ver=1777653193","contentUrl":"https:\/\/diarioprincipios.com\/wp-content\/litespeed\/avatar\/11ddfe5610ff3bd100522525b2571f48.jpg?ver=1777653193","caption":"Hern\u00e1n L\u00f3pez"},"url":"https:\/\/diarioprincipios.com\/index.php\/author\/hernan\/"}]}},"jetpack_featured_media_url":"https:\/\/diarioprincipios.com\/wp-content\/uploads\/2020\/05\/598e5046b04a6.jpeg","_links":{"self":[{"href":"https:\/\/diarioprincipios.com\/index.php\/wp-json\/wp\/v2\/posts\/1203","targetHints":{"allow":["GET"]}}],"collection":[{"href":"https:\/\/diarioprincipios.com\/index.php\/wp-json\/wp\/v2\/posts"}],"about":[{"href":"https:\/\/diarioprincipios.com\/index.php\/wp-json\/wp\/v2\/types\/post"}],"author":[{"embeddable":true,"href":"https:\/\/diarioprincipios.com\/index.php\/wp-json\/wp\/v2\/users\/2"}],"replies":[{"embeddable":true,"href":"https:\/\/diarioprincipios.com\/index.php\/wp-json\/wp\/v2\/comments?post=1203"}],"version-history":[{"count":1,"href":"https:\/\/diarioprincipios.com\/index.php\/wp-json\/wp\/v2\/posts\/1203\/revisions"}],"predecessor-version":[{"id":1205,"href":"https:\/\/diarioprincipios.com\/index.php\/wp-json\/wp\/v2\/posts\/1203\/revisions\/1205"}],"wp:featuredmedia":[{"embeddable":true,"href":"https:\/\/diarioprincipios.com\/index.php\/wp-json\/wp\/v2\/media\/1204"}],"wp:attachment":[{"href":"https:\/\/diarioprincipios.com\/index.php\/wp-json\/wp\/v2\/media?parent=1203"}],"wp:term":[{"taxonomy":"category","embeddable":true,"href":"https:\/\/diarioprincipios.com\/index.php\/wp-json\/wp\/v2\/categories?post=1203"},{"taxonomy":"post_tag","embeddable":true,"href":"https:\/\/diarioprincipios.com\/index.php\/wp-json\/wp\/v2\/tags?post=1203"}],"curies":[{"name":"wp","href":"https:\/\/api.w.org\/{rel}","templated":true}]}}