{"id":1189,"date":"2020-05-04T23:44:36","date_gmt":"2020-05-04T23:44:36","guid":{"rendered":"http:\/\/diarioprincipios.com\/?p=1189"},"modified":"2020-05-04T23:44:38","modified_gmt":"2020-05-04T23:44:38","slug":"se-registraron-dos-nuevos-casos-en-berazategui-que-ahora-tiene-30-infectados-de-covid-19","status":"publish","type":"post","link":"https:\/\/diarioprincipios.com\/index.php\/2020\/05\/04\/se-registraron-dos-nuevos-casos-en-berazategui-que-ahora-tiene-30-infectados-de-covid-19\/","title":{"rendered":"Se registraron dos nuevos casos en Berazategui, que ahora tiene 30 infectados de Covid 19"},"content":{"rendered":"\n<p>El Intendente de Berazategui, doctor Juan Jos\u00e9 Mussi confirm\u00f3 hace instantes en sus redes que \u00abEn el d\u00eda de hoy se registraron dos nuevos casos positivos de #Coronavirus en #Berazategui\u00bb.<\/p>\n\n\n\n<p>Detall\u00f8 que \u00abUno es una joven de 19 a\u00f1os, que seg\u00fan los estudios preliminares el contagio ser\u00eda por contacto estrecho con uno de los casos positivos proveniente del frigor\u00edfico Federal de Quilmes. Y el otro caso, es de una vecina de 26 a\u00f1os, quien a\u00fan se investiga la forma de contagio.<br>Ambas est\u00e1n internadas en el Hospital Evita Pueblo de Berazategui\u00bb.<br>De esta forma Mussi se\u00f1al\u00f3 que \u00abEn total, al momento, se registran 30 casos de #Covid19 en nuestra Ciudad\u00bb.<br>Finalmente reiter\u00f3 su pedido: \u00abPor favor qu\u00e9dense en casa y en caso de salir por un motivo esencial usen tapaboca, es la mejor forma de prevenir la propagaci\u00f3n del virus. #QuedateEnTuCasa #QuedateEnCasa #CuidarteEsCuidarnos\u00bb.<\/p>\n","protected":false},"excerpt":{"rendered":"<p>El Intendente de Berazategui, doctor Juan Jos\u00e9 Mussi confirm\u00f3 hace instantes en sus redes que \u00abEn el d\u00eda de hoy se registraron dos nuevos casos positivos de #Coronavirus en #Berazategui\u00bb. Detall\u00f8 que \u00abUno es una joven de 19 a\u00f1os, que seg\u00fan los estudios preliminares el contagio ser\u00eda por contacto estrecho con uno de los casos&#8230;<\/p>\n","protected":false},"author":2,"featured_media":602,"comment_status":"open","ping_status":"open","sticky":false,"template":"","format":"standard","meta":{"footnotes":""},"categories":[3],"tags":[],"class_list":["post-1189","post","type-post","status-publish","format-standard","has-post-thumbnail","hentry","category-berazategui"],"featured_image_src":"https:\/\/diarioprincipios.com\/wp-content\/uploads\/2020\/04\/una-vacuna-para-el-nuevo-coronavirus-de-china-esta-en-proceso.jpg","blog_images":{"medium":"https:\/\/diarioprincipios.com\/wp-content\/uploads\/2020\/04\/una-vacuna-para-el-nuevo-coronavirus-de-china-esta-en-proceso-300x225.jpg","large":"https:\/\/diarioprincipios.com\/wp-content\/uploads\/2020\/04\/una-vacuna-para-el-nuevo-coronavirus-de-china-esta-en-proceso.jpg"},"ams_acf":[],"yoast_head":"<!-- This site is optimized with the Yoast SEO plugin v27.3 - https:\/\/yoast.com\/product\/yoast-seo-wordpress\/ -->\n<title>Se registraron dos nuevos casos en Berazategui, que ahora tiene 30 infectados de Covid 19 - Principios<\/title>\n<meta name=\"robots\" content=\"index, follow, max-snippet:-1, max-image-preview:large, max-video-preview:-1\" \/>\n<link rel=\"canonical\" href=\"https:\/\/diarioprincipios.com\/index.php\/2020\/05\/04\/se-registraron-dos-nuevos-casos-en-berazategui-que-ahora-tiene-30-infectados-de-covid-19\/\" \/>\n<meta property=\"og:locale\" content=\"es_ES\" \/>\n<meta property=\"og:type\" content=\"article\" \/>\n<meta property=\"og:title\" content=\"Se registraron dos nuevos casos en Berazategui, que ahora tiene 30 infectados de Covid 19 - Principios\" \/>\n<meta property=\"og:description\" content=\"El Intendente de Berazategui, doctor Juan Jos\u00e9 Mussi confirm\u00f3 hace instantes en sus redes que \u00abEn el d\u00eda de hoy se registraron dos nuevos casos positivos de #Coronavirus en #Berazategui\u00bb. Detall\u00f8 que \u00abUno es una joven de 19 a\u00f1os, que seg\u00fan los estudios preliminares el contagio ser\u00eda por contacto estrecho con uno de los casos...\" \/>\n<meta property=\"og:url\" content=\"https:\/\/diarioprincipios.com\/index.php\/2020\/05\/04\/se-registraron-dos-nuevos-casos-en-berazategui-que-ahora-tiene-30-infectados-de-covid-19\/\" \/>\n<meta property=\"og:site_name\" content=\"Principios\" \/>\n<meta property=\"article:published_time\" content=\"2020-05-04T23:44:36+00:00\" \/>\n<meta property=\"article:modified_time\" content=\"2020-05-04T23:44:38+00:00\" \/>\n<meta property=\"og:image\" content=\"https:\/\/diarioprincipios.com\/wp-content\/uploads\/2020\/04\/una-vacuna-para-el-nuevo-coronavirus-de-china-esta-en-proceso.jpg\" \/>\n\t<meta property=\"og:image:width\" content=\"822\" \/>\n\t<meta property=\"og:image:height\" content=\"617\" \/>\n\t<meta property=\"og:image:type\" content=\"image\/jpeg\" \/>\n<meta name=\"author\" content=\"Hern\u00e1n L\u00f3pez\" \/>\n<meta name=\"twitter:card\" content=\"summary_large_image\" \/>\n<meta name=\"twitter:label1\" content=\"Escrito por\" \/>\n\t<meta name=\"twitter:data1\" content=\"Hern\u00e1n L\u00f3pez\" \/>\n\t<meta name=\"twitter:label2\" content=\"Tiempo de lectura\" \/>\n\t<meta name=\"twitter:data2\" content=\"1 minuto\" \/>\n<script type=\"application\/ld+json\" class=\"yoast-schema-graph\">{\"@context\":\"https:\\\/\\\/schema.org\",\"@graph\":[{\"@type\":\"Article\",\"@id\":\"https:\\\/\\\/diarioprincipios.com\\\/index.php\\\/2020\\\/05\\\/04\\\/se-registraron-dos-nuevos-casos-en-berazategui-que-ahora-tiene-30-infectados-de-covid-19\\\/#article\",\"isPartOf\":{\"@id\":\"https:\\\/\\\/diarioprincipios.com\\\/index.php\\\/2020\\\/05\\\/04\\\/se-registraron-dos-nuevos-casos-en-berazategui-que-ahora-tiene-30-infectados-de-covid-19\\\/\"},\"author\":{\"name\":\"Hern\u00e1n L\u00f3pez\",\"@id\":\"https:\\\/\\\/diarioprincipios.com\\\/#\\\/schema\\\/person\\\/436d5a1fd41a5e250e23ff5a6a7cb080\"},\"headline\":\"Se registraron dos nuevos casos en Berazategui, que ahora tiene 30 infectados de Covid 19\",\"datePublished\":\"2020-05-04T23:44:36+00:00\",\"dateModified\":\"2020-05-04T23:44:38+00:00\",\"mainEntityOfPage\":{\"@id\":\"https:\\\/\\\/diarioprincipios.com\\\/index.php\\\/2020\\\/05\\\/04\\\/se-registraron-dos-nuevos-casos-en-berazategui-que-ahora-tiene-30-infectados-de-covid-19\\\/\"},\"wordCount\":164,\"commentCount\":0,\"publisher\":{\"@id\":\"https:\\\/\\\/diarioprincipios.com\\\/#organization\"},\"image\":{\"@id\":\"https:\\\/\\\/diarioprincipios.com\\\/index.php\\\/2020\\\/05\\\/04\\\/se-registraron-dos-nuevos-casos-en-berazategui-que-ahora-tiene-30-infectados-de-covid-19\\\/#primaryimage\"},\"thumbnailUrl\":\"https:\\\/\\\/diarioprincipios.com\\\/wp-content\\\/uploads\\\/2020\\\/04\\\/una-vacuna-para-el-nuevo-coronavirus-de-china-esta-en-proceso.jpg\",\"articleSection\":[\"Berazategui\"],\"inLanguage\":\"es\",\"potentialAction\":[{\"@type\":\"CommentAction\",\"name\":\"Comment\",\"target\":[\"https:\\\/\\\/diarioprincipios.com\\\/index.php\\\/2020\\\/05\\\/04\\\/se-registraron-dos-nuevos-casos-en-berazategui-que-ahora-tiene-30-infectados-de-covid-19\\\/#respond\"]}]},{\"@type\":\"WebPage\",\"@id\":\"https:\\\/\\\/diarioprincipios.com\\\/index.php\\\/2020\\\/05\\\/04\\\/se-registraron-dos-nuevos-casos-en-berazategui-que-ahora-tiene-30-infectados-de-covid-19\\\/\",\"url\":\"https:\\\/\\\/diarioprincipios.com\\\/index.php\\\/2020\\\/05\\\/04\\\/se-registraron-dos-nuevos-casos-en-berazategui-que-ahora-tiene-30-infectados-de-covid-19\\\/\",\"name\":\"Se registraron dos nuevos casos en Berazategui, que ahora tiene 30 infectados de Covid 19 - Principios\",\"isPartOf\":{\"@id\":\"https:\\\/\\\/diarioprincipios.com\\\/#website\"},\"primaryImageOfPage\":{\"@id\":\"https:\\\/\\\/diarioprincipios.com\\\/index.php\\\/2020\\\/05\\\/04\\\/se-registraron-dos-nuevos-casos-en-berazategui-que-ahora-tiene-30-infectados-de-covid-19\\\/#primaryimage\"},\"image\":{\"@id\":\"https:\\\/\\\/diarioprincipios.com\\\/index.php\\\/2020\\\/05\\\/04\\\/se-registraron-dos-nuevos-casos-en-berazategui-que-ahora-tiene-30-infectados-de-covid-19\\\/#primaryimage\"},\"thumbnailUrl\":\"https:\\\/\\\/diarioprincipios.com\\\/wp-content\\\/uploads\\\/2020\\\/04\\\/una-vacuna-para-el-nuevo-coronavirus-de-china-esta-en-proceso.jpg\",\"datePublished\":\"2020-05-04T23:44:36+00:00\",\"dateModified\":\"2020-05-04T23:44:38+00:00\",\"breadcrumb\":{\"@id\":\"https:\\\/\\\/diarioprincipios.com\\\/index.php\\\/2020\\\/05\\\/04\\\/se-registraron-dos-nuevos-casos-en-berazategui-que-ahora-tiene-30-infectados-de-covid-19\\\/#breadcrumb\"},\"inLanguage\":\"es\",\"potentialAction\":[{\"@type\":\"ReadAction\",\"target\":[\"https:\\\/\\\/diarioprincipios.com\\\/index.php\\\/2020\\\/05\\\/04\\\/se-registraron-dos-nuevos-casos-en-berazategui-que-ahora-tiene-30-infectados-de-covid-19\\\/\"]}]},{\"@type\":\"ImageObject\",\"inLanguage\":\"es\",\"@id\":\"https:\\\/\\\/diarioprincipios.com\\\/index.php\\\/2020\\\/05\\\/04\\\/se-registraron-dos-nuevos-casos-en-berazategui-que-ahora-tiene-30-infectados-de-covid-19\\\/#primaryimage\",\"url\":\"https:\\\/\\\/diarioprincipios.com\\\/wp-content\\\/uploads\\\/2020\\\/04\\\/una-vacuna-para-el-nuevo-coronavirus-de-china-esta-en-proceso.jpg\",\"contentUrl\":\"https:\\\/\\\/diarioprincipios.com\\\/wp-content\\\/uploads\\\/2020\\\/04\\\/una-vacuna-para-el-nuevo-coronavirus-de-china-esta-en-proceso.jpg\",\"width\":822,\"height\":617},{\"@type\":\"BreadcrumbList\",\"@id\":\"https:\\\/\\\/diarioprincipios.com\\\/index.php\\\/2020\\\/05\\\/04\\\/se-registraron-dos-nuevos-casos-en-berazategui-que-ahora-tiene-30-infectados-de-covid-19\\\/#breadcrumb\",\"itemListElement\":[{\"@type\":\"ListItem\",\"position\":1,\"name\":\"Portada\",\"item\":\"https:\\\/\\\/diarioprincipios.com\\\/\"},{\"@type\":\"ListItem\",\"position\":2,\"name\":\"Se registraron dos nuevos casos en Berazategui, que ahora tiene 30 infectados de Covid 19\"}]},{\"@type\":\"WebSite\",\"@id\":\"https:\\\/\\\/diarioprincipios.com\\\/#website\",\"url\":\"https:\\\/\\\/diarioprincipios.com\\\/\",\"name\":\"Principios\",\"description\":\"Principios Diario\",\"publisher\":{\"@id\":\"https:\\\/\\\/diarioprincipios.com\\\/#organization\"},\"potentialAction\":[{\"@type\":\"SearchAction\",\"target\":{\"@type\":\"EntryPoint\",\"urlTemplate\":\"https:\\\/\\\/diarioprincipios.com\\\/?s={search_term_string}\"},\"query-input\":{\"@type\":\"PropertyValueSpecification\",\"valueRequired\":true,\"valueName\":\"search_term_string\"}}],\"inLanguage\":\"es\"},{\"@type\":\"Organization\",\"@id\":\"https:\\\/\\\/diarioprincipios.com\\\/#organization\",\"name\":\"Principios\",\"url\":\"https:\\\/\\\/diarioprincipios.com\\\/\",\"logo\":{\"@type\":\"ImageObject\",\"inLanguage\":\"es\",\"@id\":\"https:\\\/\\\/diarioprincipios.com\\\/#\\\/schema\\\/logo\\\/image\\\/\",\"url\":\"https:\\\/\\\/diarioprincipios.com\\\/wp-content\\\/uploads\\\/2024\\\/04\\\/cropped-www.diarioprincipios.com_-1.png\",\"contentUrl\":\"https:\\\/\\\/diarioprincipios.com\\\/wp-content\\\/uploads\\\/2024\\\/04\\\/cropped-www.diarioprincipios.com_-1.png\",\"width\":5325,\"height\":1454,\"caption\":\"Principios\"},\"image\":{\"@id\":\"https:\\\/\\\/diarioprincipios.com\\\/#\\\/schema\\\/logo\\\/image\\\/\"}},{\"@type\":\"Person\",\"@id\":\"https:\\\/\\\/diarioprincipios.com\\\/#\\\/schema\\\/person\\\/436d5a1fd41a5e250e23ff5a6a7cb080\",\"name\":\"Hern\u00e1n L\u00f3pez\",\"image\":{\"@type\":\"ImageObject\",\"inLanguage\":\"es\",\"@id\":\"https:\\\/\\\/diarioprincipios.com\\\/wp-content\\\/litespeed\\\/avatar\\\/11ddfe5610ff3bd100522525b2571f48.jpg?ver=1777048341\",\"url\":\"https:\\\/\\\/diarioprincipios.com\\\/wp-content\\\/litespeed\\\/avatar\\\/11ddfe5610ff3bd100522525b2571f48.jpg?ver=1777048341\",\"contentUrl\":\"https:\\\/\\\/diarioprincipios.com\\\/wp-content\\\/litespeed\\\/avatar\\\/11ddfe5610ff3bd100522525b2571f48.jpg?ver=1777048341\",\"caption\":\"Hern\u00e1n L\u00f3pez\"},\"url\":\"https:\\\/\\\/diarioprincipios.com\\\/index.php\\\/author\\\/hernan\\\/\"}]}<\/script>\n<!-- \/ Yoast SEO plugin. -->","yoast_head_json":{"title":"Se registraron dos nuevos casos en Berazategui, que ahora tiene 30 infectados de Covid 19 - Principios","robots":{"index":"index","follow":"follow","max-snippet":"max-snippet:-1","max-image-preview":"max-image-preview:large","max-video-preview":"max-video-preview:-1"},"canonical":"https:\/\/diarioprincipios.com\/index.php\/2020\/05\/04\/se-registraron-dos-nuevos-casos-en-berazategui-que-ahora-tiene-30-infectados-de-covid-19\/","og_locale":"es_ES","og_type":"article","og_title":"Se registraron dos nuevos casos en Berazategui, que ahora tiene 30 infectados de Covid 19 - Principios","og_description":"El Intendente de Berazategui, doctor Juan Jos\u00e9 Mussi confirm\u00f3 hace instantes en sus redes que \u00abEn el d\u00eda de hoy se registraron dos nuevos casos positivos de #Coronavirus en #Berazategui\u00bb. Detall\u00f8 que \u00abUno es una joven de 19 a\u00f1os, que seg\u00fan los estudios preliminares el contagio ser\u00eda por contacto estrecho con uno de los casos...","og_url":"https:\/\/diarioprincipios.com\/index.php\/2020\/05\/04\/se-registraron-dos-nuevos-casos-en-berazategui-que-ahora-tiene-30-infectados-de-covid-19\/","og_site_name":"Principios","article_published_time":"2020-05-04T23:44:36+00:00","article_modified_time":"2020-05-04T23:44:38+00:00","og_image":[{"width":822,"height":617,"url":"https:\/\/diarioprincipios.com\/wp-content\/uploads\/2020\/04\/una-vacuna-para-el-nuevo-coronavirus-de-china-esta-en-proceso.jpg","type":"image\/jpeg"}],"author":"Hern\u00e1n L\u00f3pez","twitter_card":"summary_large_image","twitter_misc":{"Escrito por":"Hern\u00e1n L\u00f3pez","Tiempo de lectura":"1 minuto"},"schema":{"@context":"https:\/\/schema.org","@graph":[{"@type":"Article","@id":"https:\/\/diarioprincipios.com\/index.php\/2020\/05\/04\/se-registraron-dos-nuevos-casos-en-berazategui-que-ahora-tiene-30-infectados-de-covid-19\/#article","isPartOf":{"@id":"https:\/\/diarioprincipios.com\/index.php\/2020\/05\/04\/se-registraron-dos-nuevos-casos-en-berazategui-que-ahora-tiene-30-infectados-de-covid-19\/"},"author":{"name":"Hern\u00e1n L\u00f3pez","@id":"https:\/\/diarioprincipios.com\/#\/schema\/person\/436d5a1fd41a5e250e23ff5a6a7cb080"},"headline":"Se registraron dos nuevos casos en Berazategui, que ahora tiene 30 infectados de Covid 19","datePublished":"2020-05-04T23:44:36+00:00","dateModified":"2020-05-04T23:44:38+00:00","mainEntityOfPage":{"@id":"https:\/\/diarioprincipios.com\/index.php\/2020\/05\/04\/se-registraron-dos-nuevos-casos-en-berazategui-que-ahora-tiene-30-infectados-de-covid-19\/"},"wordCount":164,"commentCount":0,"publisher":{"@id":"https:\/\/diarioprincipios.com\/#organization"},"image":{"@id":"https:\/\/diarioprincipios.com\/index.php\/2020\/05\/04\/se-registraron-dos-nuevos-casos-en-berazategui-que-ahora-tiene-30-infectados-de-covid-19\/#primaryimage"},"thumbnailUrl":"https:\/\/diarioprincipios.com\/wp-content\/uploads\/2020\/04\/una-vacuna-para-el-nuevo-coronavirus-de-china-esta-en-proceso.jpg","articleSection":["Berazategui"],"inLanguage":"es","potentialAction":[{"@type":"CommentAction","name":"Comment","target":["https:\/\/diarioprincipios.com\/index.php\/2020\/05\/04\/se-registraron-dos-nuevos-casos-en-berazategui-que-ahora-tiene-30-infectados-de-covid-19\/#respond"]}]},{"@type":"WebPage","@id":"https:\/\/diarioprincipios.com\/index.php\/2020\/05\/04\/se-registraron-dos-nuevos-casos-en-berazategui-que-ahora-tiene-30-infectados-de-covid-19\/","url":"https:\/\/diarioprincipios.com\/index.php\/2020\/05\/04\/se-registraron-dos-nuevos-casos-en-berazategui-que-ahora-tiene-30-infectados-de-covid-19\/","name":"Se registraron dos nuevos casos en Berazategui, que ahora tiene 30 infectados de Covid 19 - Principios","isPartOf":{"@id":"https:\/\/diarioprincipios.com\/#website"},"primaryImageOfPage":{"@id":"https:\/\/diarioprincipios.com\/index.php\/2020\/05\/04\/se-registraron-dos-nuevos-casos-en-berazategui-que-ahora-tiene-30-infectados-de-covid-19\/#primaryimage"},"image":{"@id":"https:\/\/diarioprincipios.com\/index.php\/2020\/05\/04\/se-registraron-dos-nuevos-casos-en-berazategui-que-ahora-tiene-30-infectados-de-covid-19\/#primaryimage"},"thumbnailUrl":"https:\/\/diarioprincipios.com\/wp-content\/uploads\/2020\/04\/una-vacuna-para-el-nuevo-coronavirus-de-china-esta-en-proceso.jpg","datePublished":"2020-05-04T23:44:36+00:00","dateModified":"2020-05-04T23:44:38+00:00","breadcrumb":{"@id":"https:\/\/diarioprincipios.com\/index.php\/2020\/05\/04\/se-registraron-dos-nuevos-casos-en-berazategui-que-ahora-tiene-30-infectados-de-covid-19\/#breadcrumb"},"inLanguage":"es","potentialAction":[{"@type":"ReadAction","target":["https:\/\/diarioprincipios.com\/index.php\/2020\/05\/04\/se-registraron-dos-nuevos-casos-en-berazategui-que-ahora-tiene-30-infectados-de-covid-19\/"]}]},{"@type":"ImageObject","inLanguage":"es","@id":"https:\/\/diarioprincipios.com\/index.php\/2020\/05\/04\/se-registraron-dos-nuevos-casos-en-berazategui-que-ahora-tiene-30-infectados-de-covid-19\/#primaryimage","url":"https:\/\/diarioprincipios.com\/wp-content\/uploads\/2020\/04\/una-vacuna-para-el-nuevo-coronavirus-de-china-esta-en-proceso.jpg","contentUrl":"https:\/\/diarioprincipios.com\/wp-content\/uploads\/2020\/04\/una-vacuna-para-el-nuevo-coronavirus-de-china-esta-en-proceso.jpg","width":822,"height":617},{"@type":"BreadcrumbList","@id":"https:\/\/diarioprincipios.com\/index.php\/2020\/05\/04\/se-registraron-dos-nuevos-casos-en-berazategui-que-ahora-tiene-30-infectados-de-covid-19\/#breadcrumb","itemListElement":[{"@type":"ListItem","position":1,"name":"Portada","item":"https:\/\/diarioprincipios.com\/"},{"@type":"ListItem","position":2,"name":"Se registraron dos nuevos casos en Berazategui, que ahora tiene 30 infectados de Covid 19"}]},{"@type":"WebSite","@id":"https:\/\/diarioprincipios.com\/#website","url":"https:\/\/diarioprincipios.com\/","name":"Principios","description":"Principios Diario","publisher":{"@id":"https:\/\/diarioprincipios.com\/#organization"},"potentialAction":[{"@type":"SearchAction","target":{"@type":"EntryPoint","urlTemplate":"https:\/\/diarioprincipios.com\/?s={search_term_string}"},"query-input":{"@type":"PropertyValueSpecification","valueRequired":true,"valueName":"search_term_string"}}],"inLanguage":"es"},{"@type":"Organization","@id":"https:\/\/diarioprincipios.com\/#organization","name":"Principios","url":"https:\/\/diarioprincipios.com\/","logo":{"@type":"ImageObject","inLanguage":"es","@id":"https:\/\/diarioprincipios.com\/#\/schema\/logo\/image\/","url":"https:\/\/diarioprincipios.com\/wp-content\/uploads\/2024\/04\/cropped-www.diarioprincipios.com_-1.png","contentUrl":"https:\/\/diarioprincipios.com\/wp-content\/uploads\/2024\/04\/cropped-www.diarioprincipios.com_-1.png","width":5325,"height":1454,"caption":"Principios"},"image":{"@id":"https:\/\/diarioprincipios.com\/#\/schema\/logo\/image\/"}},{"@type":"Person","@id":"https:\/\/diarioprincipios.com\/#\/schema\/person\/436d5a1fd41a5e250e23ff5a6a7cb080","name":"Hern\u00e1n L\u00f3pez","image":{"@type":"ImageObject","inLanguage":"es","@id":"https:\/\/diarioprincipios.com\/wp-content\/litespeed\/avatar\/11ddfe5610ff3bd100522525b2571f48.jpg?ver=1777048341","url":"https:\/\/diarioprincipios.com\/wp-content\/litespeed\/avatar\/11ddfe5610ff3bd100522525b2571f48.jpg?ver=1777048341","contentUrl":"https:\/\/diarioprincipios.com\/wp-content\/litespeed\/avatar\/11ddfe5610ff3bd100522525b2571f48.jpg?ver=1777048341","caption":"Hern\u00e1n L\u00f3pez"},"url":"https:\/\/diarioprincipios.com\/index.php\/author\/hernan\/"}]}},"jetpack_featured_media_url":"https:\/\/diarioprincipios.com\/wp-content\/uploads\/2020\/04\/una-vacuna-para-el-nuevo-coronavirus-de-china-esta-en-proceso.jpg","_links":{"self":[{"href":"https:\/\/diarioprincipios.com\/index.php\/wp-json\/wp\/v2\/posts\/1189","targetHints":{"allow":["GET"]}}],"collection":[{"href":"https:\/\/diarioprincipios.com\/index.php\/wp-json\/wp\/v2\/posts"}],"about":[{"href":"https:\/\/diarioprincipios.com\/index.php\/wp-json\/wp\/v2\/types\/post"}],"author":[{"embeddable":true,"href":"https:\/\/diarioprincipios.com\/index.php\/wp-json\/wp\/v2\/users\/2"}],"replies":[{"embeddable":true,"href":"https:\/\/diarioprincipios.com\/index.php\/wp-json\/wp\/v2\/comments?post=1189"}],"version-history":[{"count":1,"href":"https:\/\/diarioprincipios.com\/index.php\/wp-json\/wp\/v2\/posts\/1189\/revisions"}],"predecessor-version":[{"id":1190,"href":"https:\/\/diarioprincipios.com\/index.php\/wp-json\/wp\/v2\/posts\/1189\/revisions\/1190"}],"wp:featuredmedia":[{"embeddable":true,"href":"https:\/\/diarioprincipios.com\/index.php\/wp-json\/wp\/v2\/media\/602"}],"wp:attachment":[{"href":"https:\/\/diarioprincipios.com\/index.php\/wp-json\/wp\/v2\/media?parent=1189"}],"wp:term":[{"taxonomy":"category","embeddable":true,"href":"https:\/\/diarioprincipios.com\/index.php\/wp-json\/wp\/v2\/categories?post=1189"},{"taxonomy":"post_tag","embeddable":true,"href":"https:\/\/diarioprincipios.com\/index.php\/wp-json\/wp\/v2\/tags?post=1189"}],"curies":[{"name":"wp","href":"https:\/\/api.w.org\/{rel}","templated":true}]}}