{"id":1183,"date":"2020-05-04T22:21:56","date_gmt":"2020-05-04T22:21:56","guid":{"rendered":"http:\/\/diarioprincipios.com\/?p=1183"},"modified":"2020-05-04T22:27:15","modified_gmt":"2020-05-04T22:27:15","slug":"documento-de-la-agrupacion-nacional-obreros-del-vidrio-la-historia-la-escribiremos-los-obreros","status":"publish","type":"post","link":"https:\/\/diarioprincipios.com\/index.php\/2020\/05\/04\/documento-de-la-agrupacion-nacional-obreros-del-vidrio-la-historia-la-escribiremos-los-obreros\/","title":{"rendered":"Documento de la Agrupaci\u00f3n Nacional Obreros del Vidrio: \u00abLa Historia la escribiremos los obreros\u00bb"},"content":{"rendered":"\n<blockquote class=\"wp-block-quote is-layout-flow wp-block-quote-is-layout-flow\"><p>\u201cLA HISTORIA SERA BENEVOLA CON NOSOTROS PORQUE LA ESCRIBIREMOS LOS OBREROS\u201d<\/p><\/blockquote>\n\n\n\n<p>La Agrupaci\u00f3n Nacional de los Obreros del Vidrio, ante los acontecimientos de estos d\u00edas en la rama de vidrio plano; la falta de trabajo en las distribuidoras y&nbsp; pymes afectadas por la decisi\u00f3n unilateral de VASA S.A., su gerente de recursos humanos Lucas Roger y el Asesor jur\u00eddico de la C\u00e1mara Rodolfo S\u00e1nchez Moreno; pedimos a todos los obreros y empleados del vidrio apoyo y gestos solidarios para con las miles de familias de todo el Pa\u00eds que sufren las consecuencias del monopolio extranjero y el cierre de sus fuentes de trabajo.<\/p>\n\n\n\n<p>&nbsp;&nbsp;&nbsp; &nbsp;&nbsp;&nbsp; Somos los obreros quienes sabemos de las penurias y de las miserias. Nosotros sabemos de la angustia que implica no tener trabajo, no tener dinero para ir a comprar al almac\u00e9n. Son nuestras familias las que miran desesperadas el precio de la carne, de los huevos, del alcohol en gel, de las frutas y verduras. Todo en el marco de una pandemia mundial que nos obliga a estar aislados en nuestras casas. S\u00f3lo nosotros sabemos que los ni\u00f1os necesitan internet y cr\u00e9dito en sus celulares para hacer las tareas escolares, que necesitan esparcimiento, vitaminas, etc\u00e9tera.&nbsp;&nbsp;&nbsp;&nbsp;<\/p>\n\n\n\n<p>&nbsp;&nbsp;&nbsp; &nbsp;&nbsp;&nbsp; Porqu\u00e9 Vasa no quiere producir??? Porqu\u00e9 se\u00f1ores Roger y S\u00e1nchez Moreno&nbsp; no dan una respuesta l\u00f3gica?. Porqu\u00e9 dicen que reciben ayuda del Estado y no quieren pagar el cien por ciento de los salarios. \u00bfQUE OSCURA MANIOBRA REALIZA SU EMPRESA? Especulan con el valor del d\u00f3lar? \u00bfespeculan con una megadevaluaci\u00f3n?, \u00bfno est\u00e1n de acuerdo con las pol\u00edticas econ\u00f3micas nacionales?<\/p>\n\n\n\n<p>&nbsp;&nbsp;&nbsp; &nbsp;&nbsp;&nbsp; Ustedes ser\u00edan c\u00f3mplices o part\u00edcipes necesarios de una maniobra t\u00edpica de los capitales extranjeros; hacen honor al imperialismo anglosaj\u00f3n que desde siglos anteriores explota y desprecia al obrero en nuestra Argentina. Odiamos las pol\u00edticas de Vasa&nbsp; que pretenden cumplir con la funci\u00f3n de la organizaci\u00f3n sindical y de la Obra Social. Los pr\u00e9stamos que Vasa brinda a sus trabajadores son una explotaci\u00f3n encubierta, porque siempre el obrero debe a Vasa y todos sabemos que el dinero se gasta pronto y la deuda se mantiene. Vasa \u201cdisfraza\u201d con pr\u00e9stamos sus ganancias millonarias y toma de reh\u00e9n al obrero, al cual reiteramos; odian y desprecian.<\/p>\n\n\n\n<p>&nbsp;&nbsp;&nbsp; &nbsp;&nbsp;&nbsp; &nbsp;&nbsp;&nbsp; Con la actitud denunciada no solo afectan a sus trabajadores sino a todos los talleres y cristaler\u00edas desde Avellaneda hasta Olavarr\u00eda, pasando por Mar del Plata. Que hacemos con una ventana con vidrio roto? Como enfrentamos el fr\u00edo del invierno si los talleres de Quilmes, Berazategui, Lomas de Zamora, la Plata, Ensenada no cuentan con los materiales que Vasa S.A. elabora en forma monop\u00f3lica. Los trabajadores tenemos que saber que cuando atacan a nuestros dirigentes atacan a todos los trabajadores, No tengamos dudas compa\u00f1eros, seamos solidarios y pensemos en nuestros pares, en sus familias y en sus hijos. Repudiamos a los antiobreros, debemos unirnos y enfrentar a los monopolios poderosos que usan armas invisibles contra nuestro bienestar. Tengamos unidad de pensamiento;&nbsp; Viva la Patria, Viva el movimiento obrero organizado y gritemos bien fuerte: \u201c&#8230;TENEMOS ENEMIGOS\u2026? SI, Bueno eso significa QUE DEFENDIMOS ALGO ALGUNA VEZ EN NUESTRAS VIDAS <strong>\u00a1ABRAN LA FABRICA, PRODUZCAN Y PAGUEN SALARIOS; PERMITAN TRABAJAR A LOS TALLERES Y PYMES;&nbsp; NO TIREN MAS DE LA CUERDA! DEJEN DE ENCUBRIR SUS GANANCIAS!, TENGAN UN POCO DE SENSIBILIDAD ANTE LA EMERGENCIA SOCIAL, SANITARIA Y ECONOMICA.<\/strong><\/p>\n\n\n\n<blockquote class=\"wp-block-quote is-layout-flow wp-block-quote-is-layout-flow\"><p>&nbsp;&nbsp;&nbsp; <em>AGRUPACION NACIONAL OBREROS DEL VIDRIO<\/em><\/p><\/blockquote>\n\n\n\n<p>ORLANDO ELIAS REYES       PEDRO LUCIANO TABORDA<\/p>\n\n\n\n<p>PRESIDENTE &nbsp; &nbsp; &nbsp; &nbsp; &nbsp; &nbsp; &nbsp; &nbsp; &nbsp; &nbsp; &nbsp; &nbsp; &nbsp; &nbsp; &nbsp; &nbsp; &nbsp; &nbsp; VICEPRESIDENTE<\/p>\n","protected":false},"excerpt":{"rendered":"<p>\u201cLA HISTORIA SERA BENEVOLA CON NOSOTROS PORQUE LA ESCRIBIREMOS LOS OBREROS\u201d La Agrupaci\u00f3n Nacional de los Obreros del Vidrio, ante los acontecimientos de estos d\u00edas en la rama de vidrio plano; la falta de trabajo en las distribuidoras y&nbsp; pymes afectadas por la decisi\u00f3n unilateral de VASA S.A., su gerente de recursos humanos Lucas Roger&#8230;<\/p>\n","protected":false},"author":2,"featured_media":1188,"comment_status":"open","ping_status":"open","sticky":false,"template":"","format":"standard","meta":{"footnotes":""},"categories":[7],"tags":[],"class_list":["post-1183","post","type-post","status-publish","format-standard","has-post-thumbnail","hentry","category-provincia"],"featured_image_src":"https:\/\/diarioprincipios.com\/wp-content\/uploads\/2020\/05\/VIDRIO.jpg","blog_images":{"medium":"https:\/\/diarioprincipios.com\/wp-content\/uploads\/2020\/05\/VIDRIO-300x253.jpg","large":"https:\/\/diarioprincipios.com\/wp-content\/uploads\/2020\/05\/VIDRIO.jpg"},"ams_acf":[],"yoast_head":"<!-- This site is optimized with the Yoast SEO plugin v27.3 - https:\/\/yoast.com\/product\/yoast-seo-wordpress\/ -->\n<title>Documento de la Agrupaci\u00f3n Nacional Obreros del Vidrio: &quot;La Historia la escribiremos los obreros&quot; - Principios<\/title>\n<meta name=\"robots\" content=\"index, follow, max-snippet:-1, max-image-preview:large, max-video-preview:-1\" \/>\n<link rel=\"canonical\" href=\"https:\/\/diarioprincipios.com\/index.php\/2020\/05\/04\/documento-de-la-agrupacion-nacional-obreros-del-vidrio-la-historia-la-escribiremos-los-obreros\/\" \/>\n<meta property=\"og:locale\" content=\"es_ES\" \/>\n<meta property=\"og:type\" content=\"article\" \/>\n<meta property=\"og:title\" content=\"Documento de la Agrupaci\u00f3n Nacional Obreros del Vidrio: &quot;La Historia la escribiremos los obreros&quot; - Principios\" \/>\n<meta property=\"og:description\" content=\"\u201cLA HISTORIA SERA BENEVOLA CON NOSOTROS PORQUE LA ESCRIBIREMOS LOS OBREROS\u201d La Agrupaci\u00f3n Nacional de los Obreros del Vidrio, ante los acontecimientos de estos d\u00edas en la rama de vidrio plano; la falta de trabajo en las distribuidoras y&nbsp; pymes afectadas por la decisi\u00f3n unilateral de VASA S.A., su gerente de recursos humanos Lucas Roger...\" \/>\n<meta property=\"og:url\" content=\"https:\/\/diarioprincipios.com\/index.php\/2020\/05\/04\/documento-de-la-agrupacion-nacional-obreros-del-vidrio-la-historia-la-escribiremos-los-obreros\/\" \/>\n<meta property=\"og:site_name\" content=\"Principios\" \/>\n<meta property=\"article:published_time\" content=\"2020-05-04T22:21:56+00:00\" \/>\n<meta property=\"article:modified_time\" content=\"2020-05-04T22:27:15+00:00\" \/>\n<meta property=\"og:image\" content=\"https:\/\/diarioprincipios.com\/wp-content\/uploads\/2020\/05\/VIDRIO.jpg\" \/>\n\t<meta property=\"og:image:width\" content=\"869\" \/>\n\t<meta property=\"og:image:height\" content=\"732\" \/>\n\t<meta property=\"og:image:type\" content=\"image\/jpeg\" \/>\n<meta name=\"author\" content=\"Hern\u00e1n L\u00f3pez\" \/>\n<meta name=\"twitter:card\" content=\"summary_large_image\" \/>\n<meta name=\"twitter:label1\" content=\"Escrito por\" \/>\n\t<meta name=\"twitter:data1\" content=\"Hern\u00e1n L\u00f3pez\" \/>\n\t<meta name=\"twitter:label2\" content=\"Tiempo de lectura\" \/>\n\t<meta name=\"twitter:data2\" content=\"3 minutos\" \/>\n<script type=\"application\/ld+json\" class=\"yoast-schema-graph\">{\"@context\":\"https:\\\/\\\/schema.org\",\"@graph\":[{\"@type\":\"Article\",\"@id\":\"https:\\\/\\\/diarioprincipios.com\\\/index.php\\\/2020\\\/05\\\/04\\\/documento-de-la-agrupacion-nacional-obreros-del-vidrio-la-historia-la-escribiremos-los-obreros\\\/#article\",\"isPartOf\":{\"@id\":\"https:\\\/\\\/diarioprincipios.com\\\/index.php\\\/2020\\\/05\\\/04\\\/documento-de-la-agrupacion-nacional-obreros-del-vidrio-la-historia-la-escribiremos-los-obreros\\\/\"},\"author\":{\"name\":\"Hern\u00e1n L\u00f3pez\",\"@id\":\"https:\\\/\\\/diarioprincipios.com\\\/#\\\/schema\\\/person\\\/436d5a1fd41a5e250e23ff5a6a7cb080\"},\"headline\":\"Documento de la Agrupaci\u00f3n Nacional Obreros del Vidrio: \u00abLa Historia la escribiremos los obreros\u00bb\",\"datePublished\":\"2020-05-04T22:21:56+00:00\",\"dateModified\":\"2020-05-04T22:27:15+00:00\",\"mainEntityOfPage\":{\"@id\":\"https:\\\/\\\/diarioprincipios.com\\\/index.php\\\/2020\\\/05\\\/04\\\/documento-de-la-agrupacion-nacional-obreros-del-vidrio-la-historia-la-escribiremos-los-obreros\\\/\"},\"wordCount\":668,\"commentCount\":0,\"publisher\":{\"@id\":\"https:\\\/\\\/diarioprincipios.com\\\/#organization\"},\"image\":{\"@id\":\"https:\\\/\\\/diarioprincipios.com\\\/index.php\\\/2020\\\/05\\\/04\\\/documento-de-la-agrupacion-nacional-obreros-del-vidrio-la-historia-la-escribiremos-los-obreros\\\/#primaryimage\"},\"thumbnailUrl\":\"https:\\\/\\\/diarioprincipios.com\\\/wp-content\\\/uploads\\\/2020\\\/05\\\/VIDRIO.jpg\",\"articleSection\":[\"Provincia\"],\"inLanguage\":\"es\",\"potentialAction\":[{\"@type\":\"CommentAction\",\"name\":\"Comment\",\"target\":[\"https:\\\/\\\/diarioprincipios.com\\\/index.php\\\/2020\\\/05\\\/04\\\/documento-de-la-agrupacion-nacional-obreros-del-vidrio-la-historia-la-escribiremos-los-obreros\\\/#respond\"]}]},{\"@type\":\"WebPage\",\"@id\":\"https:\\\/\\\/diarioprincipios.com\\\/index.php\\\/2020\\\/05\\\/04\\\/documento-de-la-agrupacion-nacional-obreros-del-vidrio-la-historia-la-escribiremos-los-obreros\\\/\",\"url\":\"https:\\\/\\\/diarioprincipios.com\\\/index.php\\\/2020\\\/05\\\/04\\\/documento-de-la-agrupacion-nacional-obreros-del-vidrio-la-historia-la-escribiremos-los-obreros\\\/\",\"name\":\"Documento de la Agrupaci\u00f3n Nacional Obreros del Vidrio: \\\"La Historia la escribiremos los obreros\\\" - Principios\",\"isPartOf\":{\"@id\":\"https:\\\/\\\/diarioprincipios.com\\\/#website\"},\"primaryImageOfPage\":{\"@id\":\"https:\\\/\\\/diarioprincipios.com\\\/index.php\\\/2020\\\/05\\\/04\\\/documento-de-la-agrupacion-nacional-obreros-del-vidrio-la-historia-la-escribiremos-los-obreros\\\/#primaryimage\"},\"image\":{\"@id\":\"https:\\\/\\\/diarioprincipios.com\\\/index.php\\\/2020\\\/05\\\/04\\\/documento-de-la-agrupacion-nacional-obreros-del-vidrio-la-historia-la-escribiremos-los-obreros\\\/#primaryimage\"},\"thumbnailUrl\":\"https:\\\/\\\/diarioprincipios.com\\\/wp-content\\\/uploads\\\/2020\\\/05\\\/VIDRIO.jpg\",\"datePublished\":\"2020-05-04T22:21:56+00:00\",\"dateModified\":\"2020-05-04T22:27:15+00:00\",\"breadcrumb\":{\"@id\":\"https:\\\/\\\/diarioprincipios.com\\\/index.php\\\/2020\\\/05\\\/04\\\/documento-de-la-agrupacion-nacional-obreros-del-vidrio-la-historia-la-escribiremos-los-obreros\\\/#breadcrumb\"},\"inLanguage\":\"es\",\"potentialAction\":[{\"@type\":\"ReadAction\",\"target\":[\"https:\\\/\\\/diarioprincipios.com\\\/index.php\\\/2020\\\/05\\\/04\\\/documento-de-la-agrupacion-nacional-obreros-del-vidrio-la-historia-la-escribiremos-los-obreros\\\/\"]}]},{\"@type\":\"ImageObject\",\"inLanguage\":\"es\",\"@id\":\"https:\\\/\\\/diarioprincipios.com\\\/index.php\\\/2020\\\/05\\\/04\\\/documento-de-la-agrupacion-nacional-obreros-del-vidrio-la-historia-la-escribiremos-los-obreros\\\/#primaryimage\",\"url\":\"https:\\\/\\\/diarioprincipios.com\\\/wp-content\\\/uploads\\\/2020\\\/05\\\/VIDRIO.jpg\",\"contentUrl\":\"https:\\\/\\\/diarioprincipios.com\\\/wp-content\\\/uploads\\\/2020\\\/05\\\/VIDRIO.jpg\",\"width\":869,\"height\":732},{\"@type\":\"BreadcrumbList\",\"@id\":\"https:\\\/\\\/diarioprincipios.com\\\/index.php\\\/2020\\\/05\\\/04\\\/documento-de-la-agrupacion-nacional-obreros-del-vidrio-la-historia-la-escribiremos-los-obreros\\\/#breadcrumb\",\"itemListElement\":[{\"@type\":\"ListItem\",\"position\":1,\"name\":\"Portada\",\"item\":\"https:\\\/\\\/diarioprincipios.com\\\/\"},{\"@type\":\"ListItem\",\"position\":2,\"name\":\"Documento de la Agrupaci\u00f3n Nacional Obreros del Vidrio: \u00abLa Historia la escribiremos los obreros\u00bb\"}]},{\"@type\":\"WebSite\",\"@id\":\"https:\\\/\\\/diarioprincipios.com\\\/#website\",\"url\":\"https:\\\/\\\/diarioprincipios.com\\\/\",\"name\":\"Principios\",\"description\":\"Principios Diario\",\"publisher\":{\"@id\":\"https:\\\/\\\/diarioprincipios.com\\\/#organization\"},\"potentialAction\":[{\"@type\":\"SearchAction\",\"target\":{\"@type\":\"EntryPoint\",\"urlTemplate\":\"https:\\\/\\\/diarioprincipios.com\\\/?s={search_term_string}\"},\"query-input\":{\"@type\":\"PropertyValueSpecification\",\"valueRequired\":true,\"valueName\":\"search_term_string\"}}],\"inLanguage\":\"es\"},{\"@type\":\"Organization\",\"@id\":\"https:\\\/\\\/diarioprincipios.com\\\/#organization\",\"name\":\"Principios\",\"url\":\"https:\\\/\\\/diarioprincipios.com\\\/\",\"logo\":{\"@type\":\"ImageObject\",\"inLanguage\":\"es\",\"@id\":\"https:\\\/\\\/diarioprincipios.com\\\/#\\\/schema\\\/logo\\\/image\\\/\",\"url\":\"https:\\\/\\\/diarioprincipios.com\\\/wp-content\\\/uploads\\\/2024\\\/04\\\/cropped-www.diarioprincipios.com_-1.png\",\"contentUrl\":\"https:\\\/\\\/diarioprincipios.com\\\/wp-content\\\/uploads\\\/2024\\\/04\\\/cropped-www.diarioprincipios.com_-1.png\",\"width\":5325,\"height\":1454,\"caption\":\"Principios\"},\"image\":{\"@id\":\"https:\\\/\\\/diarioprincipios.com\\\/#\\\/schema\\\/logo\\\/image\\\/\"}},{\"@type\":\"Person\",\"@id\":\"https:\\\/\\\/diarioprincipios.com\\\/#\\\/schema\\\/person\\\/436d5a1fd41a5e250e23ff5a6a7cb080\",\"name\":\"Hern\u00e1n L\u00f3pez\",\"image\":{\"@type\":\"ImageObject\",\"inLanguage\":\"es\",\"@id\":\"https:\\\/\\\/diarioprincipios.com\\\/wp-content\\\/litespeed\\\/avatar\\\/11ddfe5610ff3bd100522525b2571f48.jpg?ver=1777048341\",\"url\":\"https:\\\/\\\/diarioprincipios.com\\\/wp-content\\\/litespeed\\\/avatar\\\/11ddfe5610ff3bd100522525b2571f48.jpg?ver=1777048341\",\"contentUrl\":\"https:\\\/\\\/diarioprincipios.com\\\/wp-content\\\/litespeed\\\/avatar\\\/11ddfe5610ff3bd100522525b2571f48.jpg?ver=1777048341\",\"caption\":\"Hern\u00e1n L\u00f3pez\"},\"url\":\"https:\\\/\\\/diarioprincipios.com\\\/index.php\\\/author\\\/hernan\\\/\"}]}<\/script>\n<!-- \/ Yoast SEO plugin. -->","yoast_head_json":{"title":"Documento de la Agrupaci\u00f3n Nacional Obreros del Vidrio: \"La Historia la escribiremos los obreros\" - Principios","robots":{"index":"index","follow":"follow","max-snippet":"max-snippet:-1","max-image-preview":"max-image-preview:large","max-video-preview":"max-video-preview:-1"},"canonical":"https:\/\/diarioprincipios.com\/index.php\/2020\/05\/04\/documento-de-la-agrupacion-nacional-obreros-del-vidrio-la-historia-la-escribiremos-los-obreros\/","og_locale":"es_ES","og_type":"article","og_title":"Documento de la Agrupaci\u00f3n Nacional Obreros del Vidrio: \"La Historia la escribiremos los obreros\" - Principios","og_description":"\u201cLA HISTORIA SERA BENEVOLA CON NOSOTROS PORQUE LA ESCRIBIREMOS LOS OBREROS\u201d La Agrupaci\u00f3n Nacional de los Obreros del Vidrio, ante los acontecimientos de estos d\u00edas en la rama de vidrio plano; la falta de trabajo en las distribuidoras y&nbsp; pymes afectadas por la decisi\u00f3n unilateral de VASA S.A., su gerente de recursos humanos Lucas Roger...","og_url":"https:\/\/diarioprincipios.com\/index.php\/2020\/05\/04\/documento-de-la-agrupacion-nacional-obreros-del-vidrio-la-historia-la-escribiremos-los-obreros\/","og_site_name":"Principios","article_published_time":"2020-05-04T22:21:56+00:00","article_modified_time":"2020-05-04T22:27:15+00:00","og_image":[{"width":869,"height":732,"url":"https:\/\/diarioprincipios.com\/wp-content\/uploads\/2020\/05\/VIDRIO.jpg","type":"image\/jpeg"}],"author":"Hern\u00e1n L\u00f3pez","twitter_card":"summary_large_image","twitter_misc":{"Escrito por":"Hern\u00e1n L\u00f3pez","Tiempo de lectura":"3 minutos"},"schema":{"@context":"https:\/\/schema.org","@graph":[{"@type":"Article","@id":"https:\/\/diarioprincipios.com\/index.php\/2020\/05\/04\/documento-de-la-agrupacion-nacional-obreros-del-vidrio-la-historia-la-escribiremos-los-obreros\/#article","isPartOf":{"@id":"https:\/\/diarioprincipios.com\/index.php\/2020\/05\/04\/documento-de-la-agrupacion-nacional-obreros-del-vidrio-la-historia-la-escribiremos-los-obreros\/"},"author":{"name":"Hern\u00e1n L\u00f3pez","@id":"https:\/\/diarioprincipios.com\/#\/schema\/person\/436d5a1fd41a5e250e23ff5a6a7cb080"},"headline":"Documento de la Agrupaci\u00f3n Nacional Obreros del Vidrio: \u00abLa Historia la escribiremos los obreros\u00bb","datePublished":"2020-05-04T22:21:56+00:00","dateModified":"2020-05-04T22:27:15+00:00","mainEntityOfPage":{"@id":"https:\/\/diarioprincipios.com\/index.php\/2020\/05\/04\/documento-de-la-agrupacion-nacional-obreros-del-vidrio-la-historia-la-escribiremos-los-obreros\/"},"wordCount":668,"commentCount":0,"publisher":{"@id":"https:\/\/diarioprincipios.com\/#organization"},"image":{"@id":"https:\/\/diarioprincipios.com\/index.php\/2020\/05\/04\/documento-de-la-agrupacion-nacional-obreros-del-vidrio-la-historia-la-escribiremos-los-obreros\/#primaryimage"},"thumbnailUrl":"https:\/\/diarioprincipios.com\/wp-content\/uploads\/2020\/05\/VIDRIO.jpg","articleSection":["Provincia"],"inLanguage":"es","potentialAction":[{"@type":"CommentAction","name":"Comment","target":["https:\/\/diarioprincipios.com\/index.php\/2020\/05\/04\/documento-de-la-agrupacion-nacional-obreros-del-vidrio-la-historia-la-escribiremos-los-obreros\/#respond"]}]},{"@type":"WebPage","@id":"https:\/\/diarioprincipios.com\/index.php\/2020\/05\/04\/documento-de-la-agrupacion-nacional-obreros-del-vidrio-la-historia-la-escribiremos-los-obreros\/","url":"https:\/\/diarioprincipios.com\/index.php\/2020\/05\/04\/documento-de-la-agrupacion-nacional-obreros-del-vidrio-la-historia-la-escribiremos-los-obreros\/","name":"Documento de la Agrupaci\u00f3n Nacional Obreros del Vidrio: \"La Historia la escribiremos los obreros\" - Principios","isPartOf":{"@id":"https:\/\/diarioprincipios.com\/#website"},"primaryImageOfPage":{"@id":"https:\/\/diarioprincipios.com\/index.php\/2020\/05\/04\/documento-de-la-agrupacion-nacional-obreros-del-vidrio-la-historia-la-escribiremos-los-obreros\/#primaryimage"},"image":{"@id":"https:\/\/diarioprincipios.com\/index.php\/2020\/05\/04\/documento-de-la-agrupacion-nacional-obreros-del-vidrio-la-historia-la-escribiremos-los-obreros\/#primaryimage"},"thumbnailUrl":"https:\/\/diarioprincipios.com\/wp-content\/uploads\/2020\/05\/VIDRIO.jpg","datePublished":"2020-05-04T22:21:56+00:00","dateModified":"2020-05-04T22:27:15+00:00","breadcrumb":{"@id":"https:\/\/diarioprincipios.com\/index.php\/2020\/05\/04\/documento-de-la-agrupacion-nacional-obreros-del-vidrio-la-historia-la-escribiremos-los-obreros\/#breadcrumb"},"inLanguage":"es","potentialAction":[{"@type":"ReadAction","target":["https:\/\/diarioprincipios.com\/index.php\/2020\/05\/04\/documento-de-la-agrupacion-nacional-obreros-del-vidrio-la-historia-la-escribiremos-los-obreros\/"]}]},{"@type":"ImageObject","inLanguage":"es","@id":"https:\/\/diarioprincipios.com\/index.php\/2020\/05\/04\/documento-de-la-agrupacion-nacional-obreros-del-vidrio-la-historia-la-escribiremos-los-obreros\/#primaryimage","url":"https:\/\/diarioprincipios.com\/wp-content\/uploads\/2020\/05\/VIDRIO.jpg","contentUrl":"https:\/\/diarioprincipios.com\/wp-content\/uploads\/2020\/05\/VIDRIO.jpg","width":869,"height":732},{"@type":"BreadcrumbList","@id":"https:\/\/diarioprincipios.com\/index.php\/2020\/05\/04\/documento-de-la-agrupacion-nacional-obreros-del-vidrio-la-historia-la-escribiremos-los-obreros\/#breadcrumb","itemListElement":[{"@type":"ListItem","position":1,"name":"Portada","item":"https:\/\/diarioprincipios.com\/"},{"@type":"ListItem","position":2,"name":"Documento de la Agrupaci\u00f3n Nacional Obreros del Vidrio: \u00abLa Historia la escribiremos los obreros\u00bb"}]},{"@type":"WebSite","@id":"https:\/\/diarioprincipios.com\/#website","url":"https:\/\/diarioprincipios.com\/","name":"Principios","description":"Principios Diario","publisher":{"@id":"https:\/\/diarioprincipios.com\/#organization"},"potentialAction":[{"@type":"SearchAction","target":{"@type":"EntryPoint","urlTemplate":"https:\/\/diarioprincipios.com\/?s={search_term_string}"},"query-input":{"@type":"PropertyValueSpecification","valueRequired":true,"valueName":"search_term_string"}}],"inLanguage":"es"},{"@type":"Organization","@id":"https:\/\/diarioprincipios.com\/#organization","name":"Principios","url":"https:\/\/diarioprincipios.com\/","logo":{"@type":"ImageObject","inLanguage":"es","@id":"https:\/\/diarioprincipios.com\/#\/schema\/logo\/image\/","url":"https:\/\/diarioprincipios.com\/wp-content\/uploads\/2024\/04\/cropped-www.diarioprincipios.com_-1.png","contentUrl":"https:\/\/diarioprincipios.com\/wp-content\/uploads\/2024\/04\/cropped-www.diarioprincipios.com_-1.png","width":5325,"height":1454,"caption":"Principios"},"image":{"@id":"https:\/\/diarioprincipios.com\/#\/schema\/logo\/image\/"}},{"@type":"Person","@id":"https:\/\/diarioprincipios.com\/#\/schema\/person\/436d5a1fd41a5e250e23ff5a6a7cb080","name":"Hern\u00e1n L\u00f3pez","image":{"@type":"ImageObject","inLanguage":"es","@id":"https:\/\/diarioprincipios.com\/wp-content\/litespeed\/avatar\/11ddfe5610ff3bd100522525b2571f48.jpg?ver=1777048341","url":"https:\/\/diarioprincipios.com\/wp-content\/litespeed\/avatar\/11ddfe5610ff3bd100522525b2571f48.jpg?ver=1777048341","contentUrl":"https:\/\/diarioprincipios.com\/wp-content\/litespeed\/avatar\/11ddfe5610ff3bd100522525b2571f48.jpg?ver=1777048341","caption":"Hern\u00e1n L\u00f3pez"},"url":"https:\/\/diarioprincipios.com\/index.php\/author\/hernan\/"}]}},"jetpack_featured_media_url":"https:\/\/diarioprincipios.com\/wp-content\/uploads\/2020\/05\/VIDRIO.jpg","_links":{"self":[{"href":"https:\/\/diarioprincipios.com\/index.php\/wp-json\/wp\/v2\/posts\/1183","targetHints":{"allow":["GET"]}}],"collection":[{"href":"https:\/\/diarioprincipios.com\/index.php\/wp-json\/wp\/v2\/posts"}],"about":[{"href":"https:\/\/diarioprincipios.com\/index.php\/wp-json\/wp\/v2\/types\/post"}],"author":[{"embeddable":true,"href":"https:\/\/diarioprincipios.com\/index.php\/wp-json\/wp\/v2\/users\/2"}],"replies":[{"embeddable":true,"href":"https:\/\/diarioprincipios.com\/index.php\/wp-json\/wp\/v2\/comments?post=1183"}],"version-history":[{"count":2,"href":"https:\/\/diarioprincipios.com\/index.php\/wp-json\/wp\/v2\/posts\/1183\/revisions"}],"predecessor-version":[{"id":1187,"href":"https:\/\/diarioprincipios.com\/index.php\/wp-json\/wp\/v2\/posts\/1183\/revisions\/1187"}],"wp:featuredmedia":[{"embeddable":true,"href":"https:\/\/diarioprincipios.com\/index.php\/wp-json\/wp\/v2\/media\/1188"}],"wp:attachment":[{"href":"https:\/\/diarioprincipios.com\/index.php\/wp-json\/wp\/v2\/media?parent=1183"}],"wp:term":[{"taxonomy":"category","embeddable":true,"href":"https:\/\/diarioprincipios.com\/index.php\/wp-json\/wp\/v2\/categories?post=1183"},{"taxonomy":"post_tag","embeddable":true,"href":"https:\/\/diarioprincipios.com\/index.php\/wp-json\/wp\/v2\/tags?post=1183"}],"curies":[{"name":"wp","href":"https:\/\/api.w.org\/{rel}","templated":true}]}}