{"id":1149,"date":"2020-05-04T00:52:12","date_gmt":"2020-05-04T00:52:12","guid":{"rendered":"http:\/\/diarioprincipios.com\/?p=1149"},"modified":"2020-05-04T00:52:14","modified_gmt":"2020-05-04T00:52:14","slug":"siguen-aumentando-los-casos-de-coronavirus-en-quilmes","status":"publish","type":"post","link":"https:\/\/diarioprincipios.com\/index.php\/2020\/05\/04\/siguen-aumentando-los-casos-de-coronavirus-en-quilmes\/","title":{"rendered":"Siguen aumentando los casos de Coronavirus en Quilmes"},"content":{"rendered":"\n<p>El distrito de Quilmes, que ya es el Municipio del sur del conurbano con m\u00e1s casos de coronavirus  (tambi\u00e9n de dengue) sigue sumando nuevos contagios, llegando hoy a la cantidad de 86 infectados confirmados, seg\u00fan informaci\u00f3n oficial difundida por la comuna.<\/p>\n\n\n\n<p>Asimismo, hay 103 pacientes que est\u00e1n en estudio, 4 que lamentablemente han fallecido y 10 que fueron dados de alta.<\/p>\n\n\n\n<p>Quilmes es el \u00fanico distrito de la regi\u00f3n donde pr\u00e1cticamente todos los d\u00edas hay nuevos contagiados de Covid 19, ya casi triplicando por ejemplo, los casos que hay en Berazategui (29).<\/p>\n","protected":false},"excerpt":{"rendered":"<p>El distrito de Quilmes, que ya es el Municipio del sur del conurbano con m\u00e1s casos de coronavirus (tambi\u00e9n de dengue) sigue sumando nuevos contagios, llegando hoy a la cantidad de 86 infectados confirmados, seg\u00fan informaci\u00f3n oficial difundida por la comuna. Asimismo, hay 103 pacientes que est\u00e1n en estudio, 4 que lamentablemente han fallecido y&#8230;<\/p>\n","protected":false},"author":2,"featured_media":1150,"comment_status":"open","ping_status":"open","sticky":false,"template":"","format":"standard","meta":{"footnotes":""},"categories":[4],"tags":[],"class_list":["post-1149","post","type-post","status-publish","format-standard","has-post-thumbnail","hentry","category-quilmes"],"featured_image_src":"https:\/\/diarioprincipios.com\/wp-content\/uploads\/2020\/05\/quilf.jpg","blog_images":{"medium":"https:\/\/diarioprincipios.com\/wp-content\/uploads\/2020\/05\/quilf-300x300.jpg","large":"https:\/\/diarioprincipios.com\/wp-content\/uploads\/2020\/05\/quilf.jpg"},"ams_acf":[],"yoast_head":"<!-- This site is optimized with the Yoast SEO plugin v27.3 - https:\/\/yoast.com\/product\/yoast-seo-wordpress\/ -->\n<title>Siguen aumentando los casos de Coronavirus en Quilmes - Principios<\/title>\n<meta name=\"robots\" content=\"index, follow, max-snippet:-1, max-image-preview:large, max-video-preview:-1\" \/>\n<link rel=\"canonical\" href=\"https:\/\/diarioprincipios.com\/index.php\/2020\/05\/04\/siguen-aumentando-los-casos-de-coronavirus-en-quilmes\/\" \/>\n<meta property=\"og:locale\" content=\"es_ES\" \/>\n<meta property=\"og:type\" content=\"article\" \/>\n<meta property=\"og:title\" content=\"Siguen aumentando los casos de Coronavirus en Quilmes - Principios\" \/>\n<meta property=\"og:description\" content=\"El distrito de Quilmes, que ya es el Municipio del sur del conurbano con m\u00e1s casos de coronavirus (tambi\u00e9n de dengue) sigue sumando nuevos contagios, llegando hoy a la cantidad de 86 infectados confirmados, seg\u00fan informaci\u00f3n oficial difundida por la comuna. Asimismo, hay 103 pacientes que est\u00e1n en estudio, 4 que lamentablemente han fallecido y...\" \/>\n<meta property=\"og:url\" content=\"https:\/\/diarioprincipios.com\/index.php\/2020\/05\/04\/siguen-aumentando-los-casos-de-coronavirus-en-quilmes\/\" \/>\n<meta property=\"og:site_name\" content=\"Principios\" \/>\n<meta property=\"article:published_time\" content=\"2020-05-04T00:52:12+00:00\" \/>\n<meta property=\"article:modified_time\" content=\"2020-05-04T00:52:14+00:00\" \/>\n<meta property=\"og:image\" content=\"https:\/\/diarioprincipios.com\/wp-content\/uploads\/2020\/05\/quilf.jpg\" \/>\n\t<meta property=\"og:image:width\" content=\"750\" \/>\n\t<meta property=\"og:image:height\" content=\"747\" \/>\n\t<meta property=\"og:image:type\" content=\"image\/jpeg\" \/>\n<meta name=\"author\" content=\"Hern\u00e1n L\u00f3pez\" \/>\n<meta name=\"twitter:card\" content=\"summary_large_image\" \/>\n<meta name=\"twitter:label1\" content=\"Escrito por\" \/>\n\t<meta name=\"twitter:data1\" content=\"Hern\u00e1n L\u00f3pez\" \/>\n<script type=\"application\/ld+json\" class=\"yoast-schema-graph\">{\"@context\":\"https:\\\/\\\/schema.org\",\"@graph\":[{\"@type\":\"Article\",\"@id\":\"https:\\\/\\\/diarioprincipios.com\\\/index.php\\\/2020\\\/05\\\/04\\\/siguen-aumentando-los-casos-de-coronavirus-en-quilmes\\\/#article\",\"isPartOf\":{\"@id\":\"https:\\\/\\\/diarioprincipios.com\\\/index.php\\\/2020\\\/05\\\/04\\\/siguen-aumentando-los-casos-de-coronavirus-en-quilmes\\\/\"},\"author\":{\"name\":\"Hern\u00e1n L\u00f3pez\",\"@id\":\"https:\\\/\\\/diarioprincipios.com\\\/#\\\/schema\\\/person\\\/436d5a1fd41a5e250e23ff5a6a7cb080\"},\"headline\":\"Siguen aumentando los casos de Coronavirus en Quilmes\",\"datePublished\":\"2020-05-04T00:52:12+00:00\",\"dateModified\":\"2020-05-04T00:52:14+00:00\",\"mainEntityOfPage\":{\"@id\":\"https:\\\/\\\/diarioprincipios.com\\\/index.php\\\/2020\\\/05\\\/04\\\/siguen-aumentando-los-casos-de-coronavirus-en-quilmes\\\/\"},\"wordCount\":102,\"commentCount\":0,\"publisher\":{\"@id\":\"https:\\\/\\\/diarioprincipios.com\\\/#organization\"},\"image\":{\"@id\":\"https:\\\/\\\/diarioprincipios.com\\\/index.php\\\/2020\\\/05\\\/04\\\/siguen-aumentando-los-casos-de-coronavirus-en-quilmes\\\/#primaryimage\"},\"thumbnailUrl\":\"https:\\\/\\\/diarioprincipios.com\\\/wp-content\\\/uploads\\\/2020\\\/05\\\/quilf.jpg\",\"articleSection\":[\"Quilmes\"],\"inLanguage\":\"es\",\"potentialAction\":[{\"@type\":\"CommentAction\",\"name\":\"Comment\",\"target\":[\"https:\\\/\\\/diarioprincipios.com\\\/index.php\\\/2020\\\/05\\\/04\\\/siguen-aumentando-los-casos-de-coronavirus-en-quilmes\\\/#respond\"]}]},{\"@type\":\"WebPage\",\"@id\":\"https:\\\/\\\/diarioprincipios.com\\\/index.php\\\/2020\\\/05\\\/04\\\/siguen-aumentando-los-casos-de-coronavirus-en-quilmes\\\/\",\"url\":\"https:\\\/\\\/diarioprincipios.com\\\/index.php\\\/2020\\\/05\\\/04\\\/siguen-aumentando-los-casos-de-coronavirus-en-quilmes\\\/\",\"name\":\"Siguen aumentando los casos de Coronavirus en Quilmes - Principios\",\"isPartOf\":{\"@id\":\"https:\\\/\\\/diarioprincipios.com\\\/#website\"},\"primaryImageOfPage\":{\"@id\":\"https:\\\/\\\/diarioprincipios.com\\\/index.php\\\/2020\\\/05\\\/04\\\/siguen-aumentando-los-casos-de-coronavirus-en-quilmes\\\/#primaryimage\"},\"image\":{\"@id\":\"https:\\\/\\\/diarioprincipios.com\\\/index.php\\\/2020\\\/05\\\/04\\\/siguen-aumentando-los-casos-de-coronavirus-en-quilmes\\\/#primaryimage\"},\"thumbnailUrl\":\"https:\\\/\\\/diarioprincipios.com\\\/wp-content\\\/uploads\\\/2020\\\/05\\\/quilf.jpg\",\"datePublished\":\"2020-05-04T00:52:12+00:00\",\"dateModified\":\"2020-05-04T00:52:14+00:00\",\"breadcrumb\":{\"@id\":\"https:\\\/\\\/diarioprincipios.com\\\/index.php\\\/2020\\\/05\\\/04\\\/siguen-aumentando-los-casos-de-coronavirus-en-quilmes\\\/#breadcrumb\"},\"inLanguage\":\"es\",\"potentialAction\":[{\"@type\":\"ReadAction\",\"target\":[\"https:\\\/\\\/diarioprincipios.com\\\/index.php\\\/2020\\\/05\\\/04\\\/siguen-aumentando-los-casos-de-coronavirus-en-quilmes\\\/\"]}]},{\"@type\":\"ImageObject\",\"inLanguage\":\"es\",\"@id\":\"https:\\\/\\\/diarioprincipios.com\\\/index.php\\\/2020\\\/05\\\/04\\\/siguen-aumentando-los-casos-de-coronavirus-en-quilmes\\\/#primaryimage\",\"url\":\"https:\\\/\\\/diarioprincipios.com\\\/wp-content\\\/uploads\\\/2020\\\/05\\\/quilf.jpg\",\"contentUrl\":\"https:\\\/\\\/diarioprincipios.com\\\/wp-content\\\/uploads\\\/2020\\\/05\\\/quilf.jpg\",\"width\":750,\"height\":747},{\"@type\":\"BreadcrumbList\",\"@id\":\"https:\\\/\\\/diarioprincipios.com\\\/index.php\\\/2020\\\/05\\\/04\\\/siguen-aumentando-los-casos-de-coronavirus-en-quilmes\\\/#breadcrumb\",\"itemListElement\":[{\"@type\":\"ListItem\",\"position\":1,\"name\":\"Portada\",\"item\":\"https:\\\/\\\/diarioprincipios.com\\\/\"},{\"@type\":\"ListItem\",\"position\":2,\"name\":\"Siguen aumentando los casos de Coronavirus en Quilmes\"}]},{\"@type\":\"WebSite\",\"@id\":\"https:\\\/\\\/diarioprincipios.com\\\/#website\",\"url\":\"https:\\\/\\\/diarioprincipios.com\\\/\",\"name\":\"Principios\",\"description\":\"Principios Diario\",\"publisher\":{\"@id\":\"https:\\\/\\\/diarioprincipios.com\\\/#organization\"},\"potentialAction\":[{\"@type\":\"SearchAction\",\"target\":{\"@type\":\"EntryPoint\",\"urlTemplate\":\"https:\\\/\\\/diarioprincipios.com\\\/?s={search_term_string}\"},\"query-input\":{\"@type\":\"PropertyValueSpecification\",\"valueRequired\":true,\"valueName\":\"search_term_string\"}}],\"inLanguage\":\"es\"},{\"@type\":\"Organization\",\"@id\":\"https:\\\/\\\/diarioprincipios.com\\\/#organization\",\"name\":\"Principios\",\"url\":\"https:\\\/\\\/diarioprincipios.com\\\/\",\"logo\":{\"@type\":\"ImageObject\",\"inLanguage\":\"es\",\"@id\":\"https:\\\/\\\/diarioprincipios.com\\\/#\\\/schema\\\/logo\\\/image\\\/\",\"url\":\"https:\\\/\\\/diarioprincipios.com\\\/wp-content\\\/uploads\\\/2024\\\/04\\\/cropped-www.diarioprincipios.com_-1.png\",\"contentUrl\":\"https:\\\/\\\/diarioprincipios.com\\\/wp-content\\\/uploads\\\/2024\\\/04\\\/cropped-www.diarioprincipios.com_-1.png\",\"width\":5325,\"height\":1454,\"caption\":\"Principios\"},\"image\":{\"@id\":\"https:\\\/\\\/diarioprincipios.com\\\/#\\\/schema\\\/logo\\\/image\\\/\"}},{\"@type\":\"Person\",\"@id\":\"https:\\\/\\\/diarioprincipios.com\\\/#\\\/schema\\\/person\\\/436d5a1fd41a5e250e23ff5a6a7cb080\",\"name\":\"Hern\u00e1n L\u00f3pez\",\"image\":{\"@type\":\"ImageObject\",\"inLanguage\":\"es\",\"@id\":\"https:\\\/\\\/diarioprincipios.com\\\/wp-content\\\/litespeed\\\/avatar\\\/11ddfe5610ff3bd100522525b2571f48.jpg?ver=1777048341\",\"url\":\"https:\\\/\\\/diarioprincipios.com\\\/wp-content\\\/litespeed\\\/avatar\\\/11ddfe5610ff3bd100522525b2571f48.jpg?ver=1777048341\",\"contentUrl\":\"https:\\\/\\\/diarioprincipios.com\\\/wp-content\\\/litespeed\\\/avatar\\\/11ddfe5610ff3bd100522525b2571f48.jpg?ver=1777048341\",\"caption\":\"Hern\u00e1n L\u00f3pez\"},\"url\":\"https:\\\/\\\/diarioprincipios.com\\\/index.php\\\/author\\\/hernan\\\/\"}]}<\/script>\n<!-- \/ Yoast SEO plugin. -->","yoast_head_json":{"title":"Siguen aumentando los casos de Coronavirus en Quilmes - Principios","robots":{"index":"index","follow":"follow","max-snippet":"max-snippet:-1","max-image-preview":"max-image-preview:large","max-video-preview":"max-video-preview:-1"},"canonical":"https:\/\/diarioprincipios.com\/index.php\/2020\/05\/04\/siguen-aumentando-los-casos-de-coronavirus-en-quilmes\/","og_locale":"es_ES","og_type":"article","og_title":"Siguen aumentando los casos de Coronavirus en Quilmes - Principios","og_description":"El distrito de Quilmes, que ya es el Municipio del sur del conurbano con m\u00e1s casos de coronavirus (tambi\u00e9n de dengue) sigue sumando nuevos contagios, llegando hoy a la cantidad de 86 infectados confirmados, seg\u00fan informaci\u00f3n oficial difundida por la comuna. Asimismo, hay 103 pacientes que est\u00e1n en estudio, 4 que lamentablemente han fallecido y...","og_url":"https:\/\/diarioprincipios.com\/index.php\/2020\/05\/04\/siguen-aumentando-los-casos-de-coronavirus-en-quilmes\/","og_site_name":"Principios","article_published_time":"2020-05-04T00:52:12+00:00","article_modified_time":"2020-05-04T00:52:14+00:00","og_image":[{"width":750,"height":747,"url":"https:\/\/diarioprincipios.com\/wp-content\/uploads\/2020\/05\/quilf.jpg","type":"image\/jpeg"}],"author":"Hern\u00e1n L\u00f3pez","twitter_card":"summary_large_image","twitter_misc":{"Escrito por":"Hern\u00e1n L\u00f3pez"},"schema":{"@context":"https:\/\/schema.org","@graph":[{"@type":"Article","@id":"https:\/\/diarioprincipios.com\/index.php\/2020\/05\/04\/siguen-aumentando-los-casos-de-coronavirus-en-quilmes\/#article","isPartOf":{"@id":"https:\/\/diarioprincipios.com\/index.php\/2020\/05\/04\/siguen-aumentando-los-casos-de-coronavirus-en-quilmes\/"},"author":{"name":"Hern\u00e1n L\u00f3pez","@id":"https:\/\/diarioprincipios.com\/#\/schema\/person\/436d5a1fd41a5e250e23ff5a6a7cb080"},"headline":"Siguen aumentando los casos de Coronavirus en Quilmes","datePublished":"2020-05-04T00:52:12+00:00","dateModified":"2020-05-04T00:52:14+00:00","mainEntityOfPage":{"@id":"https:\/\/diarioprincipios.com\/index.php\/2020\/05\/04\/siguen-aumentando-los-casos-de-coronavirus-en-quilmes\/"},"wordCount":102,"commentCount":0,"publisher":{"@id":"https:\/\/diarioprincipios.com\/#organization"},"image":{"@id":"https:\/\/diarioprincipios.com\/index.php\/2020\/05\/04\/siguen-aumentando-los-casos-de-coronavirus-en-quilmes\/#primaryimage"},"thumbnailUrl":"https:\/\/diarioprincipios.com\/wp-content\/uploads\/2020\/05\/quilf.jpg","articleSection":["Quilmes"],"inLanguage":"es","potentialAction":[{"@type":"CommentAction","name":"Comment","target":["https:\/\/diarioprincipios.com\/index.php\/2020\/05\/04\/siguen-aumentando-los-casos-de-coronavirus-en-quilmes\/#respond"]}]},{"@type":"WebPage","@id":"https:\/\/diarioprincipios.com\/index.php\/2020\/05\/04\/siguen-aumentando-los-casos-de-coronavirus-en-quilmes\/","url":"https:\/\/diarioprincipios.com\/index.php\/2020\/05\/04\/siguen-aumentando-los-casos-de-coronavirus-en-quilmes\/","name":"Siguen aumentando los casos de Coronavirus en Quilmes - Principios","isPartOf":{"@id":"https:\/\/diarioprincipios.com\/#website"},"primaryImageOfPage":{"@id":"https:\/\/diarioprincipios.com\/index.php\/2020\/05\/04\/siguen-aumentando-los-casos-de-coronavirus-en-quilmes\/#primaryimage"},"image":{"@id":"https:\/\/diarioprincipios.com\/index.php\/2020\/05\/04\/siguen-aumentando-los-casos-de-coronavirus-en-quilmes\/#primaryimage"},"thumbnailUrl":"https:\/\/diarioprincipios.com\/wp-content\/uploads\/2020\/05\/quilf.jpg","datePublished":"2020-05-04T00:52:12+00:00","dateModified":"2020-05-04T00:52:14+00:00","breadcrumb":{"@id":"https:\/\/diarioprincipios.com\/index.php\/2020\/05\/04\/siguen-aumentando-los-casos-de-coronavirus-en-quilmes\/#breadcrumb"},"inLanguage":"es","potentialAction":[{"@type":"ReadAction","target":["https:\/\/diarioprincipios.com\/index.php\/2020\/05\/04\/siguen-aumentando-los-casos-de-coronavirus-en-quilmes\/"]}]},{"@type":"ImageObject","inLanguage":"es","@id":"https:\/\/diarioprincipios.com\/index.php\/2020\/05\/04\/siguen-aumentando-los-casos-de-coronavirus-en-quilmes\/#primaryimage","url":"https:\/\/diarioprincipios.com\/wp-content\/uploads\/2020\/05\/quilf.jpg","contentUrl":"https:\/\/diarioprincipios.com\/wp-content\/uploads\/2020\/05\/quilf.jpg","width":750,"height":747},{"@type":"BreadcrumbList","@id":"https:\/\/diarioprincipios.com\/index.php\/2020\/05\/04\/siguen-aumentando-los-casos-de-coronavirus-en-quilmes\/#breadcrumb","itemListElement":[{"@type":"ListItem","position":1,"name":"Portada","item":"https:\/\/diarioprincipios.com\/"},{"@type":"ListItem","position":2,"name":"Siguen aumentando los casos de Coronavirus en Quilmes"}]},{"@type":"WebSite","@id":"https:\/\/diarioprincipios.com\/#website","url":"https:\/\/diarioprincipios.com\/","name":"Principios","description":"Principios Diario","publisher":{"@id":"https:\/\/diarioprincipios.com\/#organization"},"potentialAction":[{"@type":"SearchAction","target":{"@type":"EntryPoint","urlTemplate":"https:\/\/diarioprincipios.com\/?s={search_term_string}"},"query-input":{"@type":"PropertyValueSpecification","valueRequired":true,"valueName":"search_term_string"}}],"inLanguage":"es"},{"@type":"Organization","@id":"https:\/\/diarioprincipios.com\/#organization","name":"Principios","url":"https:\/\/diarioprincipios.com\/","logo":{"@type":"ImageObject","inLanguage":"es","@id":"https:\/\/diarioprincipios.com\/#\/schema\/logo\/image\/","url":"https:\/\/diarioprincipios.com\/wp-content\/uploads\/2024\/04\/cropped-www.diarioprincipios.com_-1.png","contentUrl":"https:\/\/diarioprincipios.com\/wp-content\/uploads\/2024\/04\/cropped-www.diarioprincipios.com_-1.png","width":5325,"height":1454,"caption":"Principios"},"image":{"@id":"https:\/\/diarioprincipios.com\/#\/schema\/logo\/image\/"}},{"@type":"Person","@id":"https:\/\/diarioprincipios.com\/#\/schema\/person\/436d5a1fd41a5e250e23ff5a6a7cb080","name":"Hern\u00e1n L\u00f3pez","image":{"@type":"ImageObject","inLanguage":"es","@id":"https:\/\/diarioprincipios.com\/wp-content\/litespeed\/avatar\/11ddfe5610ff3bd100522525b2571f48.jpg?ver=1777048341","url":"https:\/\/diarioprincipios.com\/wp-content\/litespeed\/avatar\/11ddfe5610ff3bd100522525b2571f48.jpg?ver=1777048341","contentUrl":"https:\/\/diarioprincipios.com\/wp-content\/litespeed\/avatar\/11ddfe5610ff3bd100522525b2571f48.jpg?ver=1777048341","caption":"Hern\u00e1n L\u00f3pez"},"url":"https:\/\/diarioprincipios.com\/index.php\/author\/hernan\/"}]}},"jetpack_featured_media_url":"https:\/\/diarioprincipios.com\/wp-content\/uploads\/2020\/05\/quilf.jpg","_links":{"self":[{"href":"https:\/\/diarioprincipios.com\/index.php\/wp-json\/wp\/v2\/posts\/1149","targetHints":{"allow":["GET"]}}],"collection":[{"href":"https:\/\/diarioprincipios.com\/index.php\/wp-json\/wp\/v2\/posts"}],"about":[{"href":"https:\/\/diarioprincipios.com\/index.php\/wp-json\/wp\/v2\/types\/post"}],"author":[{"embeddable":true,"href":"https:\/\/diarioprincipios.com\/index.php\/wp-json\/wp\/v2\/users\/2"}],"replies":[{"embeddable":true,"href":"https:\/\/diarioprincipios.com\/index.php\/wp-json\/wp\/v2\/comments?post=1149"}],"version-history":[{"count":1,"href":"https:\/\/diarioprincipios.com\/index.php\/wp-json\/wp\/v2\/posts\/1149\/revisions"}],"predecessor-version":[{"id":1151,"href":"https:\/\/diarioprincipios.com\/index.php\/wp-json\/wp\/v2\/posts\/1149\/revisions\/1151"}],"wp:featuredmedia":[{"embeddable":true,"href":"https:\/\/diarioprincipios.com\/index.php\/wp-json\/wp\/v2\/media\/1150"}],"wp:attachment":[{"href":"https:\/\/diarioprincipios.com\/index.php\/wp-json\/wp\/v2\/media?parent=1149"}],"wp:term":[{"taxonomy":"category","embeddable":true,"href":"https:\/\/diarioprincipios.com\/index.php\/wp-json\/wp\/v2\/categories?post=1149"},{"taxonomy":"post_tag","embeddable":true,"href":"https:\/\/diarioprincipios.com\/index.php\/wp-json\/wp\/v2\/tags?post=1149"}],"curies":[{"name":"wp","href":"https:\/\/api.w.org\/{rel}","templated":true}]}}