{"id":1146,"date":"2020-05-04T00:43:30","date_gmt":"2020-05-04T00:43:30","guid":{"rendered":"http:\/\/diarioprincipios.com\/?p=1146"},"modified":"2020-05-04T00:43:32","modified_gmt":"2020-05-04T00:43:32","slug":"desde-este-lunes-en-berazategui-tomaran-la-temperatura-en-la-fila-de-los-bancos-y-en-el-edificio-municipal","status":"publish","type":"post","link":"https:\/\/diarioprincipios.com\/index.php\/2020\/05\/04\/desde-este-lunes-en-berazategui-tomaran-la-temperatura-en-la-fila-de-los-bancos-y-en-el-edificio-municipal\/","title":{"rendered":"Desde este lunes en Berazategui tomar\u00e1n la temperatura en la fila de los Bancos y en el Edificio Municipal"},"content":{"rendered":"\n<p><strong>A partir de este lunes 4 de mayo, el Municipio de Berazategui implementar\u00e1 la toma de temperatura a todos los empleados que ingresen al Edificio municipal (Av. 14 e\/ 131 y 131 A), entre las 7.00 y las 10.00, al igual que ya se ven\u00eda haciendo con los recolectores de residuos y barrenderos en la Coordinaci\u00f3n General de Higiene Urbana. Adem\u00e1s, de forma rotativa, un equipo de enfermeros se encargar\u00e1 de hacer lo mismo con los vecinos que se acerquen hasta los diferentes bancos de la Ciudad.<\/strong><\/p>\n\n\n\n<p>Para la implementaci\u00f3n de esta nueva medida sanitaria, en el marco de la actual pandemia de Coronavirus (COVID-19), se utilizar\u00e1 una de las tres c\u00e1maras de control de fiebre que fueron donadas al municipio por el vecino Pablo Ciabocco. Estos term\u00f3metros especiales funcionan inhalando los rayos infrarrojos que emite el cuerpo -sin entrar en contacto con la persona- y ofrecen resultados en solo un segundo.<\/p>\n\n\n\n<p>Los otros dos nuevos equipos, en tanto, ser\u00e1n destinados a esta misma tarea en las filas de los distintos bancos del distrito, de manera rotativa, algo que ya se ven\u00eda desarrollando con dispositivos digitales tradicionales.<\/p>\n","protected":false},"excerpt":{"rendered":"<p>A partir de este lunes 4 de mayo, el Municipio de Berazategui implementar\u00e1 la toma de temperatura a todos los empleados que ingresen al Edificio municipal (Av. 14 e\/ 131 y 131 A), entre las 7.00 y las 10.00, al igual que ya se ven\u00eda haciendo con los recolectores de residuos y barrenderos en la&#8230;<\/p>\n","protected":false},"author":2,"featured_media":1147,"comment_status":"open","ping_status":"open","sticky":false,"template":"","format":"standard","meta":{"footnotes":""},"categories":[3],"tags":[],"class_list":["post-1146","post","type-post","status-publish","format-standard","has-post-thumbnail","hentry","category-berazategui"],"featured_image_src":"https:\/\/diarioprincipios.com\/wp-content\/uploads\/2020\/05\/TEMPERATURA_TRABAJADORES_MUNICIPALES_FILA_BANCOS_4-1024x768.jpeg","blog_images":{"medium":"https:\/\/diarioprincipios.com\/wp-content\/uploads\/2020\/05\/TEMPERATURA_TRABAJADORES_MUNICIPALES_FILA_BANCOS_4-300x225.jpeg","large":"https:\/\/diarioprincipios.com\/wp-content\/uploads\/2020\/05\/TEMPERATURA_TRABAJADORES_MUNICIPALES_FILA_BANCOS_4-1024x768.jpeg"},"ams_acf":[],"yoast_head":"<!-- This site is optimized with the Yoast SEO plugin v27.3 - https:\/\/yoast.com\/product\/yoast-seo-wordpress\/ -->\n<title>Desde este lunes en Berazategui tomar\u00e1n la temperatura en la fila de los Bancos y en el Edificio Municipal - Principios<\/title>\n<meta name=\"robots\" content=\"index, follow, max-snippet:-1, max-image-preview:large, max-video-preview:-1\" \/>\n<link rel=\"canonical\" href=\"https:\/\/diarioprincipios.com\/index.php\/2020\/05\/04\/desde-este-lunes-en-berazategui-tomaran-la-temperatura-en-la-fila-de-los-bancos-y-en-el-edificio-municipal\/\" \/>\n<meta property=\"og:locale\" content=\"es_ES\" \/>\n<meta property=\"og:type\" content=\"article\" \/>\n<meta property=\"og:title\" content=\"Desde este lunes en Berazategui tomar\u00e1n la temperatura en la fila de los Bancos y en el Edificio Municipal - Principios\" \/>\n<meta property=\"og:description\" content=\"A partir de este lunes 4 de mayo, el Municipio de Berazategui implementar\u00e1 la toma de temperatura a todos los empleados que ingresen al Edificio municipal (Av. 14 e\/ 131 y 131 A), entre las 7.00 y las 10.00, al igual que ya se ven\u00eda haciendo con los recolectores de residuos y barrenderos en la...\" \/>\n<meta property=\"og:url\" content=\"https:\/\/diarioprincipios.com\/index.php\/2020\/05\/04\/desde-este-lunes-en-berazategui-tomaran-la-temperatura-en-la-fila-de-los-bancos-y-en-el-edificio-municipal\/\" \/>\n<meta property=\"og:site_name\" content=\"Principios\" \/>\n<meta property=\"article:published_time\" content=\"2020-05-04T00:43:30+00:00\" \/>\n<meta property=\"article:modified_time\" content=\"2020-05-04T00:43:32+00:00\" \/>\n<meta property=\"og:image\" content=\"https:\/\/diarioprincipios.com\/wp-content\/uploads\/2020\/05\/TEMPERATURA_TRABAJADORES_MUNICIPALES_FILA_BANCOS_4.jpeg\" \/>\n\t<meta property=\"og:image:width\" content=\"1280\" \/>\n\t<meta property=\"og:image:height\" content=\"960\" \/>\n\t<meta property=\"og:image:type\" content=\"image\/jpeg\" \/>\n<meta name=\"author\" content=\"Hern\u00e1n L\u00f3pez\" \/>\n<meta name=\"twitter:card\" content=\"summary_large_image\" \/>\n<meta name=\"twitter:label1\" content=\"Escrito por\" \/>\n\t<meta name=\"twitter:data1\" content=\"Hern\u00e1n L\u00f3pez\" \/>\n\t<meta name=\"twitter:label2\" content=\"Tiempo de lectura\" \/>\n\t<meta name=\"twitter:data2\" content=\"1 minuto\" \/>\n<script type=\"application\/ld+json\" class=\"yoast-schema-graph\">{\"@context\":\"https:\\\/\\\/schema.org\",\"@graph\":[{\"@type\":\"Article\",\"@id\":\"https:\\\/\\\/diarioprincipios.com\\\/index.php\\\/2020\\\/05\\\/04\\\/desde-este-lunes-en-berazategui-tomaran-la-temperatura-en-la-fila-de-los-bancos-y-en-el-edificio-municipal\\\/#article\",\"isPartOf\":{\"@id\":\"https:\\\/\\\/diarioprincipios.com\\\/index.php\\\/2020\\\/05\\\/04\\\/desde-este-lunes-en-berazategui-tomaran-la-temperatura-en-la-fila-de-los-bancos-y-en-el-edificio-municipal\\\/\"},\"author\":{\"name\":\"Hern\u00e1n L\u00f3pez\",\"@id\":\"https:\\\/\\\/diarioprincipios.com\\\/#\\\/schema\\\/person\\\/436d5a1fd41a5e250e23ff5a6a7cb080\"},\"headline\":\"Desde este lunes en Berazategui tomar\u00e1n la temperatura en la fila de los Bancos y en el Edificio Municipal\",\"datePublished\":\"2020-05-04T00:43:30+00:00\",\"dateModified\":\"2020-05-04T00:43:32+00:00\",\"mainEntityOfPage\":{\"@id\":\"https:\\\/\\\/diarioprincipios.com\\\/index.php\\\/2020\\\/05\\\/04\\\/desde-este-lunes-en-berazategui-tomaran-la-temperatura-en-la-fila-de-los-bancos-y-en-el-edificio-municipal\\\/\"},\"wordCount\":209,\"commentCount\":0,\"publisher\":{\"@id\":\"https:\\\/\\\/diarioprincipios.com\\\/#organization\"},\"image\":{\"@id\":\"https:\\\/\\\/diarioprincipios.com\\\/index.php\\\/2020\\\/05\\\/04\\\/desde-este-lunes-en-berazategui-tomaran-la-temperatura-en-la-fila-de-los-bancos-y-en-el-edificio-municipal\\\/#primaryimage\"},\"thumbnailUrl\":\"https:\\\/\\\/diarioprincipios.com\\\/wp-content\\\/uploads\\\/2020\\\/05\\\/TEMPERATURA_TRABAJADORES_MUNICIPALES_FILA_BANCOS_4.jpeg\",\"articleSection\":[\"Berazategui\"],\"inLanguage\":\"es\",\"potentialAction\":[{\"@type\":\"CommentAction\",\"name\":\"Comment\",\"target\":[\"https:\\\/\\\/diarioprincipios.com\\\/index.php\\\/2020\\\/05\\\/04\\\/desde-este-lunes-en-berazategui-tomaran-la-temperatura-en-la-fila-de-los-bancos-y-en-el-edificio-municipal\\\/#respond\"]}]},{\"@type\":\"WebPage\",\"@id\":\"https:\\\/\\\/diarioprincipios.com\\\/index.php\\\/2020\\\/05\\\/04\\\/desde-este-lunes-en-berazategui-tomaran-la-temperatura-en-la-fila-de-los-bancos-y-en-el-edificio-municipal\\\/\",\"url\":\"https:\\\/\\\/diarioprincipios.com\\\/index.php\\\/2020\\\/05\\\/04\\\/desde-este-lunes-en-berazategui-tomaran-la-temperatura-en-la-fila-de-los-bancos-y-en-el-edificio-municipal\\\/\",\"name\":\"Desde este lunes en Berazategui tomar\u00e1n la temperatura en la fila de los Bancos y en el Edificio Municipal - Principios\",\"isPartOf\":{\"@id\":\"https:\\\/\\\/diarioprincipios.com\\\/#website\"},\"primaryImageOfPage\":{\"@id\":\"https:\\\/\\\/diarioprincipios.com\\\/index.php\\\/2020\\\/05\\\/04\\\/desde-este-lunes-en-berazategui-tomaran-la-temperatura-en-la-fila-de-los-bancos-y-en-el-edificio-municipal\\\/#primaryimage\"},\"image\":{\"@id\":\"https:\\\/\\\/diarioprincipios.com\\\/index.php\\\/2020\\\/05\\\/04\\\/desde-este-lunes-en-berazategui-tomaran-la-temperatura-en-la-fila-de-los-bancos-y-en-el-edificio-municipal\\\/#primaryimage\"},\"thumbnailUrl\":\"https:\\\/\\\/diarioprincipios.com\\\/wp-content\\\/uploads\\\/2020\\\/05\\\/TEMPERATURA_TRABAJADORES_MUNICIPALES_FILA_BANCOS_4.jpeg\",\"datePublished\":\"2020-05-04T00:43:30+00:00\",\"dateModified\":\"2020-05-04T00:43:32+00:00\",\"breadcrumb\":{\"@id\":\"https:\\\/\\\/diarioprincipios.com\\\/index.php\\\/2020\\\/05\\\/04\\\/desde-este-lunes-en-berazategui-tomaran-la-temperatura-en-la-fila-de-los-bancos-y-en-el-edificio-municipal\\\/#breadcrumb\"},\"inLanguage\":\"es\",\"potentialAction\":[{\"@type\":\"ReadAction\",\"target\":[\"https:\\\/\\\/diarioprincipios.com\\\/index.php\\\/2020\\\/05\\\/04\\\/desde-este-lunes-en-berazategui-tomaran-la-temperatura-en-la-fila-de-los-bancos-y-en-el-edificio-municipal\\\/\"]}]},{\"@type\":\"ImageObject\",\"inLanguage\":\"es\",\"@id\":\"https:\\\/\\\/diarioprincipios.com\\\/index.php\\\/2020\\\/05\\\/04\\\/desde-este-lunes-en-berazategui-tomaran-la-temperatura-en-la-fila-de-los-bancos-y-en-el-edificio-municipal\\\/#primaryimage\",\"url\":\"https:\\\/\\\/diarioprincipios.com\\\/wp-content\\\/uploads\\\/2020\\\/05\\\/TEMPERATURA_TRABAJADORES_MUNICIPALES_FILA_BANCOS_4.jpeg\",\"contentUrl\":\"https:\\\/\\\/diarioprincipios.com\\\/wp-content\\\/uploads\\\/2020\\\/05\\\/TEMPERATURA_TRABAJADORES_MUNICIPALES_FILA_BANCOS_4.jpeg\",\"width\":1280,\"height\":960},{\"@type\":\"BreadcrumbList\",\"@id\":\"https:\\\/\\\/diarioprincipios.com\\\/index.php\\\/2020\\\/05\\\/04\\\/desde-este-lunes-en-berazategui-tomaran-la-temperatura-en-la-fila-de-los-bancos-y-en-el-edificio-municipal\\\/#breadcrumb\",\"itemListElement\":[{\"@type\":\"ListItem\",\"position\":1,\"name\":\"Portada\",\"item\":\"https:\\\/\\\/diarioprincipios.com\\\/\"},{\"@type\":\"ListItem\",\"position\":2,\"name\":\"Desde este lunes en Berazategui tomar\u00e1n la temperatura en la fila de los Bancos y en el Edificio Municipal\"}]},{\"@type\":\"WebSite\",\"@id\":\"https:\\\/\\\/diarioprincipios.com\\\/#website\",\"url\":\"https:\\\/\\\/diarioprincipios.com\\\/\",\"name\":\"Principios\",\"description\":\"Principios Diario\",\"publisher\":{\"@id\":\"https:\\\/\\\/diarioprincipios.com\\\/#organization\"},\"potentialAction\":[{\"@type\":\"SearchAction\",\"target\":{\"@type\":\"EntryPoint\",\"urlTemplate\":\"https:\\\/\\\/diarioprincipios.com\\\/?s={search_term_string}\"},\"query-input\":{\"@type\":\"PropertyValueSpecification\",\"valueRequired\":true,\"valueName\":\"search_term_string\"}}],\"inLanguage\":\"es\"},{\"@type\":\"Organization\",\"@id\":\"https:\\\/\\\/diarioprincipios.com\\\/#organization\",\"name\":\"Principios\",\"url\":\"https:\\\/\\\/diarioprincipios.com\\\/\",\"logo\":{\"@type\":\"ImageObject\",\"inLanguage\":\"es\",\"@id\":\"https:\\\/\\\/diarioprincipios.com\\\/#\\\/schema\\\/logo\\\/image\\\/\",\"url\":\"https:\\\/\\\/diarioprincipios.com\\\/wp-content\\\/uploads\\\/2024\\\/04\\\/cropped-www.diarioprincipios.com_-1.png\",\"contentUrl\":\"https:\\\/\\\/diarioprincipios.com\\\/wp-content\\\/uploads\\\/2024\\\/04\\\/cropped-www.diarioprincipios.com_-1.png\",\"width\":5325,\"height\":1454,\"caption\":\"Principios\"},\"image\":{\"@id\":\"https:\\\/\\\/diarioprincipios.com\\\/#\\\/schema\\\/logo\\\/image\\\/\"}},{\"@type\":\"Person\",\"@id\":\"https:\\\/\\\/diarioprincipios.com\\\/#\\\/schema\\\/person\\\/436d5a1fd41a5e250e23ff5a6a7cb080\",\"name\":\"Hern\u00e1n L\u00f3pez\",\"image\":{\"@type\":\"ImageObject\",\"inLanguage\":\"es\",\"@id\":\"https:\\\/\\\/diarioprincipios.com\\\/wp-content\\\/litespeed\\\/avatar\\\/11ddfe5610ff3bd100522525b2571f48.jpg?ver=1777048341\",\"url\":\"https:\\\/\\\/diarioprincipios.com\\\/wp-content\\\/litespeed\\\/avatar\\\/11ddfe5610ff3bd100522525b2571f48.jpg?ver=1777048341\",\"contentUrl\":\"https:\\\/\\\/diarioprincipios.com\\\/wp-content\\\/litespeed\\\/avatar\\\/11ddfe5610ff3bd100522525b2571f48.jpg?ver=1777048341\",\"caption\":\"Hern\u00e1n L\u00f3pez\"},\"url\":\"https:\\\/\\\/diarioprincipios.com\\\/index.php\\\/author\\\/hernan\\\/\"}]}<\/script>\n<!-- \/ Yoast SEO plugin. -->","yoast_head_json":{"title":"Desde este lunes en Berazategui tomar\u00e1n la temperatura en la fila de los Bancos y en el Edificio Municipal - Principios","robots":{"index":"index","follow":"follow","max-snippet":"max-snippet:-1","max-image-preview":"max-image-preview:large","max-video-preview":"max-video-preview:-1"},"canonical":"https:\/\/diarioprincipios.com\/index.php\/2020\/05\/04\/desde-este-lunes-en-berazategui-tomaran-la-temperatura-en-la-fila-de-los-bancos-y-en-el-edificio-municipal\/","og_locale":"es_ES","og_type":"article","og_title":"Desde este lunes en Berazategui tomar\u00e1n la temperatura en la fila de los Bancos y en el Edificio Municipal - Principios","og_description":"A partir de este lunes 4 de mayo, el Municipio de Berazategui implementar\u00e1 la toma de temperatura a todos los empleados que ingresen al Edificio municipal (Av. 14 e\/ 131 y 131 A), entre las 7.00 y las 10.00, al igual que ya se ven\u00eda haciendo con los recolectores de residuos y barrenderos en la...","og_url":"https:\/\/diarioprincipios.com\/index.php\/2020\/05\/04\/desde-este-lunes-en-berazategui-tomaran-la-temperatura-en-la-fila-de-los-bancos-y-en-el-edificio-municipal\/","og_site_name":"Principios","article_published_time":"2020-05-04T00:43:30+00:00","article_modified_time":"2020-05-04T00:43:32+00:00","og_image":[{"width":1280,"height":960,"url":"https:\/\/diarioprincipios.com\/wp-content\/uploads\/2020\/05\/TEMPERATURA_TRABAJADORES_MUNICIPALES_FILA_BANCOS_4.jpeg","type":"image\/jpeg"}],"author":"Hern\u00e1n L\u00f3pez","twitter_card":"summary_large_image","twitter_misc":{"Escrito por":"Hern\u00e1n L\u00f3pez","Tiempo de lectura":"1 minuto"},"schema":{"@context":"https:\/\/schema.org","@graph":[{"@type":"Article","@id":"https:\/\/diarioprincipios.com\/index.php\/2020\/05\/04\/desde-este-lunes-en-berazategui-tomaran-la-temperatura-en-la-fila-de-los-bancos-y-en-el-edificio-municipal\/#article","isPartOf":{"@id":"https:\/\/diarioprincipios.com\/index.php\/2020\/05\/04\/desde-este-lunes-en-berazategui-tomaran-la-temperatura-en-la-fila-de-los-bancos-y-en-el-edificio-municipal\/"},"author":{"name":"Hern\u00e1n L\u00f3pez","@id":"https:\/\/diarioprincipios.com\/#\/schema\/person\/436d5a1fd41a5e250e23ff5a6a7cb080"},"headline":"Desde este lunes en Berazategui tomar\u00e1n la temperatura en la fila de los Bancos y en el Edificio Municipal","datePublished":"2020-05-04T00:43:30+00:00","dateModified":"2020-05-04T00:43:32+00:00","mainEntityOfPage":{"@id":"https:\/\/diarioprincipios.com\/index.php\/2020\/05\/04\/desde-este-lunes-en-berazategui-tomaran-la-temperatura-en-la-fila-de-los-bancos-y-en-el-edificio-municipal\/"},"wordCount":209,"commentCount":0,"publisher":{"@id":"https:\/\/diarioprincipios.com\/#organization"},"image":{"@id":"https:\/\/diarioprincipios.com\/index.php\/2020\/05\/04\/desde-este-lunes-en-berazategui-tomaran-la-temperatura-en-la-fila-de-los-bancos-y-en-el-edificio-municipal\/#primaryimage"},"thumbnailUrl":"https:\/\/diarioprincipios.com\/wp-content\/uploads\/2020\/05\/TEMPERATURA_TRABAJADORES_MUNICIPALES_FILA_BANCOS_4.jpeg","articleSection":["Berazategui"],"inLanguage":"es","potentialAction":[{"@type":"CommentAction","name":"Comment","target":["https:\/\/diarioprincipios.com\/index.php\/2020\/05\/04\/desde-este-lunes-en-berazategui-tomaran-la-temperatura-en-la-fila-de-los-bancos-y-en-el-edificio-municipal\/#respond"]}]},{"@type":"WebPage","@id":"https:\/\/diarioprincipios.com\/index.php\/2020\/05\/04\/desde-este-lunes-en-berazategui-tomaran-la-temperatura-en-la-fila-de-los-bancos-y-en-el-edificio-municipal\/","url":"https:\/\/diarioprincipios.com\/index.php\/2020\/05\/04\/desde-este-lunes-en-berazategui-tomaran-la-temperatura-en-la-fila-de-los-bancos-y-en-el-edificio-municipal\/","name":"Desde este lunes en Berazategui tomar\u00e1n la temperatura en la fila de los Bancos y en el Edificio Municipal - Principios","isPartOf":{"@id":"https:\/\/diarioprincipios.com\/#website"},"primaryImageOfPage":{"@id":"https:\/\/diarioprincipios.com\/index.php\/2020\/05\/04\/desde-este-lunes-en-berazategui-tomaran-la-temperatura-en-la-fila-de-los-bancos-y-en-el-edificio-municipal\/#primaryimage"},"image":{"@id":"https:\/\/diarioprincipios.com\/index.php\/2020\/05\/04\/desde-este-lunes-en-berazategui-tomaran-la-temperatura-en-la-fila-de-los-bancos-y-en-el-edificio-municipal\/#primaryimage"},"thumbnailUrl":"https:\/\/diarioprincipios.com\/wp-content\/uploads\/2020\/05\/TEMPERATURA_TRABAJADORES_MUNICIPALES_FILA_BANCOS_4.jpeg","datePublished":"2020-05-04T00:43:30+00:00","dateModified":"2020-05-04T00:43:32+00:00","breadcrumb":{"@id":"https:\/\/diarioprincipios.com\/index.php\/2020\/05\/04\/desde-este-lunes-en-berazategui-tomaran-la-temperatura-en-la-fila-de-los-bancos-y-en-el-edificio-municipal\/#breadcrumb"},"inLanguage":"es","potentialAction":[{"@type":"ReadAction","target":["https:\/\/diarioprincipios.com\/index.php\/2020\/05\/04\/desde-este-lunes-en-berazategui-tomaran-la-temperatura-en-la-fila-de-los-bancos-y-en-el-edificio-municipal\/"]}]},{"@type":"ImageObject","inLanguage":"es","@id":"https:\/\/diarioprincipios.com\/index.php\/2020\/05\/04\/desde-este-lunes-en-berazategui-tomaran-la-temperatura-en-la-fila-de-los-bancos-y-en-el-edificio-municipal\/#primaryimage","url":"https:\/\/diarioprincipios.com\/wp-content\/uploads\/2020\/05\/TEMPERATURA_TRABAJADORES_MUNICIPALES_FILA_BANCOS_4.jpeg","contentUrl":"https:\/\/diarioprincipios.com\/wp-content\/uploads\/2020\/05\/TEMPERATURA_TRABAJADORES_MUNICIPALES_FILA_BANCOS_4.jpeg","width":1280,"height":960},{"@type":"BreadcrumbList","@id":"https:\/\/diarioprincipios.com\/index.php\/2020\/05\/04\/desde-este-lunes-en-berazategui-tomaran-la-temperatura-en-la-fila-de-los-bancos-y-en-el-edificio-municipal\/#breadcrumb","itemListElement":[{"@type":"ListItem","position":1,"name":"Portada","item":"https:\/\/diarioprincipios.com\/"},{"@type":"ListItem","position":2,"name":"Desde este lunes en Berazategui tomar\u00e1n la temperatura en la fila de los Bancos y en el Edificio Municipal"}]},{"@type":"WebSite","@id":"https:\/\/diarioprincipios.com\/#website","url":"https:\/\/diarioprincipios.com\/","name":"Principios","description":"Principios Diario","publisher":{"@id":"https:\/\/diarioprincipios.com\/#organization"},"potentialAction":[{"@type":"SearchAction","target":{"@type":"EntryPoint","urlTemplate":"https:\/\/diarioprincipios.com\/?s={search_term_string}"},"query-input":{"@type":"PropertyValueSpecification","valueRequired":true,"valueName":"search_term_string"}}],"inLanguage":"es"},{"@type":"Organization","@id":"https:\/\/diarioprincipios.com\/#organization","name":"Principios","url":"https:\/\/diarioprincipios.com\/","logo":{"@type":"ImageObject","inLanguage":"es","@id":"https:\/\/diarioprincipios.com\/#\/schema\/logo\/image\/","url":"https:\/\/diarioprincipios.com\/wp-content\/uploads\/2024\/04\/cropped-www.diarioprincipios.com_-1.png","contentUrl":"https:\/\/diarioprincipios.com\/wp-content\/uploads\/2024\/04\/cropped-www.diarioprincipios.com_-1.png","width":5325,"height":1454,"caption":"Principios"},"image":{"@id":"https:\/\/diarioprincipios.com\/#\/schema\/logo\/image\/"}},{"@type":"Person","@id":"https:\/\/diarioprincipios.com\/#\/schema\/person\/436d5a1fd41a5e250e23ff5a6a7cb080","name":"Hern\u00e1n L\u00f3pez","image":{"@type":"ImageObject","inLanguage":"es","@id":"https:\/\/diarioprincipios.com\/wp-content\/litespeed\/avatar\/11ddfe5610ff3bd100522525b2571f48.jpg?ver=1777048341","url":"https:\/\/diarioprincipios.com\/wp-content\/litespeed\/avatar\/11ddfe5610ff3bd100522525b2571f48.jpg?ver=1777048341","contentUrl":"https:\/\/diarioprincipios.com\/wp-content\/litespeed\/avatar\/11ddfe5610ff3bd100522525b2571f48.jpg?ver=1777048341","caption":"Hern\u00e1n L\u00f3pez"},"url":"https:\/\/diarioprincipios.com\/index.php\/author\/hernan\/"}]}},"jetpack_featured_media_url":"https:\/\/diarioprincipios.com\/wp-content\/uploads\/2020\/05\/TEMPERATURA_TRABAJADORES_MUNICIPALES_FILA_BANCOS_4.jpeg","_links":{"self":[{"href":"https:\/\/diarioprincipios.com\/index.php\/wp-json\/wp\/v2\/posts\/1146","targetHints":{"allow":["GET"]}}],"collection":[{"href":"https:\/\/diarioprincipios.com\/index.php\/wp-json\/wp\/v2\/posts"}],"about":[{"href":"https:\/\/diarioprincipios.com\/index.php\/wp-json\/wp\/v2\/types\/post"}],"author":[{"embeddable":true,"href":"https:\/\/diarioprincipios.com\/index.php\/wp-json\/wp\/v2\/users\/2"}],"replies":[{"embeddable":true,"href":"https:\/\/diarioprincipios.com\/index.php\/wp-json\/wp\/v2\/comments?post=1146"}],"version-history":[{"count":1,"href":"https:\/\/diarioprincipios.com\/index.php\/wp-json\/wp\/v2\/posts\/1146\/revisions"}],"predecessor-version":[{"id":1148,"href":"https:\/\/diarioprincipios.com\/index.php\/wp-json\/wp\/v2\/posts\/1146\/revisions\/1148"}],"wp:featuredmedia":[{"embeddable":true,"href":"https:\/\/diarioprincipios.com\/index.php\/wp-json\/wp\/v2\/media\/1147"}],"wp:attachment":[{"href":"https:\/\/diarioprincipios.com\/index.php\/wp-json\/wp\/v2\/media?parent=1146"}],"wp:term":[{"taxonomy":"category","embeddable":true,"href":"https:\/\/diarioprincipios.com\/index.php\/wp-json\/wp\/v2\/categories?post=1146"},{"taxonomy":"post_tag","embeddable":true,"href":"https:\/\/diarioprincipios.com\/index.php\/wp-json\/wp\/v2\/tags?post=1146"}],"curies":[{"name":"wp","href":"https:\/\/api.w.org\/{rel}","templated":true}]}}