{"id":1131,"date":"2020-05-03T00:29:07","date_gmt":"2020-05-03T00:29:07","guid":{"rendered":"http:\/\/diarioprincipios.com\/?p=1131"},"modified":"2020-05-03T00:29:10","modified_gmt":"2020-05-03T00:29:10","slug":"mas-de-2-mil-vecinos-visitaron-la-plataforma-de-contenidos-educativos-del-municipio-que-fue-ideada-por-patricio-mussi","status":"publish","type":"post","link":"https:\/\/diarioprincipios.com\/index.php\/2020\/05\/03\/mas-de-2-mil-vecinos-visitaron-la-plataforma-de-contenidos-educativos-del-municipio-que-fue-ideada-por-patricio-mussi\/","title":{"rendered":"M\u00e1s de 2 mil vecinos visitaron la Plataforma de Contenidos Educativos del Municipio que fue ideada por Patricio Mussi"},"content":{"rendered":"\n<p><strong>La novedosa Plataforma de contenidos educativos desarrollada por la Municipalidad de Berazategui ya fue visitada por m\u00e1s de 2000 vecinos. En este sitio, de acceso libre y gratuito, puede encontrarse material de las 13 \u00e1reas educativas de la Secretar\u00eda de Cultura y Educaci\u00f3n, entre los que se destacan videos tutoriales, art\u00edculos pedag\u00f3gicos, galer\u00edas de fotos, libros, actividades para hacer en familia y muchas otras herramientas de aprendizaje.<br><\/strong><br>El contenido educativo de esta Plataforma, ideada por el ex intendente de Berazategui, Juan Patricio Mussi, quien trabaj\u00f3 junto a un equipo especializado para su creaci\u00f3n, es actualizado cada semana. Por lo tanto, el p\u00fablico puede acceder en forma cont\u00ednua a nuevos materiales preparados especialmente para disfrutar a distancia. En este sentido, pr\u00f3ximamente se sumar\u00e1 como novedad el aula de la Campa\u00f1a Municipal de Alfabetizaci\u00f3n, a trav\u00e9s del cual se ofrecer\u00e1 un taller virtual con inscripci\u00f3n previa.<\/p>\n\n\n\n<p>\u201cLa Plataforma es un recurso novedoso que implementamos para que todos los vecinos de Berazategui puedan acceder a contenido educativo y capacitarse en sus casas. Quiero destacar que esta herramienta digital no reemplaza a los talleres presenciales que dicta la Secretar\u00eda, pero es un avance importante para complementar nuestra oferta educativa\u201d, inform\u00f3 el secretario de Cultura y Educaci\u00f3n local, Federico L\u00f3pez.<\/p>\n\n\n\n<p>Asimismo, el Funcionario subray\u00f3: \u201cEstamos orgullosos de que el Municipio pueda ofrecer este servicio en forma gratuita, y que est\u00e1 en pleno crecimiento, ya que en poco tiempo tambi\u00e9n se sumar\u00e1n con actividades otras \u00e1reas que no son meramente educativas, como Arte P\u00fablico, Museos e Industrias Creativas\u201d.<\/p>\n\n\n\n<p>Todos aquellos vecinos que deseen disfrutar de esta propuesta, pueden hacerlo ingresando en&nbsp;<a rel=\"noreferrer noopener\" target=\"_blank\" href=\"http:\/\/berazategui.gob.ar\/cultura\/plataformaeducativa\">Berazategui.gob.ar\/cultura\/plataformaeducativa<\/a>. All\u00ed, deber\u00e1n generar un usuario y contrase\u00f1a, siguiendo los pasos que indica el sistema. Quienes tengan inconvenientes a la hora de registrarse, tambi\u00e9n pueden acceder a un did\u00e1ctico tutorial disponible en las redes sociales de la Secretar\u00eda de Cultura y Educaci\u00f3n municipal (@CulturaBe).<\/p>\n","protected":false},"excerpt":{"rendered":"<p>La novedosa Plataforma de contenidos educativos desarrollada por la Municipalidad de Berazategui ya fue visitada por m\u00e1s de 2000 vecinos. En este sitio, de acceso libre y gratuito, puede encontrarse material de las 13 \u00e1reas educativas de la Secretar\u00eda de Cultura y Educaci\u00f3n, entre los que se destacan videos tutoriales, art\u00edculos pedag\u00f3gicos, galer\u00edas de fotos,&#8230;<\/p>\n","protected":false},"author":2,"featured_media":1132,"comment_status":"open","ping_status":"open","sticky":false,"template":"","format":"standard","meta":{"footnotes":""},"categories":[3],"tags":[],"class_list":["post-1131","post","type-post","status-publish","format-standard","has-post-thumbnail","hentry","category-berazategui"],"featured_image_src":"https:\/\/diarioprincipios.com\/wp-content\/uploads\/2020\/05\/M\u00c1S-DE-2000-VECINOS-YA-VISITARON-LA-PLATAFORMA-DE-CONTENIDOS-EDUCATIVOS-DEL-MUNICIPIO-1024x638.png","blog_images":{"medium":"https:\/\/diarioprincipios.com\/wp-content\/uploads\/2020\/05\/M\u00c1S-DE-2000-VECINOS-YA-VISITARON-LA-PLATAFORMA-DE-CONTENIDOS-EDUCATIVOS-DEL-MUNICIPIO-300x187.png","large":"https:\/\/diarioprincipios.com\/wp-content\/uploads\/2020\/05\/M\u00c1S-DE-2000-VECINOS-YA-VISITARON-LA-PLATAFORMA-DE-CONTENIDOS-EDUCATIVOS-DEL-MUNICIPIO-1024x638.png"},"ams_acf":[],"yoast_head":"<!-- This site is optimized with the Yoast SEO plugin v27.3 - https:\/\/yoast.com\/product\/yoast-seo-wordpress\/ -->\n<title>M\u00e1s de 2 mil vecinos visitaron la Plataforma de Contenidos Educativos del Municipio que fue ideada por Patricio Mussi - Principios<\/title>\n<meta name=\"robots\" content=\"index, follow, max-snippet:-1, max-image-preview:large, max-video-preview:-1\" \/>\n<link rel=\"canonical\" href=\"https:\/\/diarioprincipios.com\/index.php\/2020\/05\/03\/mas-de-2-mil-vecinos-visitaron-la-plataforma-de-contenidos-educativos-del-municipio-que-fue-ideada-por-patricio-mussi\/\" \/>\n<meta property=\"og:locale\" content=\"es_ES\" \/>\n<meta property=\"og:type\" content=\"article\" \/>\n<meta property=\"og:title\" content=\"M\u00e1s de 2 mil vecinos visitaron la Plataforma de Contenidos Educativos del Municipio que fue ideada por Patricio Mussi - Principios\" \/>\n<meta property=\"og:description\" content=\"La novedosa Plataforma de contenidos educativos desarrollada por la Municipalidad de Berazategui ya fue visitada por m\u00e1s de 2000 vecinos. En este sitio, de acceso libre y gratuito, puede encontrarse material de las 13 \u00e1reas educativas de la Secretar\u00eda de Cultura y Educaci\u00f3n, entre los que se destacan videos tutoriales, art\u00edculos pedag\u00f3gicos, galer\u00edas de fotos,...\" \/>\n<meta property=\"og:url\" content=\"https:\/\/diarioprincipios.com\/index.php\/2020\/05\/03\/mas-de-2-mil-vecinos-visitaron-la-plataforma-de-contenidos-educativos-del-municipio-que-fue-ideada-por-patricio-mussi\/\" \/>\n<meta property=\"og:site_name\" content=\"Principios\" \/>\n<meta property=\"article:published_time\" content=\"2020-05-03T00:29:07+00:00\" \/>\n<meta property=\"article:modified_time\" content=\"2020-05-03T00:29:10+00:00\" \/>\n<meta property=\"og:image\" content=\"https:\/\/diarioprincipios.com\/wp-content\/uploads\/2020\/05\/M\u00c1S-DE-2000-VECINOS-YA-VISITARON-LA-PLATAFORMA-DE-CONTENIDOS-EDUCATIVOS-DEL-MUNICIPIO.png\" \/>\n\t<meta property=\"og:image:width\" content=\"1682\" \/>\n\t<meta property=\"og:image:height\" content=\"1048\" \/>\n\t<meta property=\"og:image:type\" content=\"image\/png\" \/>\n<meta name=\"author\" content=\"Hern\u00e1n L\u00f3pez\" \/>\n<meta name=\"twitter:card\" content=\"summary_large_image\" \/>\n<meta name=\"twitter:label1\" content=\"Escrito por\" \/>\n\t<meta name=\"twitter:data1\" content=\"Hern\u00e1n L\u00f3pez\" \/>\n\t<meta name=\"twitter:label2\" content=\"Tiempo de lectura\" \/>\n\t<meta name=\"twitter:data2\" content=\"2 minutos\" \/>\n<script type=\"application\/ld+json\" class=\"yoast-schema-graph\">{\"@context\":\"https:\\\/\\\/schema.org\",\"@graph\":[{\"@type\":\"Article\",\"@id\":\"https:\\\/\\\/diarioprincipios.com\\\/index.php\\\/2020\\\/05\\\/03\\\/mas-de-2-mil-vecinos-visitaron-la-plataforma-de-contenidos-educativos-del-municipio-que-fue-ideada-por-patricio-mussi\\\/#article\",\"isPartOf\":{\"@id\":\"https:\\\/\\\/diarioprincipios.com\\\/index.php\\\/2020\\\/05\\\/03\\\/mas-de-2-mil-vecinos-visitaron-la-plataforma-de-contenidos-educativos-del-municipio-que-fue-ideada-por-patricio-mussi\\\/\"},\"author\":{\"name\":\"Hern\u00e1n L\u00f3pez\",\"@id\":\"https:\\\/\\\/diarioprincipios.com\\\/#\\\/schema\\\/person\\\/436d5a1fd41a5e250e23ff5a6a7cb080\"},\"headline\":\"M\u00e1s de 2 mil vecinos visitaron la Plataforma de Contenidos Educativos del Municipio que fue ideada por Patricio Mussi\",\"datePublished\":\"2020-05-03T00:29:07+00:00\",\"dateModified\":\"2020-05-03T00:29:10+00:00\",\"mainEntityOfPage\":{\"@id\":\"https:\\\/\\\/diarioprincipios.com\\\/index.php\\\/2020\\\/05\\\/03\\\/mas-de-2-mil-vecinos-visitaron-la-plataforma-de-contenidos-educativos-del-municipio-que-fue-ideada-por-patricio-mussi\\\/\"},\"wordCount\":357,\"commentCount\":0,\"publisher\":{\"@id\":\"https:\\\/\\\/diarioprincipios.com\\\/#organization\"},\"image\":{\"@id\":\"https:\\\/\\\/diarioprincipios.com\\\/index.php\\\/2020\\\/05\\\/03\\\/mas-de-2-mil-vecinos-visitaron-la-plataforma-de-contenidos-educativos-del-municipio-que-fue-ideada-por-patricio-mussi\\\/#primaryimage\"},\"thumbnailUrl\":\"https:\\\/\\\/diarioprincipios.com\\\/wp-content\\\/uploads\\\/2020\\\/05\\\/M\u00c1S-DE-2000-VECINOS-YA-VISITARON-LA-PLATAFORMA-DE-CONTENIDOS-EDUCATIVOS-DEL-MUNICIPIO.png\",\"articleSection\":[\"Berazategui\"],\"inLanguage\":\"es\",\"potentialAction\":[{\"@type\":\"CommentAction\",\"name\":\"Comment\",\"target\":[\"https:\\\/\\\/diarioprincipios.com\\\/index.php\\\/2020\\\/05\\\/03\\\/mas-de-2-mil-vecinos-visitaron-la-plataforma-de-contenidos-educativos-del-municipio-que-fue-ideada-por-patricio-mussi\\\/#respond\"]}]},{\"@type\":\"WebPage\",\"@id\":\"https:\\\/\\\/diarioprincipios.com\\\/index.php\\\/2020\\\/05\\\/03\\\/mas-de-2-mil-vecinos-visitaron-la-plataforma-de-contenidos-educativos-del-municipio-que-fue-ideada-por-patricio-mussi\\\/\",\"url\":\"https:\\\/\\\/diarioprincipios.com\\\/index.php\\\/2020\\\/05\\\/03\\\/mas-de-2-mil-vecinos-visitaron-la-plataforma-de-contenidos-educativos-del-municipio-que-fue-ideada-por-patricio-mussi\\\/\",\"name\":\"M\u00e1s de 2 mil vecinos visitaron la Plataforma de Contenidos Educativos del Municipio que fue ideada por Patricio Mussi - Principios\",\"isPartOf\":{\"@id\":\"https:\\\/\\\/diarioprincipios.com\\\/#website\"},\"primaryImageOfPage\":{\"@id\":\"https:\\\/\\\/diarioprincipios.com\\\/index.php\\\/2020\\\/05\\\/03\\\/mas-de-2-mil-vecinos-visitaron-la-plataforma-de-contenidos-educativos-del-municipio-que-fue-ideada-por-patricio-mussi\\\/#primaryimage\"},\"image\":{\"@id\":\"https:\\\/\\\/diarioprincipios.com\\\/index.php\\\/2020\\\/05\\\/03\\\/mas-de-2-mil-vecinos-visitaron-la-plataforma-de-contenidos-educativos-del-municipio-que-fue-ideada-por-patricio-mussi\\\/#primaryimage\"},\"thumbnailUrl\":\"https:\\\/\\\/diarioprincipios.com\\\/wp-content\\\/uploads\\\/2020\\\/05\\\/M\u00c1S-DE-2000-VECINOS-YA-VISITARON-LA-PLATAFORMA-DE-CONTENIDOS-EDUCATIVOS-DEL-MUNICIPIO.png\",\"datePublished\":\"2020-05-03T00:29:07+00:00\",\"dateModified\":\"2020-05-03T00:29:10+00:00\",\"breadcrumb\":{\"@id\":\"https:\\\/\\\/diarioprincipios.com\\\/index.php\\\/2020\\\/05\\\/03\\\/mas-de-2-mil-vecinos-visitaron-la-plataforma-de-contenidos-educativos-del-municipio-que-fue-ideada-por-patricio-mussi\\\/#breadcrumb\"},\"inLanguage\":\"es\",\"potentialAction\":[{\"@type\":\"ReadAction\",\"target\":[\"https:\\\/\\\/diarioprincipios.com\\\/index.php\\\/2020\\\/05\\\/03\\\/mas-de-2-mil-vecinos-visitaron-la-plataforma-de-contenidos-educativos-del-municipio-que-fue-ideada-por-patricio-mussi\\\/\"]}]},{\"@type\":\"ImageObject\",\"inLanguage\":\"es\",\"@id\":\"https:\\\/\\\/diarioprincipios.com\\\/index.php\\\/2020\\\/05\\\/03\\\/mas-de-2-mil-vecinos-visitaron-la-plataforma-de-contenidos-educativos-del-municipio-que-fue-ideada-por-patricio-mussi\\\/#primaryimage\",\"url\":\"https:\\\/\\\/diarioprincipios.com\\\/wp-content\\\/uploads\\\/2020\\\/05\\\/M\u00c1S-DE-2000-VECINOS-YA-VISITARON-LA-PLATAFORMA-DE-CONTENIDOS-EDUCATIVOS-DEL-MUNICIPIO.png\",\"contentUrl\":\"https:\\\/\\\/diarioprincipios.com\\\/wp-content\\\/uploads\\\/2020\\\/05\\\/M\u00c1S-DE-2000-VECINOS-YA-VISITARON-LA-PLATAFORMA-DE-CONTENIDOS-EDUCATIVOS-DEL-MUNICIPIO.png\",\"width\":1682,\"height\":1048},{\"@type\":\"BreadcrumbList\",\"@id\":\"https:\\\/\\\/diarioprincipios.com\\\/index.php\\\/2020\\\/05\\\/03\\\/mas-de-2-mil-vecinos-visitaron-la-plataforma-de-contenidos-educativos-del-municipio-que-fue-ideada-por-patricio-mussi\\\/#breadcrumb\",\"itemListElement\":[{\"@type\":\"ListItem\",\"position\":1,\"name\":\"Portada\",\"item\":\"https:\\\/\\\/diarioprincipios.com\\\/\"},{\"@type\":\"ListItem\",\"position\":2,\"name\":\"M\u00e1s de 2 mil vecinos visitaron la Plataforma de Contenidos Educativos del Municipio que fue ideada por Patricio Mussi\"}]},{\"@type\":\"WebSite\",\"@id\":\"https:\\\/\\\/diarioprincipios.com\\\/#website\",\"url\":\"https:\\\/\\\/diarioprincipios.com\\\/\",\"name\":\"Principios\",\"description\":\"Principios Diario\",\"publisher\":{\"@id\":\"https:\\\/\\\/diarioprincipios.com\\\/#organization\"},\"potentialAction\":[{\"@type\":\"SearchAction\",\"target\":{\"@type\":\"EntryPoint\",\"urlTemplate\":\"https:\\\/\\\/diarioprincipios.com\\\/?s={search_term_string}\"},\"query-input\":{\"@type\":\"PropertyValueSpecification\",\"valueRequired\":true,\"valueName\":\"search_term_string\"}}],\"inLanguage\":\"es\"},{\"@type\":\"Organization\",\"@id\":\"https:\\\/\\\/diarioprincipios.com\\\/#organization\",\"name\":\"Principios\",\"url\":\"https:\\\/\\\/diarioprincipios.com\\\/\",\"logo\":{\"@type\":\"ImageObject\",\"inLanguage\":\"es\",\"@id\":\"https:\\\/\\\/diarioprincipios.com\\\/#\\\/schema\\\/logo\\\/image\\\/\",\"url\":\"https:\\\/\\\/diarioprincipios.com\\\/wp-content\\\/uploads\\\/2024\\\/04\\\/cropped-www.diarioprincipios.com_-1.png\",\"contentUrl\":\"https:\\\/\\\/diarioprincipios.com\\\/wp-content\\\/uploads\\\/2024\\\/04\\\/cropped-www.diarioprincipios.com_-1.png\",\"width\":5325,\"height\":1454,\"caption\":\"Principios\"},\"image\":{\"@id\":\"https:\\\/\\\/diarioprincipios.com\\\/#\\\/schema\\\/logo\\\/image\\\/\"}},{\"@type\":\"Person\",\"@id\":\"https:\\\/\\\/diarioprincipios.com\\\/#\\\/schema\\\/person\\\/436d5a1fd41a5e250e23ff5a6a7cb080\",\"name\":\"Hern\u00e1n L\u00f3pez\",\"image\":{\"@type\":\"ImageObject\",\"inLanguage\":\"es\",\"@id\":\"https:\\\/\\\/diarioprincipios.com\\\/wp-content\\\/litespeed\\\/avatar\\\/11ddfe5610ff3bd100522525b2571f48.jpg?ver=1777048341\",\"url\":\"https:\\\/\\\/diarioprincipios.com\\\/wp-content\\\/litespeed\\\/avatar\\\/11ddfe5610ff3bd100522525b2571f48.jpg?ver=1777048341\",\"contentUrl\":\"https:\\\/\\\/diarioprincipios.com\\\/wp-content\\\/litespeed\\\/avatar\\\/11ddfe5610ff3bd100522525b2571f48.jpg?ver=1777048341\",\"caption\":\"Hern\u00e1n L\u00f3pez\"},\"url\":\"https:\\\/\\\/diarioprincipios.com\\\/index.php\\\/author\\\/hernan\\\/\"}]}<\/script>\n<!-- \/ Yoast SEO plugin. -->","yoast_head_json":{"title":"M\u00e1s de 2 mil vecinos visitaron la Plataforma de Contenidos Educativos del Municipio que fue ideada por Patricio Mussi - Principios","robots":{"index":"index","follow":"follow","max-snippet":"max-snippet:-1","max-image-preview":"max-image-preview:large","max-video-preview":"max-video-preview:-1"},"canonical":"https:\/\/diarioprincipios.com\/index.php\/2020\/05\/03\/mas-de-2-mil-vecinos-visitaron-la-plataforma-de-contenidos-educativos-del-municipio-que-fue-ideada-por-patricio-mussi\/","og_locale":"es_ES","og_type":"article","og_title":"M\u00e1s de 2 mil vecinos visitaron la Plataforma de Contenidos Educativos del Municipio que fue ideada por Patricio Mussi - Principios","og_description":"La novedosa Plataforma de contenidos educativos desarrollada por la Municipalidad de Berazategui ya fue visitada por m\u00e1s de 2000 vecinos. En este sitio, de acceso libre y gratuito, puede encontrarse material de las 13 \u00e1reas educativas de la Secretar\u00eda de Cultura y Educaci\u00f3n, entre los que se destacan videos tutoriales, art\u00edculos pedag\u00f3gicos, galer\u00edas de fotos,...","og_url":"https:\/\/diarioprincipios.com\/index.php\/2020\/05\/03\/mas-de-2-mil-vecinos-visitaron-la-plataforma-de-contenidos-educativos-del-municipio-que-fue-ideada-por-patricio-mussi\/","og_site_name":"Principios","article_published_time":"2020-05-03T00:29:07+00:00","article_modified_time":"2020-05-03T00:29:10+00:00","og_image":[{"width":1682,"height":1048,"url":"https:\/\/diarioprincipios.com\/wp-content\/uploads\/2020\/05\/M\u00c1S-DE-2000-VECINOS-YA-VISITARON-LA-PLATAFORMA-DE-CONTENIDOS-EDUCATIVOS-DEL-MUNICIPIO.png","type":"image\/png"}],"author":"Hern\u00e1n L\u00f3pez","twitter_card":"summary_large_image","twitter_misc":{"Escrito por":"Hern\u00e1n L\u00f3pez","Tiempo de lectura":"2 minutos"},"schema":{"@context":"https:\/\/schema.org","@graph":[{"@type":"Article","@id":"https:\/\/diarioprincipios.com\/index.php\/2020\/05\/03\/mas-de-2-mil-vecinos-visitaron-la-plataforma-de-contenidos-educativos-del-municipio-que-fue-ideada-por-patricio-mussi\/#article","isPartOf":{"@id":"https:\/\/diarioprincipios.com\/index.php\/2020\/05\/03\/mas-de-2-mil-vecinos-visitaron-la-plataforma-de-contenidos-educativos-del-municipio-que-fue-ideada-por-patricio-mussi\/"},"author":{"name":"Hern\u00e1n L\u00f3pez","@id":"https:\/\/diarioprincipios.com\/#\/schema\/person\/436d5a1fd41a5e250e23ff5a6a7cb080"},"headline":"M\u00e1s de 2 mil vecinos visitaron la Plataforma de Contenidos Educativos del Municipio que fue ideada por Patricio Mussi","datePublished":"2020-05-03T00:29:07+00:00","dateModified":"2020-05-03T00:29:10+00:00","mainEntityOfPage":{"@id":"https:\/\/diarioprincipios.com\/index.php\/2020\/05\/03\/mas-de-2-mil-vecinos-visitaron-la-plataforma-de-contenidos-educativos-del-municipio-que-fue-ideada-por-patricio-mussi\/"},"wordCount":357,"commentCount":0,"publisher":{"@id":"https:\/\/diarioprincipios.com\/#organization"},"image":{"@id":"https:\/\/diarioprincipios.com\/index.php\/2020\/05\/03\/mas-de-2-mil-vecinos-visitaron-la-plataforma-de-contenidos-educativos-del-municipio-que-fue-ideada-por-patricio-mussi\/#primaryimage"},"thumbnailUrl":"https:\/\/diarioprincipios.com\/wp-content\/uploads\/2020\/05\/M\u00c1S-DE-2000-VECINOS-YA-VISITARON-LA-PLATAFORMA-DE-CONTENIDOS-EDUCATIVOS-DEL-MUNICIPIO.png","articleSection":["Berazategui"],"inLanguage":"es","potentialAction":[{"@type":"CommentAction","name":"Comment","target":["https:\/\/diarioprincipios.com\/index.php\/2020\/05\/03\/mas-de-2-mil-vecinos-visitaron-la-plataforma-de-contenidos-educativos-del-municipio-que-fue-ideada-por-patricio-mussi\/#respond"]}]},{"@type":"WebPage","@id":"https:\/\/diarioprincipios.com\/index.php\/2020\/05\/03\/mas-de-2-mil-vecinos-visitaron-la-plataforma-de-contenidos-educativos-del-municipio-que-fue-ideada-por-patricio-mussi\/","url":"https:\/\/diarioprincipios.com\/index.php\/2020\/05\/03\/mas-de-2-mil-vecinos-visitaron-la-plataforma-de-contenidos-educativos-del-municipio-que-fue-ideada-por-patricio-mussi\/","name":"M\u00e1s de 2 mil vecinos visitaron la Plataforma de Contenidos Educativos del Municipio que fue ideada por Patricio Mussi - Principios","isPartOf":{"@id":"https:\/\/diarioprincipios.com\/#website"},"primaryImageOfPage":{"@id":"https:\/\/diarioprincipios.com\/index.php\/2020\/05\/03\/mas-de-2-mil-vecinos-visitaron-la-plataforma-de-contenidos-educativos-del-municipio-que-fue-ideada-por-patricio-mussi\/#primaryimage"},"image":{"@id":"https:\/\/diarioprincipios.com\/index.php\/2020\/05\/03\/mas-de-2-mil-vecinos-visitaron-la-plataforma-de-contenidos-educativos-del-municipio-que-fue-ideada-por-patricio-mussi\/#primaryimage"},"thumbnailUrl":"https:\/\/diarioprincipios.com\/wp-content\/uploads\/2020\/05\/M\u00c1S-DE-2000-VECINOS-YA-VISITARON-LA-PLATAFORMA-DE-CONTENIDOS-EDUCATIVOS-DEL-MUNICIPIO.png","datePublished":"2020-05-03T00:29:07+00:00","dateModified":"2020-05-03T00:29:10+00:00","breadcrumb":{"@id":"https:\/\/diarioprincipios.com\/index.php\/2020\/05\/03\/mas-de-2-mil-vecinos-visitaron-la-plataforma-de-contenidos-educativos-del-municipio-que-fue-ideada-por-patricio-mussi\/#breadcrumb"},"inLanguage":"es","potentialAction":[{"@type":"ReadAction","target":["https:\/\/diarioprincipios.com\/index.php\/2020\/05\/03\/mas-de-2-mil-vecinos-visitaron-la-plataforma-de-contenidos-educativos-del-municipio-que-fue-ideada-por-patricio-mussi\/"]}]},{"@type":"ImageObject","inLanguage":"es","@id":"https:\/\/diarioprincipios.com\/index.php\/2020\/05\/03\/mas-de-2-mil-vecinos-visitaron-la-plataforma-de-contenidos-educativos-del-municipio-que-fue-ideada-por-patricio-mussi\/#primaryimage","url":"https:\/\/diarioprincipios.com\/wp-content\/uploads\/2020\/05\/M\u00c1S-DE-2000-VECINOS-YA-VISITARON-LA-PLATAFORMA-DE-CONTENIDOS-EDUCATIVOS-DEL-MUNICIPIO.png","contentUrl":"https:\/\/diarioprincipios.com\/wp-content\/uploads\/2020\/05\/M\u00c1S-DE-2000-VECINOS-YA-VISITARON-LA-PLATAFORMA-DE-CONTENIDOS-EDUCATIVOS-DEL-MUNICIPIO.png","width":1682,"height":1048},{"@type":"BreadcrumbList","@id":"https:\/\/diarioprincipios.com\/index.php\/2020\/05\/03\/mas-de-2-mil-vecinos-visitaron-la-plataforma-de-contenidos-educativos-del-municipio-que-fue-ideada-por-patricio-mussi\/#breadcrumb","itemListElement":[{"@type":"ListItem","position":1,"name":"Portada","item":"https:\/\/diarioprincipios.com\/"},{"@type":"ListItem","position":2,"name":"M\u00e1s de 2 mil vecinos visitaron la Plataforma de Contenidos Educativos del Municipio que fue ideada por Patricio Mussi"}]},{"@type":"WebSite","@id":"https:\/\/diarioprincipios.com\/#website","url":"https:\/\/diarioprincipios.com\/","name":"Principios","description":"Principios Diario","publisher":{"@id":"https:\/\/diarioprincipios.com\/#organization"},"potentialAction":[{"@type":"SearchAction","target":{"@type":"EntryPoint","urlTemplate":"https:\/\/diarioprincipios.com\/?s={search_term_string}"},"query-input":{"@type":"PropertyValueSpecification","valueRequired":true,"valueName":"search_term_string"}}],"inLanguage":"es"},{"@type":"Organization","@id":"https:\/\/diarioprincipios.com\/#organization","name":"Principios","url":"https:\/\/diarioprincipios.com\/","logo":{"@type":"ImageObject","inLanguage":"es","@id":"https:\/\/diarioprincipios.com\/#\/schema\/logo\/image\/","url":"https:\/\/diarioprincipios.com\/wp-content\/uploads\/2024\/04\/cropped-www.diarioprincipios.com_-1.png","contentUrl":"https:\/\/diarioprincipios.com\/wp-content\/uploads\/2024\/04\/cropped-www.diarioprincipios.com_-1.png","width":5325,"height":1454,"caption":"Principios"},"image":{"@id":"https:\/\/diarioprincipios.com\/#\/schema\/logo\/image\/"}},{"@type":"Person","@id":"https:\/\/diarioprincipios.com\/#\/schema\/person\/436d5a1fd41a5e250e23ff5a6a7cb080","name":"Hern\u00e1n L\u00f3pez","image":{"@type":"ImageObject","inLanguage":"es","@id":"https:\/\/diarioprincipios.com\/wp-content\/litespeed\/avatar\/11ddfe5610ff3bd100522525b2571f48.jpg?ver=1777048341","url":"https:\/\/diarioprincipios.com\/wp-content\/litespeed\/avatar\/11ddfe5610ff3bd100522525b2571f48.jpg?ver=1777048341","contentUrl":"https:\/\/diarioprincipios.com\/wp-content\/litespeed\/avatar\/11ddfe5610ff3bd100522525b2571f48.jpg?ver=1777048341","caption":"Hern\u00e1n L\u00f3pez"},"url":"https:\/\/diarioprincipios.com\/index.php\/author\/hernan\/"}]}},"jetpack_featured_media_url":"https:\/\/diarioprincipios.com\/wp-content\/uploads\/2020\/05\/M\u00c1S-DE-2000-VECINOS-YA-VISITARON-LA-PLATAFORMA-DE-CONTENIDOS-EDUCATIVOS-DEL-MUNICIPIO.png","_links":{"self":[{"href":"https:\/\/diarioprincipios.com\/index.php\/wp-json\/wp\/v2\/posts\/1131","targetHints":{"allow":["GET"]}}],"collection":[{"href":"https:\/\/diarioprincipios.com\/index.php\/wp-json\/wp\/v2\/posts"}],"about":[{"href":"https:\/\/diarioprincipios.com\/index.php\/wp-json\/wp\/v2\/types\/post"}],"author":[{"embeddable":true,"href":"https:\/\/diarioprincipios.com\/index.php\/wp-json\/wp\/v2\/users\/2"}],"replies":[{"embeddable":true,"href":"https:\/\/diarioprincipios.com\/index.php\/wp-json\/wp\/v2\/comments?post=1131"}],"version-history":[{"count":1,"href":"https:\/\/diarioprincipios.com\/index.php\/wp-json\/wp\/v2\/posts\/1131\/revisions"}],"predecessor-version":[{"id":1133,"href":"https:\/\/diarioprincipios.com\/index.php\/wp-json\/wp\/v2\/posts\/1131\/revisions\/1133"}],"wp:featuredmedia":[{"embeddable":true,"href":"https:\/\/diarioprincipios.com\/index.php\/wp-json\/wp\/v2\/media\/1132"}],"wp:attachment":[{"href":"https:\/\/diarioprincipios.com\/index.php\/wp-json\/wp\/v2\/media?parent=1131"}],"wp:term":[{"taxonomy":"category","embeddable":true,"href":"https:\/\/diarioprincipios.com\/index.php\/wp-json\/wp\/v2\/categories?post=1131"},{"taxonomy":"post_tag","embeddable":true,"href":"https:\/\/diarioprincipios.com\/index.php\/wp-json\/wp\/v2\/tags?post=1131"}],"curies":[{"name":"wp","href":"https:\/\/api.w.org\/{rel}","templated":true}]}}