{"id":1102,"date":"2020-05-01T17:36:14","date_gmt":"2020-05-01T17:36:14","guid":{"rendered":"http:\/\/diarioprincipios.com\/?p=1102"},"modified":"2020-05-01T17:42:37","modified_gmt":"2020-05-01T17:42:37","slug":"finalizo-la-obra-de-12-nuevos-hospitales-modulares-para-atender-coronavirus","status":"publish","type":"post","link":"https:\/\/diarioprincipios.com\/index.php\/2020\/05\/01\/finalizo-la-obra-de-12-nuevos-hospitales-modulares-para-atender-coronavirus\/","title":{"rendered":"Finaliz\u00f3 la obra de 12 nuevos hospitales modulares para atender coronavirus"},"content":{"rendered":"\n<p>El Gobierno nacional anunci\u00f3 hoy la finalizaci\u00f3n de la obra civil en los 12 hospitales modulares de emergencia, construidos en \u00abtiempo r\u00e9cord\u00bb para ampliar la capacidad de atenci\u00f3n de la red sanitaria p\u00fablica, con el fin de afrontar con mayor capacidad de atenci\u00f3n la pandemia del coronavirus.<\/p>\n\n\n\n<p>\u201cDonde antes hab\u00eda tierra, logramos construir 12 hospitales modulares de emergencia de calidad. Ya est\u00e1 lista la obra civil, ahora nos queda equiparlos\u00bb, sostuvo hoy el ministro de Obras P\u00fablicas, Gabriel Katopodis, al hacer el anuncio tras supervisar las nuevas unidades.<\/p>\n\n\n\n<p>En un comunicado, Katopodis aclar\u00f3 que \u00abest\u00e1n pensados para la emergencia de hoy, pero van a quedar para que todas y todos podamos usarlos m\u00e1s all\u00e1 de la pandemia\u201d.<\/p>\n\n\n\n<p>Los 12 nuevos hospitales de emergencia est\u00e1n en Florencio Varela, Quilmes, Tres de Febrero, Hurlingham, Moreno, Lomas de Zamora, Almirante Brown, Gral. Rodr\u00edguez, Mar del Plata, todos en la provincia de Buenos Aires, y en Resistencia (Chaco), Gran C\u00f3rdoba y Granadero Baigorria (Santa Fe).<\/p>\n\n\n\n<p>Debido a la emergencia por la pandemia, Katopodis hab\u00eda anunciado el pasado 18 de marzo, en Casa Rosada, la construcci\u00f3n de esos hospitales, que son modulares, para \u00abfortalecer el sistema p\u00fablico de salud\u00bb.<\/p>\n\n\n\n<p>En este sentido, el ministro recorri\u00f3 en las \u00faltimas horas las unidades modulares ubicadas en el conurbano y en C\u00f3rdoba y Santa Fe para agradecerles a los trabajadores que estuvieron a cargo de la tarea.<\/p>\n\n\n\n<p>Katopodis remarc\u00f3 que los hospitales fueron \u00abconstruidos en tiempo r\u00e9cord por decisi\u00f3n del presidente Alberto Fern\u00e1ndez, en articulaci\u00f3n con Axel Kicillof y cada gobierno local\u00bb.<\/p>\n\n\n\n<p>\u00abEsto fue posible gracias al enorme compromiso de los trabajadores y trabajadoras que se esforzaron d\u00eda y noche, estando lejos de sus casas\u201d, destac\u00f3.<\/p>\n\n\n\n<p>Acerca de c\u00f3mo sigue la obra, explic\u00f3 que \u00abel pr\u00f3ximo lunes comenzar\u00e1 a instalarse en cada unidad todo el equipamiento sanitario necesario para asistir a personas afectadas por la pandemia\u00bb.<\/p>\n\n\n\n<p>El ministro puntualiz\u00f3 que \u00abestas unidades permiten sumar 840 camas de terapia e internaci\u00f3n, funcionar\u00e1n las 24 horas, contar\u00e1n con un equipo de 100 trabajadores y trabajadoras de la salud por cada hospital y, una vez que finalice la pandemia, quedar\u00e1n para la comunidad\u00bb.<\/p>\n\n\n\n<p>\u00abSe tratan -seg\u00fan detall\u00f3- de m\u00f3dulos de construcci\u00f3n r\u00e1pida de aproximadamente 1000 M2, escalables (es decir que pueden ser ampliados con facilidad es caso de ser necesario), a trav\u00e9s de la metodolog\u00eda de la construcci\u00f3n en seco, lo que permiti\u00f3 su realizaci\u00f3n de manera simult\u00e1nea en turnos rotativos de 24 horas\u00bb.<\/p>\n\n\n\n<p>Katopodis precis\u00f3 que \u00aben la mayor\u00eda de los casos, se anexaron en los terrenos dependientes de las Unidades de Pronta Atenci\u00f3n (UPA)\u00bb, del sector de la salud.<\/p>\n\n\n\n<p>Los hospitales se encuentran en \u00e1reas de alta concentraci\u00f3n demogr\u00e1fica y est\u00e1n equipadas con salas de atenci\u00f3n primaria, de guardia, shock room, laboratorios de an\u00e1lisis cl\u00ednicos, consultorios y \u00e1reas de diagn\u00f3sticos por im\u00e1genes, para lo cual se ampliaron todas las redes de servicios de las UPA.<\/p>\n\n\n\n<p>\u00abTodas estas obras se realizaron bajo el protocolo de seguridad e higiene, impulsado desde el Ministerio de Obras P\u00fablicas. En este sentido, durante la construcci\u00f3n de estos nuevos espacios los trabajadores permanecieron aislados e instalados en la ciudad en la que llevaron adelante sus tareas\u00bb, cont\u00f3 Katopodis.<\/p>\n\n\n\n<p>De acuerdo a lo informado por su cartera, \u00abse destinaron $1.894 millones para la construcci\u00f3n de estas unidades sanitarias adecuadas, sostenibles y resilientes, a partir de las directivas constructivas del Ministerio de Salud\u00bb.<\/p>\n","protected":false},"excerpt":{"rendered":"<p>El Gobierno nacional anunci\u00f3 hoy la finalizaci\u00f3n de la obra civil en los 12 hospitales modulares de emergencia, construidos en \u00abtiempo r\u00e9cord\u00bb para ampliar la capacidad de atenci\u00f3n de la red sanitaria p\u00fablica, con el fin de afrontar con mayor capacidad de atenci\u00f3n la pandemia del coronavirus. \u201cDonde antes hab\u00eda tierra, logramos construir 12 hospitales&#8230;<\/p>\n","protected":false},"author":2,"featured_media":1106,"comment_status":"open","ping_status":"open","sticky":false,"template":"","format":"standard","meta":{"footnotes":""},"categories":[10],"tags":[],"class_list":["post-1102","post","type-post","status-publish","format-standard","has-post-thumbnail","hentry","category-nacion"],"featured_image_src":"https:\/\/diarioprincipios.com\/wp-content\/uploads\/2020\/05\/ff.jpg","blog_images":{"medium":"https:\/\/diarioprincipios.com\/wp-content\/uploads\/2020\/05\/ff-300x169.jpg","large":"https:\/\/diarioprincipios.com\/wp-content\/uploads\/2020\/05\/ff.jpg"},"ams_acf":[],"yoast_head":"<!-- This site is optimized with the Yoast SEO plugin v27.3 - https:\/\/yoast.com\/product\/yoast-seo-wordpress\/ -->\n<title>Finaliz\u00f3 la obra de 12 nuevos hospitales modulares para atender coronavirus - Principios<\/title>\n<meta name=\"robots\" content=\"index, follow, max-snippet:-1, max-image-preview:large, max-video-preview:-1\" \/>\n<link rel=\"canonical\" href=\"https:\/\/diarioprincipios.com\/index.php\/2020\/05\/01\/finalizo-la-obra-de-12-nuevos-hospitales-modulares-para-atender-coronavirus\/\" \/>\n<meta property=\"og:locale\" content=\"es_ES\" \/>\n<meta property=\"og:type\" content=\"article\" \/>\n<meta property=\"og:title\" content=\"Finaliz\u00f3 la obra de 12 nuevos hospitales modulares para atender coronavirus - Principios\" \/>\n<meta property=\"og:description\" content=\"El Gobierno nacional anunci\u00f3 hoy la finalizaci\u00f3n de la obra civil en los 12 hospitales modulares de emergencia, construidos en \u00abtiempo r\u00e9cord\u00bb para ampliar la capacidad de atenci\u00f3n de la red sanitaria p\u00fablica, con el fin de afrontar con mayor capacidad de atenci\u00f3n la pandemia del coronavirus. \u201cDonde antes hab\u00eda tierra, logramos construir 12 hospitales...\" \/>\n<meta property=\"og:url\" content=\"https:\/\/diarioprincipios.com\/index.php\/2020\/05\/01\/finalizo-la-obra-de-12-nuevos-hospitales-modulares-para-atender-coronavirus\/\" \/>\n<meta property=\"og:site_name\" content=\"Principios\" \/>\n<meta property=\"article:published_time\" content=\"2020-05-01T17:36:14+00:00\" \/>\n<meta property=\"article:modified_time\" content=\"2020-05-01T17:42:37+00:00\" \/>\n<meta property=\"og:image\" content=\"https:\/\/diarioprincipios.com\/wp-content\/uploads\/2020\/05\/ff.jpg\" \/>\n\t<meta property=\"og:image:width\" content=\"740\" \/>\n\t<meta property=\"og:image:height\" content=\"416\" \/>\n\t<meta property=\"og:image:type\" content=\"image\/jpeg\" \/>\n<meta name=\"author\" content=\"Hern\u00e1n L\u00f3pez\" \/>\n<meta name=\"twitter:card\" content=\"summary_large_image\" \/>\n<meta name=\"twitter:label1\" content=\"Escrito por\" \/>\n\t<meta name=\"twitter:data1\" content=\"Hern\u00e1n L\u00f3pez\" \/>\n\t<meta name=\"twitter:label2\" content=\"Tiempo de lectura\" \/>\n\t<meta name=\"twitter:data2\" content=\"3 minutos\" \/>\n<script type=\"application\/ld+json\" class=\"yoast-schema-graph\">{\"@context\":\"https:\\\/\\\/schema.org\",\"@graph\":[{\"@type\":\"Article\",\"@id\":\"https:\\\/\\\/diarioprincipios.com\\\/index.php\\\/2020\\\/05\\\/01\\\/finalizo-la-obra-de-12-nuevos-hospitales-modulares-para-atender-coronavirus\\\/#article\",\"isPartOf\":{\"@id\":\"https:\\\/\\\/diarioprincipios.com\\\/index.php\\\/2020\\\/05\\\/01\\\/finalizo-la-obra-de-12-nuevos-hospitales-modulares-para-atender-coronavirus\\\/\"},\"author\":{\"name\":\"Hern\u00e1n L\u00f3pez\",\"@id\":\"https:\\\/\\\/diarioprincipios.com\\\/#\\\/schema\\\/person\\\/436d5a1fd41a5e250e23ff5a6a7cb080\"},\"headline\":\"Finaliz\u00f3 la obra de 12 nuevos hospitales modulares para atender coronavirus\",\"datePublished\":\"2020-05-01T17:36:14+00:00\",\"dateModified\":\"2020-05-01T17:42:37+00:00\",\"mainEntityOfPage\":{\"@id\":\"https:\\\/\\\/diarioprincipios.com\\\/index.php\\\/2020\\\/05\\\/01\\\/finalizo-la-obra-de-12-nuevos-hospitales-modulares-para-atender-coronavirus\\\/\"},\"wordCount\":606,\"commentCount\":0,\"publisher\":{\"@id\":\"https:\\\/\\\/diarioprincipios.com\\\/#organization\"},\"image\":{\"@id\":\"https:\\\/\\\/diarioprincipios.com\\\/index.php\\\/2020\\\/05\\\/01\\\/finalizo-la-obra-de-12-nuevos-hospitales-modulares-para-atender-coronavirus\\\/#primaryimage\"},\"thumbnailUrl\":\"https:\\\/\\\/diarioprincipios.com\\\/wp-content\\\/uploads\\\/2020\\\/05\\\/ff.jpg\",\"articleSection\":[\"Naci\u00f3n\"],\"inLanguage\":\"es\",\"potentialAction\":[{\"@type\":\"CommentAction\",\"name\":\"Comment\",\"target\":[\"https:\\\/\\\/diarioprincipios.com\\\/index.php\\\/2020\\\/05\\\/01\\\/finalizo-la-obra-de-12-nuevos-hospitales-modulares-para-atender-coronavirus\\\/#respond\"]}]},{\"@type\":\"WebPage\",\"@id\":\"https:\\\/\\\/diarioprincipios.com\\\/index.php\\\/2020\\\/05\\\/01\\\/finalizo-la-obra-de-12-nuevos-hospitales-modulares-para-atender-coronavirus\\\/\",\"url\":\"https:\\\/\\\/diarioprincipios.com\\\/index.php\\\/2020\\\/05\\\/01\\\/finalizo-la-obra-de-12-nuevos-hospitales-modulares-para-atender-coronavirus\\\/\",\"name\":\"Finaliz\u00f3 la obra de 12 nuevos hospitales modulares para atender coronavirus - Principios\",\"isPartOf\":{\"@id\":\"https:\\\/\\\/diarioprincipios.com\\\/#website\"},\"primaryImageOfPage\":{\"@id\":\"https:\\\/\\\/diarioprincipios.com\\\/index.php\\\/2020\\\/05\\\/01\\\/finalizo-la-obra-de-12-nuevos-hospitales-modulares-para-atender-coronavirus\\\/#primaryimage\"},\"image\":{\"@id\":\"https:\\\/\\\/diarioprincipios.com\\\/index.php\\\/2020\\\/05\\\/01\\\/finalizo-la-obra-de-12-nuevos-hospitales-modulares-para-atender-coronavirus\\\/#primaryimage\"},\"thumbnailUrl\":\"https:\\\/\\\/diarioprincipios.com\\\/wp-content\\\/uploads\\\/2020\\\/05\\\/ff.jpg\",\"datePublished\":\"2020-05-01T17:36:14+00:00\",\"dateModified\":\"2020-05-01T17:42:37+00:00\",\"breadcrumb\":{\"@id\":\"https:\\\/\\\/diarioprincipios.com\\\/index.php\\\/2020\\\/05\\\/01\\\/finalizo-la-obra-de-12-nuevos-hospitales-modulares-para-atender-coronavirus\\\/#breadcrumb\"},\"inLanguage\":\"es\",\"potentialAction\":[{\"@type\":\"ReadAction\",\"target\":[\"https:\\\/\\\/diarioprincipios.com\\\/index.php\\\/2020\\\/05\\\/01\\\/finalizo-la-obra-de-12-nuevos-hospitales-modulares-para-atender-coronavirus\\\/\"]}]},{\"@type\":\"ImageObject\",\"inLanguage\":\"es\",\"@id\":\"https:\\\/\\\/diarioprincipios.com\\\/index.php\\\/2020\\\/05\\\/01\\\/finalizo-la-obra-de-12-nuevos-hospitales-modulares-para-atender-coronavirus\\\/#primaryimage\",\"url\":\"https:\\\/\\\/diarioprincipios.com\\\/wp-content\\\/uploads\\\/2020\\\/05\\\/ff.jpg\",\"contentUrl\":\"https:\\\/\\\/diarioprincipios.com\\\/wp-content\\\/uploads\\\/2020\\\/05\\\/ff.jpg\",\"width\":740,\"height\":416},{\"@type\":\"BreadcrumbList\",\"@id\":\"https:\\\/\\\/diarioprincipios.com\\\/index.php\\\/2020\\\/05\\\/01\\\/finalizo-la-obra-de-12-nuevos-hospitales-modulares-para-atender-coronavirus\\\/#breadcrumb\",\"itemListElement\":[{\"@type\":\"ListItem\",\"position\":1,\"name\":\"Portada\",\"item\":\"https:\\\/\\\/diarioprincipios.com\\\/\"},{\"@type\":\"ListItem\",\"position\":2,\"name\":\"Finaliz\u00f3 la obra de 12 nuevos hospitales modulares para atender coronavirus\"}]},{\"@type\":\"WebSite\",\"@id\":\"https:\\\/\\\/diarioprincipios.com\\\/#website\",\"url\":\"https:\\\/\\\/diarioprincipios.com\\\/\",\"name\":\"Principios\",\"description\":\"Principios Diario\",\"publisher\":{\"@id\":\"https:\\\/\\\/diarioprincipios.com\\\/#organization\"},\"potentialAction\":[{\"@type\":\"SearchAction\",\"target\":{\"@type\":\"EntryPoint\",\"urlTemplate\":\"https:\\\/\\\/diarioprincipios.com\\\/?s={search_term_string}\"},\"query-input\":{\"@type\":\"PropertyValueSpecification\",\"valueRequired\":true,\"valueName\":\"search_term_string\"}}],\"inLanguage\":\"es\"},{\"@type\":\"Organization\",\"@id\":\"https:\\\/\\\/diarioprincipios.com\\\/#organization\",\"name\":\"Principios\",\"url\":\"https:\\\/\\\/diarioprincipios.com\\\/\",\"logo\":{\"@type\":\"ImageObject\",\"inLanguage\":\"es\",\"@id\":\"https:\\\/\\\/diarioprincipios.com\\\/#\\\/schema\\\/logo\\\/image\\\/\",\"url\":\"https:\\\/\\\/diarioprincipios.com\\\/wp-content\\\/uploads\\\/2024\\\/04\\\/cropped-www.diarioprincipios.com_-1.png\",\"contentUrl\":\"https:\\\/\\\/diarioprincipios.com\\\/wp-content\\\/uploads\\\/2024\\\/04\\\/cropped-www.diarioprincipios.com_-1.png\",\"width\":5325,\"height\":1454,\"caption\":\"Principios\"},\"image\":{\"@id\":\"https:\\\/\\\/diarioprincipios.com\\\/#\\\/schema\\\/logo\\\/image\\\/\"}},{\"@type\":\"Person\",\"@id\":\"https:\\\/\\\/diarioprincipios.com\\\/#\\\/schema\\\/person\\\/436d5a1fd41a5e250e23ff5a6a7cb080\",\"name\":\"Hern\u00e1n L\u00f3pez\",\"image\":{\"@type\":\"ImageObject\",\"inLanguage\":\"es\",\"@id\":\"https:\\\/\\\/diarioprincipios.com\\\/wp-content\\\/litespeed\\\/avatar\\\/11ddfe5610ff3bd100522525b2571f48.jpg?ver=1777048341\",\"url\":\"https:\\\/\\\/diarioprincipios.com\\\/wp-content\\\/litespeed\\\/avatar\\\/11ddfe5610ff3bd100522525b2571f48.jpg?ver=1777048341\",\"contentUrl\":\"https:\\\/\\\/diarioprincipios.com\\\/wp-content\\\/litespeed\\\/avatar\\\/11ddfe5610ff3bd100522525b2571f48.jpg?ver=1777048341\",\"caption\":\"Hern\u00e1n L\u00f3pez\"},\"url\":\"https:\\\/\\\/diarioprincipios.com\\\/index.php\\\/author\\\/hernan\\\/\"}]}<\/script>\n<!-- \/ Yoast SEO plugin. -->","yoast_head_json":{"title":"Finaliz\u00f3 la obra de 12 nuevos hospitales modulares para atender coronavirus - Principios","robots":{"index":"index","follow":"follow","max-snippet":"max-snippet:-1","max-image-preview":"max-image-preview:large","max-video-preview":"max-video-preview:-1"},"canonical":"https:\/\/diarioprincipios.com\/index.php\/2020\/05\/01\/finalizo-la-obra-de-12-nuevos-hospitales-modulares-para-atender-coronavirus\/","og_locale":"es_ES","og_type":"article","og_title":"Finaliz\u00f3 la obra de 12 nuevos hospitales modulares para atender coronavirus - Principios","og_description":"El Gobierno nacional anunci\u00f3 hoy la finalizaci\u00f3n de la obra civil en los 12 hospitales modulares de emergencia, construidos en \u00abtiempo r\u00e9cord\u00bb para ampliar la capacidad de atenci\u00f3n de la red sanitaria p\u00fablica, con el fin de afrontar con mayor capacidad de atenci\u00f3n la pandemia del coronavirus. \u201cDonde antes hab\u00eda tierra, logramos construir 12 hospitales...","og_url":"https:\/\/diarioprincipios.com\/index.php\/2020\/05\/01\/finalizo-la-obra-de-12-nuevos-hospitales-modulares-para-atender-coronavirus\/","og_site_name":"Principios","article_published_time":"2020-05-01T17:36:14+00:00","article_modified_time":"2020-05-01T17:42:37+00:00","og_image":[{"width":740,"height":416,"url":"https:\/\/diarioprincipios.com\/wp-content\/uploads\/2020\/05\/ff.jpg","type":"image\/jpeg"}],"author":"Hern\u00e1n L\u00f3pez","twitter_card":"summary_large_image","twitter_misc":{"Escrito por":"Hern\u00e1n L\u00f3pez","Tiempo de lectura":"3 minutos"},"schema":{"@context":"https:\/\/schema.org","@graph":[{"@type":"Article","@id":"https:\/\/diarioprincipios.com\/index.php\/2020\/05\/01\/finalizo-la-obra-de-12-nuevos-hospitales-modulares-para-atender-coronavirus\/#article","isPartOf":{"@id":"https:\/\/diarioprincipios.com\/index.php\/2020\/05\/01\/finalizo-la-obra-de-12-nuevos-hospitales-modulares-para-atender-coronavirus\/"},"author":{"name":"Hern\u00e1n L\u00f3pez","@id":"https:\/\/diarioprincipios.com\/#\/schema\/person\/436d5a1fd41a5e250e23ff5a6a7cb080"},"headline":"Finaliz\u00f3 la obra de 12 nuevos hospitales modulares para atender coronavirus","datePublished":"2020-05-01T17:36:14+00:00","dateModified":"2020-05-01T17:42:37+00:00","mainEntityOfPage":{"@id":"https:\/\/diarioprincipios.com\/index.php\/2020\/05\/01\/finalizo-la-obra-de-12-nuevos-hospitales-modulares-para-atender-coronavirus\/"},"wordCount":606,"commentCount":0,"publisher":{"@id":"https:\/\/diarioprincipios.com\/#organization"},"image":{"@id":"https:\/\/diarioprincipios.com\/index.php\/2020\/05\/01\/finalizo-la-obra-de-12-nuevos-hospitales-modulares-para-atender-coronavirus\/#primaryimage"},"thumbnailUrl":"https:\/\/diarioprincipios.com\/wp-content\/uploads\/2020\/05\/ff.jpg","articleSection":["Naci\u00f3n"],"inLanguage":"es","potentialAction":[{"@type":"CommentAction","name":"Comment","target":["https:\/\/diarioprincipios.com\/index.php\/2020\/05\/01\/finalizo-la-obra-de-12-nuevos-hospitales-modulares-para-atender-coronavirus\/#respond"]}]},{"@type":"WebPage","@id":"https:\/\/diarioprincipios.com\/index.php\/2020\/05\/01\/finalizo-la-obra-de-12-nuevos-hospitales-modulares-para-atender-coronavirus\/","url":"https:\/\/diarioprincipios.com\/index.php\/2020\/05\/01\/finalizo-la-obra-de-12-nuevos-hospitales-modulares-para-atender-coronavirus\/","name":"Finaliz\u00f3 la obra de 12 nuevos hospitales modulares para atender coronavirus - Principios","isPartOf":{"@id":"https:\/\/diarioprincipios.com\/#website"},"primaryImageOfPage":{"@id":"https:\/\/diarioprincipios.com\/index.php\/2020\/05\/01\/finalizo-la-obra-de-12-nuevos-hospitales-modulares-para-atender-coronavirus\/#primaryimage"},"image":{"@id":"https:\/\/diarioprincipios.com\/index.php\/2020\/05\/01\/finalizo-la-obra-de-12-nuevos-hospitales-modulares-para-atender-coronavirus\/#primaryimage"},"thumbnailUrl":"https:\/\/diarioprincipios.com\/wp-content\/uploads\/2020\/05\/ff.jpg","datePublished":"2020-05-01T17:36:14+00:00","dateModified":"2020-05-01T17:42:37+00:00","breadcrumb":{"@id":"https:\/\/diarioprincipios.com\/index.php\/2020\/05\/01\/finalizo-la-obra-de-12-nuevos-hospitales-modulares-para-atender-coronavirus\/#breadcrumb"},"inLanguage":"es","potentialAction":[{"@type":"ReadAction","target":["https:\/\/diarioprincipios.com\/index.php\/2020\/05\/01\/finalizo-la-obra-de-12-nuevos-hospitales-modulares-para-atender-coronavirus\/"]}]},{"@type":"ImageObject","inLanguage":"es","@id":"https:\/\/diarioprincipios.com\/index.php\/2020\/05\/01\/finalizo-la-obra-de-12-nuevos-hospitales-modulares-para-atender-coronavirus\/#primaryimage","url":"https:\/\/diarioprincipios.com\/wp-content\/uploads\/2020\/05\/ff.jpg","contentUrl":"https:\/\/diarioprincipios.com\/wp-content\/uploads\/2020\/05\/ff.jpg","width":740,"height":416},{"@type":"BreadcrumbList","@id":"https:\/\/diarioprincipios.com\/index.php\/2020\/05\/01\/finalizo-la-obra-de-12-nuevos-hospitales-modulares-para-atender-coronavirus\/#breadcrumb","itemListElement":[{"@type":"ListItem","position":1,"name":"Portada","item":"https:\/\/diarioprincipios.com\/"},{"@type":"ListItem","position":2,"name":"Finaliz\u00f3 la obra de 12 nuevos hospitales modulares para atender coronavirus"}]},{"@type":"WebSite","@id":"https:\/\/diarioprincipios.com\/#website","url":"https:\/\/diarioprincipios.com\/","name":"Principios","description":"Principios Diario","publisher":{"@id":"https:\/\/diarioprincipios.com\/#organization"},"potentialAction":[{"@type":"SearchAction","target":{"@type":"EntryPoint","urlTemplate":"https:\/\/diarioprincipios.com\/?s={search_term_string}"},"query-input":{"@type":"PropertyValueSpecification","valueRequired":true,"valueName":"search_term_string"}}],"inLanguage":"es"},{"@type":"Organization","@id":"https:\/\/diarioprincipios.com\/#organization","name":"Principios","url":"https:\/\/diarioprincipios.com\/","logo":{"@type":"ImageObject","inLanguage":"es","@id":"https:\/\/diarioprincipios.com\/#\/schema\/logo\/image\/","url":"https:\/\/diarioprincipios.com\/wp-content\/uploads\/2024\/04\/cropped-www.diarioprincipios.com_-1.png","contentUrl":"https:\/\/diarioprincipios.com\/wp-content\/uploads\/2024\/04\/cropped-www.diarioprincipios.com_-1.png","width":5325,"height":1454,"caption":"Principios"},"image":{"@id":"https:\/\/diarioprincipios.com\/#\/schema\/logo\/image\/"}},{"@type":"Person","@id":"https:\/\/diarioprincipios.com\/#\/schema\/person\/436d5a1fd41a5e250e23ff5a6a7cb080","name":"Hern\u00e1n L\u00f3pez","image":{"@type":"ImageObject","inLanguage":"es","@id":"https:\/\/diarioprincipios.com\/wp-content\/litespeed\/avatar\/11ddfe5610ff3bd100522525b2571f48.jpg?ver=1777048341","url":"https:\/\/diarioprincipios.com\/wp-content\/litespeed\/avatar\/11ddfe5610ff3bd100522525b2571f48.jpg?ver=1777048341","contentUrl":"https:\/\/diarioprincipios.com\/wp-content\/litespeed\/avatar\/11ddfe5610ff3bd100522525b2571f48.jpg?ver=1777048341","caption":"Hern\u00e1n L\u00f3pez"},"url":"https:\/\/diarioprincipios.com\/index.php\/author\/hernan\/"}]}},"jetpack_featured_media_url":"https:\/\/diarioprincipios.com\/wp-content\/uploads\/2020\/05\/ff.jpg","_links":{"self":[{"href":"https:\/\/diarioprincipios.com\/index.php\/wp-json\/wp\/v2\/posts\/1102","targetHints":{"allow":["GET"]}}],"collection":[{"href":"https:\/\/diarioprincipios.com\/index.php\/wp-json\/wp\/v2\/posts"}],"about":[{"href":"https:\/\/diarioprincipios.com\/index.php\/wp-json\/wp\/v2\/types\/post"}],"author":[{"embeddable":true,"href":"https:\/\/diarioprincipios.com\/index.php\/wp-json\/wp\/v2\/users\/2"}],"replies":[{"embeddable":true,"href":"https:\/\/diarioprincipios.com\/index.php\/wp-json\/wp\/v2\/comments?post=1102"}],"version-history":[{"count":1,"href":"https:\/\/diarioprincipios.com\/index.php\/wp-json\/wp\/v2\/posts\/1102\/revisions"}],"predecessor-version":[{"id":1104,"href":"https:\/\/diarioprincipios.com\/index.php\/wp-json\/wp\/v2\/posts\/1102\/revisions\/1104"}],"wp:featuredmedia":[{"embeddable":true,"href":"https:\/\/diarioprincipios.com\/index.php\/wp-json\/wp\/v2\/media\/1106"}],"wp:attachment":[{"href":"https:\/\/diarioprincipios.com\/index.php\/wp-json\/wp\/v2\/media?parent=1102"}],"wp:term":[{"taxonomy":"category","embeddable":true,"href":"https:\/\/diarioprincipios.com\/index.php\/wp-json\/wp\/v2\/categories?post=1102"},{"taxonomy":"post_tag","embeddable":true,"href":"https:\/\/diarioprincipios.com\/index.php\/wp-json\/wp\/v2\/tags?post=1102"}],"curies":[{"name":"wp","href":"https:\/\/api.w.org\/{rel}","templated":true}]}}