{"id":1091,"date":"2020-05-01T01:37:14","date_gmt":"2020-05-01T01:37:14","guid":{"rendered":"http:\/\/diarioprincipios.com\/?p=1091"},"modified":"2020-05-01T01:37:57","modified_gmt":"2020-05-01T01:37:57","slug":"referentes-de-salud-publica-y-privada-de-berazategui-se-reunieron-para-evaluar-situacion-sanitaria","status":"publish","type":"post","link":"https:\/\/diarioprincipios.com\/index.php\/2020\/05\/01\/referentes-de-salud-publica-y-privada-de-berazategui-se-reunieron-para-evaluar-situacion-sanitaria\/","title":{"rendered":"Referentes de Salud P\u00fablica y Privada de Berazategui se reunieron para evaluar Situaci\u00f3n Sanitaria"},"content":{"rendered":"\n<p><strong>Como se viene realizando con regularidad desde que se declar\u00f3 la pandemia del COVID-19, directivos de la Secretar\u00eda de Salud P\u00fablica e Higiene municipal llevaron adelante una reuni\u00f3n con autoridades del Hospital de Berazategui y Sanatorios privados, con el fin de analizar la situaci\u00f3n sanitaria de la ciudad y, a su vez, avanzar en nuevas medidas y protocolos para el control del virus dentro del distrito.<\/strong><\/p>\n\n\n\n<p>El encuentro estuvo encabezado por el secretario de Salud, Dr. Pablo Costa; y cont\u00f3 con la participaci\u00f3n de responsables del Hospital \u201cEvita Pueblo\u201d, instituciones sanatoriales privadas, infect\u00f3logos y jefes de guardia.<\/p>\n\n\n\n<p>\u201cAdem\u00e1s de resolver inquietudes, se evaluaron las pol\u00edticas actuales y la articulaci\u00f3n del Municipio, especialmente con el Hospital \u2018Evita Pueblo\u2019; y la derivaci\u00f3n de pacientes leves o asintom\u00e1ticos, que ya fueron diagnosticados con Coronavirus, a los Centros de atenci\u00f3n extrahospitalarios -que hemos activado a nivel municipal- y a los sanatorios privados\u201d, afirm\u00f3 Costa y agreg\u00f3 que \u201cel principal objetivo es contar con un sistema sanitario lo m\u00e1s articulado y equilibrado posible\u201d.<\/p>\n\n\n\n<p>El Titular de Salud P\u00fablica e Higiene municipal explic\u00f3 que durante la reuni\u00f3n con los especialistas, a la que defini\u00f3 como \u201cmuy productiva\u201d, llegaron a las siguientes conclusiones: \u201cAnalizamos que tenemos una cantidad de pacientes acordes a la situaci\u00f3n, desde el punto de vista poblacional; que venimos atendi\u00e9ndolos muy bien a trav\u00e9s de un sistema eficiente de referencia y contrarefencia, y de una red que funciona dentro de todo el distrito, tanto a nivel p\u00fablico como privado; y que sabemos que esta situaci\u00f3n es muy din\u00e1mica desde lo sanitario. La idea de estas reuniones tambi\u00e9n es ir adapt\u00e1ndonos a las recomendaciones del Gobierno nacional y provincial\u201d.<\/p>\n\n\n\n<p>Finalmente, al no haber todav\u00eda una vacuna contra el COVID-19, Costa hizo principal hincapi\u00e9 en las medidas preventivas para evitar la propagaci\u00f3n de la pandemia. \u201cEl cumplimiento de la cuarentena, el distanciamiento social y las medidas de higiene personal, principalmente el lavado de manos, son lo m\u00e1s efectivo que tenemos. As\u00ed que les pedimos a los vecinos que no se relajen y contin\u00faen como hasta ahora, porque eso es lo que en gran medida nos ha permitido tener hoy esta situaci\u00f3n, mientras seguimos equipando todo nuestro sistema sanitario para estar preparados ante cualquier eventualidad\u201d, concluy\u00f3 el Secretario.<\/p>\n\n\n\n<figure class=\"wp-block-image\"><img decoding=\"async\" src=\"https:\/\/ecp.yusercontent.com\/mail?url=https%3A%2F%2Fdocs.google.com%2Fuc%3Fexport%3Ddownload%26id%3D1O9ySDGVjFwLiWj3yWiMdjtCw6pHI7T-F%26revid%3D0B9CZhG6aa0VidWpSQjZNZGVndGpYeWM5ZWtiUFNuM1JQV3U4PQ&amp;t=1588290618&amp;ymreqid=5799fcab-b43d-2794-2294-0b001201ac00&amp;sig=hzHl9F.flSdXE3OtLY8._g--~C\" alt=\"\"\/><\/figure>\n","protected":false},"excerpt":{"rendered":"<p>Como se viene realizando con regularidad desde que se declar\u00f3 la pandemia del COVID-19, directivos de la Secretar\u00eda de Salud P\u00fablica e Higiene municipal llevaron adelante una reuni\u00f3n con autoridades del Hospital de Berazategui y Sanatorios privados, con el fin de analizar la situaci\u00f3n sanitaria de la ciudad y, a su vez, avanzar en nuevas&#8230;<\/p>\n","protected":false},"author":2,"featured_media":1092,"comment_status":"open","ping_status":"open","sticky":false,"template":"","format":"standard","meta":{"footnotes":""},"categories":[3],"tags":[],"class_list":["post-1091","post","type-post","status-publish","format-standard","has-post-thumbnail","hentry","category-berazategui"],"featured_image_src":"https:\/\/diarioprincipios.com\/wp-content\/uploads\/2020\/05\/REFERENTES-DE-SALUD-P\u00daBLICA-Y-PRIVADA-DE-BERAZATEGUI-SE-REUNIERON-PARA-EVALUAR-LA-SITUACI\u00d3N-SANITARIA-1024x682.jpeg","blog_images":{"medium":"https:\/\/diarioprincipios.com\/wp-content\/uploads\/2020\/05\/REFERENTES-DE-SALUD-P\u00daBLICA-Y-PRIVADA-DE-BERAZATEGUI-SE-REUNIERON-PARA-EVALUAR-LA-SITUACI\u00d3N-SANITARIA-300x200.jpeg","large":"https:\/\/diarioprincipios.com\/wp-content\/uploads\/2020\/05\/REFERENTES-DE-SALUD-P\u00daBLICA-Y-PRIVADA-DE-BERAZATEGUI-SE-REUNIERON-PARA-EVALUAR-LA-SITUACI\u00d3N-SANITARIA-1024x682.jpeg"},"ams_acf":[],"yoast_head":"<!-- This site is optimized with the Yoast SEO plugin v27.3 - https:\/\/yoast.com\/product\/yoast-seo-wordpress\/ -->\n<title>Referentes de Salud P\u00fablica y Privada de Berazategui se reunieron para evaluar Situaci\u00f3n Sanitaria - Principios<\/title>\n<meta name=\"robots\" content=\"index, follow, max-snippet:-1, max-image-preview:large, max-video-preview:-1\" \/>\n<link rel=\"canonical\" href=\"https:\/\/diarioprincipios.com\/index.php\/2020\/05\/01\/referentes-de-salud-publica-y-privada-de-berazategui-se-reunieron-para-evaluar-situacion-sanitaria\/\" \/>\n<meta property=\"og:locale\" content=\"es_ES\" \/>\n<meta property=\"og:type\" content=\"article\" \/>\n<meta property=\"og:title\" content=\"Referentes de Salud P\u00fablica y Privada de Berazategui se reunieron para evaluar Situaci\u00f3n Sanitaria - Principios\" \/>\n<meta property=\"og:description\" content=\"Como se viene realizando con regularidad desde que se declar\u00f3 la pandemia del COVID-19, directivos de la Secretar\u00eda de Salud P\u00fablica e Higiene municipal llevaron adelante una reuni\u00f3n con autoridades del Hospital de Berazategui y Sanatorios privados, con el fin de analizar la situaci\u00f3n sanitaria de la ciudad y, a su vez, avanzar en nuevas...\" \/>\n<meta property=\"og:url\" content=\"https:\/\/diarioprincipios.com\/index.php\/2020\/05\/01\/referentes-de-salud-publica-y-privada-de-berazategui-se-reunieron-para-evaluar-situacion-sanitaria\/\" \/>\n<meta property=\"og:site_name\" content=\"Principios\" \/>\n<meta property=\"article:published_time\" content=\"2020-05-01T01:37:14+00:00\" \/>\n<meta property=\"article:modified_time\" content=\"2020-05-01T01:37:57+00:00\" \/>\n<meta property=\"og:image\" content=\"https:\/\/diarioprincipios.com\/wp-content\/uploads\/2020\/05\/REFERENTES-DE-SALUD-P\u00daBLICA-Y-PRIVADA-DE-BERAZATEGUI-SE-REUNIERON-PARA-EVALUAR-LA-SITUACI\u00d3N-SANITARIA.jpeg\" \/>\n\t<meta property=\"og:image:width\" content=\"1034\" \/>\n\t<meta property=\"og:image:height\" content=\"689\" \/>\n\t<meta property=\"og:image:type\" content=\"image\/jpeg\" \/>\n<meta name=\"author\" content=\"Hern\u00e1n L\u00f3pez\" \/>\n<meta name=\"twitter:card\" content=\"summary_large_image\" \/>\n<meta name=\"twitter:label1\" content=\"Escrito por\" \/>\n\t<meta name=\"twitter:data1\" content=\"Hern\u00e1n L\u00f3pez\" \/>\n\t<meta name=\"twitter:label2\" content=\"Tiempo de lectura\" \/>\n\t<meta name=\"twitter:data2\" content=\"2 minutos\" \/>\n<script type=\"application\/ld+json\" class=\"yoast-schema-graph\">{\"@context\":\"https:\\\/\\\/schema.org\",\"@graph\":[{\"@type\":\"Article\",\"@id\":\"https:\\\/\\\/diarioprincipios.com\\\/index.php\\\/2020\\\/05\\\/01\\\/referentes-de-salud-publica-y-privada-de-berazategui-se-reunieron-para-evaluar-situacion-sanitaria\\\/#article\",\"isPartOf\":{\"@id\":\"https:\\\/\\\/diarioprincipios.com\\\/index.php\\\/2020\\\/05\\\/01\\\/referentes-de-salud-publica-y-privada-de-berazategui-se-reunieron-para-evaluar-situacion-sanitaria\\\/\"},\"author\":{\"name\":\"Hern\u00e1n L\u00f3pez\",\"@id\":\"https:\\\/\\\/diarioprincipios.com\\\/#\\\/schema\\\/person\\\/436d5a1fd41a5e250e23ff5a6a7cb080\"},\"headline\":\"Referentes de Salud P\u00fablica y Privada de Berazategui se reunieron para evaluar Situaci\u00f3n Sanitaria\",\"datePublished\":\"2020-05-01T01:37:14+00:00\",\"dateModified\":\"2020-05-01T01:37:57+00:00\",\"mainEntityOfPage\":{\"@id\":\"https:\\\/\\\/diarioprincipios.com\\\/index.php\\\/2020\\\/05\\\/01\\\/referentes-de-salud-publica-y-privada-de-berazategui-se-reunieron-para-evaluar-situacion-sanitaria\\\/\"},\"wordCount\":415,\"commentCount\":0,\"publisher\":{\"@id\":\"https:\\\/\\\/diarioprincipios.com\\\/#organization\"},\"image\":{\"@id\":\"https:\\\/\\\/diarioprincipios.com\\\/index.php\\\/2020\\\/05\\\/01\\\/referentes-de-salud-publica-y-privada-de-berazategui-se-reunieron-para-evaluar-situacion-sanitaria\\\/#primaryimage\"},\"thumbnailUrl\":\"https:\\\/\\\/diarioprincipios.com\\\/wp-content\\\/uploads\\\/2020\\\/05\\\/REFERENTES-DE-SALUD-P\u00daBLICA-Y-PRIVADA-DE-BERAZATEGUI-SE-REUNIERON-PARA-EVALUAR-LA-SITUACI\u00d3N-SANITARIA.jpeg\",\"articleSection\":[\"Berazategui\"],\"inLanguage\":\"es\",\"potentialAction\":[{\"@type\":\"CommentAction\",\"name\":\"Comment\",\"target\":[\"https:\\\/\\\/diarioprincipios.com\\\/index.php\\\/2020\\\/05\\\/01\\\/referentes-de-salud-publica-y-privada-de-berazategui-se-reunieron-para-evaluar-situacion-sanitaria\\\/#respond\"]}]},{\"@type\":\"WebPage\",\"@id\":\"https:\\\/\\\/diarioprincipios.com\\\/index.php\\\/2020\\\/05\\\/01\\\/referentes-de-salud-publica-y-privada-de-berazategui-se-reunieron-para-evaluar-situacion-sanitaria\\\/\",\"url\":\"https:\\\/\\\/diarioprincipios.com\\\/index.php\\\/2020\\\/05\\\/01\\\/referentes-de-salud-publica-y-privada-de-berazategui-se-reunieron-para-evaluar-situacion-sanitaria\\\/\",\"name\":\"Referentes de Salud P\u00fablica y Privada de Berazategui se reunieron para evaluar Situaci\u00f3n Sanitaria - Principios\",\"isPartOf\":{\"@id\":\"https:\\\/\\\/diarioprincipios.com\\\/#website\"},\"primaryImageOfPage\":{\"@id\":\"https:\\\/\\\/diarioprincipios.com\\\/index.php\\\/2020\\\/05\\\/01\\\/referentes-de-salud-publica-y-privada-de-berazategui-se-reunieron-para-evaluar-situacion-sanitaria\\\/#primaryimage\"},\"image\":{\"@id\":\"https:\\\/\\\/diarioprincipios.com\\\/index.php\\\/2020\\\/05\\\/01\\\/referentes-de-salud-publica-y-privada-de-berazategui-se-reunieron-para-evaluar-situacion-sanitaria\\\/#primaryimage\"},\"thumbnailUrl\":\"https:\\\/\\\/diarioprincipios.com\\\/wp-content\\\/uploads\\\/2020\\\/05\\\/REFERENTES-DE-SALUD-P\u00daBLICA-Y-PRIVADA-DE-BERAZATEGUI-SE-REUNIERON-PARA-EVALUAR-LA-SITUACI\u00d3N-SANITARIA.jpeg\",\"datePublished\":\"2020-05-01T01:37:14+00:00\",\"dateModified\":\"2020-05-01T01:37:57+00:00\",\"breadcrumb\":{\"@id\":\"https:\\\/\\\/diarioprincipios.com\\\/index.php\\\/2020\\\/05\\\/01\\\/referentes-de-salud-publica-y-privada-de-berazategui-se-reunieron-para-evaluar-situacion-sanitaria\\\/#breadcrumb\"},\"inLanguage\":\"es\",\"potentialAction\":[{\"@type\":\"ReadAction\",\"target\":[\"https:\\\/\\\/diarioprincipios.com\\\/index.php\\\/2020\\\/05\\\/01\\\/referentes-de-salud-publica-y-privada-de-berazategui-se-reunieron-para-evaluar-situacion-sanitaria\\\/\"]}]},{\"@type\":\"ImageObject\",\"inLanguage\":\"es\",\"@id\":\"https:\\\/\\\/diarioprincipios.com\\\/index.php\\\/2020\\\/05\\\/01\\\/referentes-de-salud-publica-y-privada-de-berazategui-se-reunieron-para-evaluar-situacion-sanitaria\\\/#primaryimage\",\"url\":\"https:\\\/\\\/diarioprincipios.com\\\/wp-content\\\/uploads\\\/2020\\\/05\\\/REFERENTES-DE-SALUD-P\u00daBLICA-Y-PRIVADA-DE-BERAZATEGUI-SE-REUNIERON-PARA-EVALUAR-LA-SITUACI\u00d3N-SANITARIA.jpeg\",\"contentUrl\":\"https:\\\/\\\/diarioprincipios.com\\\/wp-content\\\/uploads\\\/2020\\\/05\\\/REFERENTES-DE-SALUD-P\u00daBLICA-Y-PRIVADA-DE-BERAZATEGUI-SE-REUNIERON-PARA-EVALUAR-LA-SITUACI\u00d3N-SANITARIA.jpeg\",\"width\":1034,\"height\":689},{\"@type\":\"BreadcrumbList\",\"@id\":\"https:\\\/\\\/diarioprincipios.com\\\/index.php\\\/2020\\\/05\\\/01\\\/referentes-de-salud-publica-y-privada-de-berazategui-se-reunieron-para-evaluar-situacion-sanitaria\\\/#breadcrumb\",\"itemListElement\":[{\"@type\":\"ListItem\",\"position\":1,\"name\":\"Portada\",\"item\":\"https:\\\/\\\/diarioprincipios.com\\\/\"},{\"@type\":\"ListItem\",\"position\":2,\"name\":\"Referentes de Salud P\u00fablica y Privada de Berazategui se reunieron para evaluar Situaci\u00f3n Sanitaria\"}]},{\"@type\":\"WebSite\",\"@id\":\"https:\\\/\\\/diarioprincipios.com\\\/#website\",\"url\":\"https:\\\/\\\/diarioprincipios.com\\\/\",\"name\":\"Principios\",\"description\":\"Principios Diario\",\"publisher\":{\"@id\":\"https:\\\/\\\/diarioprincipios.com\\\/#organization\"},\"potentialAction\":[{\"@type\":\"SearchAction\",\"target\":{\"@type\":\"EntryPoint\",\"urlTemplate\":\"https:\\\/\\\/diarioprincipios.com\\\/?s={search_term_string}\"},\"query-input\":{\"@type\":\"PropertyValueSpecification\",\"valueRequired\":true,\"valueName\":\"search_term_string\"}}],\"inLanguage\":\"es\"},{\"@type\":\"Organization\",\"@id\":\"https:\\\/\\\/diarioprincipios.com\\\/#organization\",\"name\":\"Principios\",\"url\":\"https:\\\/\\\/diarioprincipios.com\\\/\",\"logo\":{\"@type\":\"ImageObject\",\"inLanguage\":\"es\",\"@id\":\"https:\\\/\\\/diarioprincipios.com\\\/#\\\/schema\\\/logo\\\/image\\\/\",\"url\":\"https:\\\/\\\/diarioprincipios.com\\\/wp-content\\\/uploads\\\/2024\\\/04\\\/cropped-www.diarioprincipios.com_-1.png\",\"contentUrl\":\"https:\\\/\\\/diarioprincipios.com\\\/wp-content\\\/uploads\\\/2024\\\/04\\\/cropped-www.diarioprincipios.com_-1.png\",\"width\":5325,\"height\":1454,\"caption\":\"Principios\"},\"image\":{\"@id\":\"https:\\\/\\\/diarioprincipios.com\\\/#\\\/schema\\\/logo\\\/image\\\/\"}},{\"@type\":\"Person\",\"@id\":\"https:\\\/\\\/diarioprincipios.com\\\/#\\\/schema\\\/person\\\/436d5a1fd41a5e250e23ff5a6a7cb080\",\"name\":\"Hern\u00e1n L\u00f3pez\",\"image\":{\"@type\":\"ImageObject\",\"inLanguage\":\"es\",\"@id\":\"https:\\\/\\\/diarioprincipios.com\\\/wp-content\\\/litespeed\\\/avatar\\\/11ddfe5610ff3bd100522525b2571f48.jpg?ver=1777048341\",\"url\":\"https:\\\/\\\/diarioprincipios.com\\\/wp-content\\\/litespeed\\\/avatar\\\/11ddfe5610ff3bd100522525b2571f48.jpg?ver=1777048341\",\"contentUrl\":\"https:\\\/\\\/diarioprincipios.com\\\/wp-content\\\/litespeed\\\/avatar\\\/11ddfe5610ff3bd100522525b2571f48.jpg?ver=1777048341\",\"caption\":\"Hern\u00e1n L\u00f3pez\"},\"url\":\"https:\\\/\\\/diarioprincipios.com\\\/index.php\\\/author\\\/hernan\\\/\"}]}<\/script>\n<!-- \/ Yoast SEO plugin. -->","yoast_head_json":{"title":"Referentes de Salud P\u00fablica y Privada de Berazategui se reunieron para evaluar Situaci\u00f3n Sanitaria - Principios","robots":{"index":"index","follow":"follow","max-snippet":"max-snippet:-1","max-image-preview":"max-image-preview:large","max-video-preview":"max-video-preview:-1"},"canonical":"https:\/\/diarioprincipios.com\/index.php\/2020\/05\/01\/referentes-de-salud-publica-y-privada-de-berazategui-se-reunieron-para-evaluar-situacion-sanitaria\/","og_locale":"es_ES","og_type":"article","og_title":"Referentes de Salud P\u00fablica y Privada de Berazategui se reunieron para evaluar Situaci\u00f3n Sanitaria - Principios","og_description":"Como se viene realizando con regularidad desde que se declar\u00f3 la pandemia del COVID-19, directivos de la Secretar\u00eda de Salud P\u00fablica e Higiene municipal llevaron adelante una reuni\u00f3n con autoridades del Hospital de Berazategui y Sanatorios privados, con el fin de analizar la situaci\u00f3n sanitaria de la ciudad y, a su vez, avanzar en nuevas...","og_url":"https:\/\/diarioprincipios.com\/index.php\/2020\/05\/01\/referentes-de-salud-publica-y-privada-de-berazategui-se-reunieron-para-evaluar-situacion-sanitaria\/","og_site_name":"Principios","article_published_time":"2020-05-01T01:37:14+00:00","article_modified_time":"2020-05-01T01:37:57+00:00","og_image":[{"width":1034,"height":689,"url":"https:\/\/diarioprincipios.com\/wp-content\/uploads\/2020\/05\/REFERENTES-DE-SALUD-P\u00daBLICA-Y-PRIVADA-DE-BERAZATEGUI-SE-REUNIERON-PARA-EVALUAR-LA-SITUACI\u00d3N-SANITARIA.jpeg","type":"image\/jpeg"}],"author":"Hern\u00e1n L\u00f3pez","twitter_card":"summary_large_image","twitter_misc":{"Escrito por":"Hern\u00e1n L\u00f3pez","Tiempo de lectura":"2 minutos"},"schema":{"@context":"https:\/\/schema.org","@graph":[{"@type":"Article","@id":"https:\/\/diarioprincipios.com\/index.php\/2020\/05\/01\/referentes-de-salud-publica-y-privada-de-berazategui-se-reunieron-para-evaluar-situacion-sanitaria\/#article","isPartOf":{"@id":"https:\/\/diarioprincipios.com\/index.php\/2020\/05\/01\/referentes-de-salud-publica-y-privada-de-berazategui-se-reunieron-para-evaluar-situacion-sanitaria\/"},"author":{"name":"Hern\u00e1n L\u00f3pez","@id":"https:\/\/diarioprincipios.com\/#\/schema\/person\/436d5a1fd41a5e250e23ff5a6a7cb080"},"headline":"Referentes de Salud P\u00fablica y Privada de Berazategui se reunieron para evaluar Situaci\u00f3n Sanitaria","datePublished":"2020-05-01T01:37:14+00:00","dateModified":"2020-05-01T01:37:57+00:00","mainEntityOfPage":{"@id":"https:\/\/diarioprincipios.com\/index.php\/2020\/05\/01\/referentes-de-salud-publica-y-privada-de-berazategui-se-reunieron-para-evaluar-situacion-sanitaria\/"},"wordCount":415,"commentCount":0,"publisher":{"@id":"https:\/\/diarioprincipios.com\/#organization"},"image":{"@id":"https:\/\/diarioprincipios.com\/index.php\/2020\/05\/01\/referentes-de-salud-publica-y-privada-de-berazategui-se-reunieron-para-evaluar-situacion-sanitaria\/#primaryimage"},"thumbnailUrl":"https:\/\/diarioprincipios.com\/wp-content\/uploads\/2020\/05\/REFERENTES-DE-SALUD-P\u00daBLICA-Y-PRIVADA-DE-BERAZATEGUI-SE-REUNIERON-PARA-EVALUAR-LA-SITUACI\u00d3N-SANITARIA.jpeg","articleSection":["Berazategui"],"inLanguage":"es","potentialAction":[{"@type":"CommentAction","name":"Comment","target":["https:\/\/diarioprincipios.com\/index.php\/2020\/05\/01\/referentes-de-salud-publica-y-privada-de-berazategui-se-reunieron-para-evaluar-situacion-sanitaria\/#respond"]}]},{"@type":"WebPage","@id":"https:\/\/diarioprincipios.com\/index.php\/2020\/05\/01\/referentes-de-salud-publica-y-privada-de-berazategui-se-reunieron-para-evaluar-situacion-sanitaria\/","url":"https:\/\/diarioprincipios.com\/index.php\/2020\/05\/01\/referentes-de-salud-publica-y-privada-de-berazategui-se-reunieron-para-evaluar-situacion-sanitaria\/","name":"Referentes de Salud P\u00fablica y Privada de Berazategui se reunieron para evaluar Situaci\u00f3n Sanitaria - Principios","isPartOf":{"@id":"https:\/\/diarioprincipios.com\/#website"},"primaryImageOfPage":{"@id":"https:\/\/diarioprincipios.com\/index.php\/2020\/05\/01\/referentes-de-salud-publica-y-privada-de-berazategui-se-reunieron-para-evaluar-situacion-sanitaria\/#primaryimage"},"image":{"@id":"https:\/\/diarioprincipios.com\/index.php\/2020\/05\/01\/referentes-de-salud-publica-y-privada-de-berazategui-se-reunieron-para-evaluar-situacion-sanitaria\/#primaryimage"},"thumbnailUrl":"https:\/\/diarioprincipios.com\/wp-content\/uploads\/2020\/05\/REFERENTES-DE-SALUD-P\u00daBLICA-Y-PRIVADA-DE-BERAZATEGUI-SE-REUNIERON-PARA-EVALUAR-LA-SITUACI\u00d3N-SANITARIA.jpeg","datePublished":"2020-05-01T01:37:14+00:00","dateModified":"2020-05-01T01:37:57+00:00","breadcrumb":{"@id":"https:\/\/diarioprincipios.com\/index.php\/2020\/05\/01\/referentes-de-salud-publica-y-privada-de-berazategui-se-reunieron-para-evaluar-situacion-sanitaria\/#breadcrumb"},"inLanguage":"es","potentialAction":[{"@type":"ReadAction","target":["https:\/\/diarioprincipios.com\/index.php\/2020\/05\/01\/referentes-de-salud-publica-y-privada-de-berazategui-se-reunieron-para-evaluar-situacion-sanitaria\/"]}]},{"@type":"ImageObject","inLanguage":"es","@id":"https:\/\/diarioprincipios.com\/index.php\/2020\/05\/01\/referentes-de-salud-publica-y-privada-de-berazategui-se-reunieron-para-evaluar-situacion-sanitaria\/#primaryimage","url":"https:\/\/diarioprincipios.com\/wp-content\/uploads\/2020\/05\/REFERENTES-DE-SALUD-P\u00daBLICA-Y-PRIVADA-DE-BERAZATEGUI-SE-REUNIERON-PARA-EVALUAR-LA-SITUACI\u00d3N-SANITARIA.jpeg","contentUrl":"https:\/\/diarioprincipios.com\/wp-content\/uploads\/2020\/05\/REFERENTES-DE-SALUD-P\u00daBLICA-Y-PRIVADA-DE-BERAZATEGUI-SE-REUNIERON-PARA-EVALUAR-LA-SITUACI\u00d3N-SANITARIA.jpeg","width":1034,"height":689},{"@type":"BreadcrumbList","@id":"https:\/\/diarioprincipios.com\/index.php\/2020\/05\/01\/referentes-de-salud-publica-y-privada-de-berazategui-se-reunieron-para-evaluar-situacion-sanitaria\/#breadcrumb","itemListElement":[{"@type":"ListItem","position":1,"name":"Portada","item":"https:\/\/diarioprincipios.com\/"},{"@type":"ListItem","position":2,"name":"Referentes de Salud P\u00fablica y Privada de Berazategui se reunieron para evaluar Situaci\u00f3n Sanitaria"}]},{"@type":"WebSite","@id":"https:\/\/diarioprincipios.com\/#website","url":"https:\/\/diarioprincipios.com\/","name":"Principios","description":"Principios Diario","publisher":{"@id":"https:\/\/diarioprincipios.com\/#organization"},"potentialAction":[{"@type":"SearchAction","target":{"@type":"EntryPoint","urlTemplate":"https:\/\/diarioprincipios.com\/?s={search_term_string}"},"query-input":{"@type":"PropertyValueSpecification","valueRequired":true,"valueName":"search_term_string"}}],"inLanguage":"es"},{"@type":"Organization","@id":"https:\/\/diarioprincipios.com\/#organization","name":"Principios","url":"https:\/\/diarioprincipios.com\/","logo":{"@type":"ImageObject","inLanguage":"es","@id":"https:\/\/diarioprincipios.com\/#\/schema\/logo\/image\/","url":"https:\/\/diarioprincipios.com\/wp-content\/uploads\/2024\/04\/cropped-www.diarioprincipios.com_-1.png","contentUrl":"https:\/\/diarioprincipios.com\/wp-content\/uploads\/2024\/04\/cropped-www.diarioprincipios.com_-1.png","width":5325,"height":1454,"caption":"Principios"},"image":{"@id":"https:\/\/diarioprincipios.com\/#\/schema\/logo\/image\/"}},{"@type":"Person","@id":"https:\/\/diarioprincipios.com\/#\/schema\/person\/436d5a1fd41a5e250e23ff5a6a7cb080","name":"Hern\u00e1n L\u00f3pez","image":{"@type":"ImageObject","inLanguage":"es","@id":"https:\/\/diarioprincipios.com\/wp-content\/litespeed\/avatar\/11ddfe5610ff3bd100522525b2571f48.jpg?ver=1777048341","url":"https:\/\/diarioprincipios.com\/wp-content\/litespeed\/avatar\/11ddfe5610ff3bd100522525b2571f48.jpg?ver=1777048341","contentUrl":"https:\/\/diarioprincipios.com\/wp-content\/litespeed\/avatar\/11ddfe5610ff3bd100522525b2571f48.jpg?ver=1777048341","caption":"Hern\u00e1n L\u00f3pez"},"url":"https:\/\/diarioprincipios.com\/index.php\/author\/hernan\/"}]}},"jetpack_featured_media_url":"https:\/\/diarioprincipios.com\/wp-content\/uploads\/2020\/05\/REFERENTES-DE-SALUD-P\u00daBLICA-Y-PRIVADA-DE-BERAZATEGUI-SE-REUNIERON-PARA-EVALUAR-LA-SITUACI\u00d3N-SANITARIA.jpeg","_links":{"self":[{"href":"https:\/\/diarioprincipios.com\/index.php\/wp-json\/wp\/v2\/posts\/1091","targetHints":{"allow":["GET"]}}],"collection":[{"href":"https:\/\/diarioprincipios.com\/index.php\/wp-json\/wp\/v2\/posts"}],"about":[{"href":"https:\/\/diarioprincipios.com\/index.php\/wp-json\/wp\/v2\/types\/post"}],"author":[{"embeddable":true,"href":"https:\/\/diarioprincipios.com\/index.php\/wp-json\/wp\/v2\/users\/2"}],"replies":[{"embeddable":true,"href":"https:\/\/diarioprincipios.com\/index.php\/wp-json\/wp\/v2\/comments?post=1091"}],"version-history":[{"count":2,"href":"https:\/\/diarioprincipios.com\/index.php\/wp-json\/wp\/v2\/posts\/1091\/revisions"}],"predecessor-version":[{"id":1094,"href":"https:\/\/diarioprincipios.com\/index.php\/wp-json\/wp\/v2\/posts\/1091\/revisions\/1094"}],"wp:featuredmedia":[{"embeddable":true,"href":"https:\/\/diarioprincipios.com\/index.php\/wp-json\/wp\/v2\/media\/1092"}],"wp:attachment":[{"href":"https:\/\/diarioprincipios.com\/index.php\/wp-json\/wp\/v2\/media?parent=1091"}],"wp:term":[{"taxonomy":"category","embeddable":true,"href":"https:\/\/diarioprincipios.com\/index.php\/wp-json\/wp\/v2\/categories?post=1091"},{"taxonomy":"post_tag","embeddable":true,"href":"https:\/\/diarioprincipios.com\/index.php\/wp-json\/wp\/v2\/tags?post=1091"}],"curies":[{"name":"wp","href":"https:\/\/api.w.org\/{rel}","templated":true}]}}