{"id":1086,"date":"2020-04-30T22:44:30","date_gmt":"2020-04-30T22:44:30","guid":{"rendered":"http:\/\/diarioprincipios.com\/?p=1086"},"modified":"2020-04-30T22:44:32","modified_gmt":"2020-04-30T22:44:32","slug":"el-ministro-de-desarrollo-social-de-la-nacion-visito-una-empresa-de-berazategui-y-anuncio-un-fondo-para-adquisicion-de-maquinas-y-herramientas","status":"publish","type":"post","link":"https:\/\/diarioprincipios.com\/index.php\/2020\/04\/30\/el-ministro-de-desarrollo-social-de-la-nacion-visito-una-empresa-de-berazategui-y-anuncio-un-fondo-para-adquisicion-de-maquinas-y-herramientas\/","title":{"rendered":"El Ministro de Desarrollo Social de la Naci\u00f3n visit\u00f3 una empresa de Berazategui y anunci\u00f3 un fondo para adquisici\u00f3n de m\u00e1quinas y herramientas"},"content":{"rendered":"\n<p><strong>El Ministro de Desarrollo Social de la Naci\u00f3n, Daniel Arroyo; y la secretaria de Desarrollo Social y Comunitario de la Municipalidad de Berazategui, Mar\u00eda Laura Lacava, recorrieron la empresa Argenpack, del Parque Industrial Pl\u00e1tanos, que comenz\u00f3 a desarrollar camas, sillas, separadores, embalajes y dem\u00e1s mobiliario de cart\u00f3n corrugado, que pueden ser de gran utilidad en la lucha contra el COVID-19.<\/strong><\/p>\n\n\n\n<p>\u201cEstoy muy contento de visitar este Parque Industrial de Berazategui, donde veo que se est\u00e1n desarrollando nuevas actividades en el marco del actual contexto que atraviesa el pa\u00eds, porque hoy vivimos una emergencia social y alimentaria frente a la pandemia pero, simult\u00e1neamente, tambi\u00e9n debemos empezar a construir un camino de salida; y creo que aqu\u00ed, claramente, podemos ver esa alternativa\u201d, expres\u00f3 Arroyo durante su recorrida.<\/p>\n\n\n\n<figure class=\"wp-block-image size-large\"><img loading=\"lazy\" decoding=\"async\" width=\"1024\" height=\"682\" src=\"https:\/\/diarioprincipios.com\/wp-content\/uploads\/2020\/04\/DANIEL-ARROYO-VISIT\u00d3-UNA-EMPRESA-DE-BERAZATEGUI-QUE-FABRICA-MOBILIARIO-DE-CART\u00d3N-CORRUGADO-1-1024x682.jpg\" alt=\"\" class=\"wp-image-1088\" srcset=\"https:\/\/diarioprincipios.com\/wp-content\/uploads\/2020\/04\/DANIEL-ARROYO-VISIT\u00d3-UNA-EMPRESA-DE-BERAZATEGUI-QUE-FABRICA-MOBILIARIO-DE-CART\u00d3N-CORRUGADO-1-1024x682.jpg 1024w, https:\/\/diarioprincipios.com\/wp-content\/uploads\/2020\/04\/DANIEL-ARROYO-VISIT\u00d3-UNA-EMPRESA-DE-BERAZATEGUI-QUE-FABRICA-MOBILIARIO-DE-CART\u00d3N-CORRUGADO-1-300x200.jpg 300w, https:\/\/diarioprincipios.com\/wp-content\/uploads\/2020\/04\/DANIEL-ARROYO-VISIT\u00d3-UNA-EMPRESA-DE-BERAZATEGUI-QUE-FABRICA-MOBILIARIO-DE-CART\u00d3N-CORRUGADO-1-768x512.jpg 768w, https:\/\/diarioprincipios.com\/wp-content\/uploads\/2020\/04\/DANIEL-ARROYO-VISIT\u00d3-UNA-EMPRESA-DE-BERAZATEGUI-QUE-FABRICA-MOBILIARIO-DE-CART\u00d3N-CORRUGADO-1.jpg 1280w\" sizes=\"auto, (max-width: 1024px) 100vw, 1024px\" \/><\/figure>\n\n\n\n<p>En este sentido, adem\u00e1s, detall\u00f3: \u201cSin dudas, el camino de salida a esta dif\u00edcil situaci\u00f3n es por el lado del trabajo, y en esta empresa veo a m\u00e1s de 90 personas trabajando, construyendo toda clase de elementos para los Centros de aislamiento, a trav\u00e9s de un material que puede sernos de much\u00edsima utilidad en estos momentos, como es el cart\u00f3n corrugado. As\u00ed que me voy de aqu\u00ed con muchas ideas sobre c\u00f3mo podr\u00edamos potenciar esta clase de actividades en varios lugares de la Argentina\u201d.<\/p>\n\n\n\n<p>Por otra parte, el Ministro de Desarrollo Social de la Naci\u00f3n destac\u00f3 el trabajo desarrollado en Berazategui por su Intendente. \u201cPermanentemente conversamos con el Dr. Juan Jos\u00e9 Mussi, quien lleva adelante una gesti\u00f3n municipal muy importante, sobre todo en materia de salud, lo que sin dudas hoy se revaloriza mucho m\u00e1s. Siempre me comunico con \u00e9l para charlar sobre la situaci\u00f3n social, porque me interesa mucho saber c\u00f3mo ve las cosas desde su perspectiva como Jefe comunal\u201d, indic\u00f3, y asegur\u00f3 que en los pr\u00f3ximos d\u00edas \u201cvamos a armar un fondo especial con los Municipios, que ser\u00e1 destinado a asistencia alimentaria pero tambi\u00e9n a la adquisici\u00f3n de nuevas m\u00e1quinas y herramientas para empezar a trabajar, porque el trabajo es el camino de salida para hacer frente a la pandemia del Coronavirus\u201d.<\/p>\n","protected":false},"excerpt":{"rendered":"<p>El Ministro de Desarrollo Social de la Naci\u00f3n, Daniel Arroyo; y la secretaria de Desarrollo Social y Comunitario de la Municipalidad de Berazategui, Mar\u00eda Laura Lacava, recorrieron la empresa Argenpack, del Parque Industrial Pl\u00e1tanos, que comenz\u00f3 a desarrollar camas, sillas, separadores, embalajes y dem\u00e1s mobiliario de cart\u00f3n corrugado, que pueden ser de gran utilidad en&#8230;<\/p>\n","protected":false},"author":2,"featured_media":1087,"comment_status":"open","ping_status":"open","sticky":false,"template":"","format":"standard","meta":{"footnotes":""},"categories":[3],"tags":[],"class_list":["post-1086","post","type-post","status-publish","format-standard","has-post-thumbnail","hentry","category-berazategui"],"featured_image_src":"https:\/\/diarioprincipios.com\/wp-content\/uploads\/2020\/04\/DANIEL-ARROYO-VISIT\u00d3-UNA-EMPRESA-DE-BERAZATEGUI-QUE-FABRICA-MOBILIARIO-DE-CART\u00d3N-CORRUGADO-4-1024x682.jpg","blog_images":{"medium":"https:\/\/diarioprincipios.com\/wp-content\/uploads\/2020\/04\/DANIEL-ARROYO-VISIT\u00d3-UNA-EMPRESA-DE-BERAZATEGUI-QUE-FABRICA-MOBILIARIO-DE-CART\u00d3N-CORRUGADO-4-300x200.jpg","large":"https:\/\/diarioprincipios.com\/wp-content\/uploads\/2020\/04\/DANIEL-ARROYO-VISIT\u00d3-UNA-EMPRESA-DE-BERAZATEGUI-QUE-FABRICA-MOBILIARIO-DE-CART\u00d3N-CORRUGADO-4-1024x682.jpg"},"ams_acf":[],"yoast_head":"<!-- This site is optimized with the Yoast SEO plugin v27.3 - https:\/\/yoast.com\/product\/yoast-seo-wordpress\/ -->\n<title>El Ministro de Desarrollo Social de la Naci\u00f3n visit\u00f3 una empresa de Berazategui y anunci\u00f3 un fondo para adquisici\u00f3n de m\u00e1quinas y herramientas - Principios<\/title>\n<meta name=\"robots\" content=\"index, follow, max-snippet:-1, max-image-preview:large, max-video-preview:-1\" \/>\n<link rel=\"canonical\" href=\"https:\/\/diarioprincipios.com\/index.php\/2020\/04\/30\/el-ministro-de-desarrollo-social-de-la-nacion-visito-una-empresa-de-berazategui-y-anuncio-un-fondo-para-adquisicion-de-maquinas-y-herramientas\/\" \/>\n<meta property=\"og:locale\" content=\"es_ES\" \/>\n<meta property=\"og:type\" content=\"article\" \/>\n<meta property=\"og:title\" content=\"El Ministro de Desarrollo Social de la Naci\u00f3n visit\u00f3 una empresa de Berazategui y anunci\u00f3 un fondo para adquisici\u00f3n de m\u00e1quinas y herramientas - Principios\" \/>\n<meta property=\"og:description\" content=\"El Ministro de Desarrollo Social de la Naci\u00f3n, Daniel Arroyo; y la secretaria de Desarrollo Social y Comunitario de la Municipalidad de Berazategui, Mar\u00eda Laura Lacava, recorrieron la empresa Argenpack, del Parque Industrial Pl\u00e1tanos, que comenz\u00f3 a desarrollar camas, sillas, separadores, embalajes y dem\u00e1s mobiliario de cart\u00f3n corrugado, que pueden ser de gran utilidad en...\" \/>\n<meta property=\"og:url\" content=\"https:\/\/diarioprincipios.com\/index.php\/2020\/04\/30\/el-ministro-de-desarrollo-social-de-la-nacion-visito-una-empresa-de-berazategui-y-anuncio-un-fondo-para-adquisicion-de-maquinas-y-herramientas\/\" \/>\n<meta property=\"og:site_name\" content=\"Principios\" \/>\n<meta property=\"article:published_time\" content=\"2020-04-30T22:44:30+00:00\" \/>\n<meta property=\"article:modified_time\" content=\"2020-04-30T22:44:32+00:00\" \/>\n<meta property=\"og:image\" content=\"https:\/\/diarioprincipios.com\/wp-content\/uploads\/2020\/04\/DANIEL-ARROYO-VISIT\u00d3-UNA-EMPRESA-DE-BERAZATEGUI-QUE-FABRICA-MOBILIARIO-DE-CART\u00d3N-CORRUGADO-4.jpg\" \/>\n\t<meta property=\"og:image:width\" content=\"1280\" \/>\n\t<meta property=\"og:image:height\" content=\"853\" \/>\n\t<meta property=\"og:image:type\" content=\"image\/jpeg\" \/>\n<meta name=\"author\" content=\"Hern\u00e1n L\u00f3pez\" \/>\n<meta name=\"twitter:card\" content=\"summary_large_image\" \/>\n<meta name=\"twitter:label1\" content=\"Escrito por\" \/>\n\t<meta name=\"twitter:data1\" content=\"Hern\u00e1n L\u00f3pez\" \/>\n\t<meta name=\"twitter:label2\" content=\"Tiempo de lectura\" \/>\n\t<meta name=\"twitter:data2\" content=\"2 minutos\" \/>\n<script type=\"application\/ld+json\" class=\"yoast-schema-graph\">{\"@context\":\"https:\\\/\\\/schema.org\",\"@graph\":[{\"@type\":\"Article\",\"@id\":\"https:\\\/\\\/diarioprincipios.com\\\/index.php\\\/2020\\\/04\\\/30\\\/el-ministro-de-desarrollo-social-de-la-nacion-visito-una-empresa-de-berazategui-y-anuncio-un-fondo-para-adquisicion-de-maquinas-y-herramientas\\\/#article\",\"isPartOf\":{\"@id\":\"https:\\\/\\\/diarioprincipios.com\\\/index.php\\\/2020\\\/04\\\/30\\\/el-ministro-de-desarrollo-social-de-la-nacion-visito-una-empresa-de-berazategui-y-anuncio-un-fondo-para-adquisicion-de-maquinas-y-herramientas\\\/\"},\"author\":{\"name\":\"Hern\u00e1n L\u00f3pez\",\"@id\":\"https:\\\/\\\/diarioprincipios.com\\\/#\\\/schema\\\/person\\\/436d5a1fd41a5e250e23ff5a6a7cb080\"},\"headline\":\"El Ministro de Desarrollo Social de la Naci\u00f3n visit\u00f3 una empresa de Berazategui y anunci\u00f3 un fondo para adquisici\u00f3n de m\u00e1quinas y herramientas\",\"datePublished\":\"2020-04-30T22:44:30+00:00\",\"dateModified\":\"2020-04-30T22:44:32+00:00\",\"mainEntityOfPage\":{\"@id\":\"https:\\\/\\\/diarioprincipios.com\\\/index.php\\\/2020\\\/04\\\/30\\\/el-ministro-de-desarrollo-social-de-la-nacion-visito-una-empresa-de-berazategui-y-anuncio-un-fondo-para-adquisicion-de-maquinas-y-herramientas\\\/\"},\"wordCount\":392,\"commentCount\":0,\"publisher\":{\"@id\":\"https:\\\/\\\/diarioprincipios.com\\\/#organization\"},\"image\":{\"@id\":\"https:\\\/\\\/diarioprincipios.com\\\/index.php\\\/2020\\\/04\\\/30\\\/el-ministro-de-desarrollo-social-de-la-nacion-visito-una-empresa-de-berazategui-y-anuncio-un-fondo-para-adquisicion-de-maquinas-y-herramientas\\\/#primaryimage\"},\"thumbnailUrl\":\"https:\\\/\\\/diarioprincipios.com\\\/wp-content\\\/uploads\\\/2020\\\/04\\\/DANIEL-ARROYO-VISIT\u00d3-UNA-EMPRESA-DE-BERAZATEGUI-QUE-FABRICA-MOBILIARIO-DE-CART\u00d3N-CORRUGADO-4.jpg\",\"articleSection\":[\"Berazategui\"],\"inLanguage\":\"es\",\"potentialAction\":[{\"@type\":\"CommentAction\",\"name\":\"Comment\",\"target\":[\"https:\\\/\\\/diarioprincipios.com\\\/index.php\\\/2020\\\/04\\\/30\\\/el-ministro-de-desarrollo-social-de-la-nacion-visito-una-empresa-de-berazategui-y-anuncio-un-fondo-para-adquisicion-de-maquinas-y-herramientas\\\/#respond\"]}]},{\"@type\":\"WebPage\",\"@id\":\"https:\\\/\\\/diarioprincipios.com\\\/index.php\\\/2020\\\/04\\\/30\\\/el-ministro-de-desarrollo-social-de-la-nacion-visito-una-empresa-de-berazategui-y-anuncio-un-fondo-para-adquisicion-de-maquinas-y-herramientas\\\/\",\"url\":\"https:\\\/\\\/diarioprincipios.com\\\/index.php\\\/2020\\\/04\\\/30\\\/el-ministro-de-desarrollo-social-de-la-nacion-visito-una-empresa-de-berazategui-y-anuncio-un-fondo-para-adquisicion-de-maquinas-y-herramientas\\\/\",\"name\":\"El Ministro de Desarrollo Social de la Naci\u00f3n visit\u00f3 una empresa de Berazategui y anunci\u00f3 un fondo para adquisici\u00f3n de m\u00e1quinas y herramientas - Principios\",\"isPartOf\":{\"@id\":\"https:\\\/\\\/diarioprincipios.com\\\/#website\"},\"primaryImageOfPage\":{\"@id\":\"https:\\\/\\\/diarioprincipios.com\\\/index.php\\\/2020\\\/04\\\/30\\\/el-ministro-de-desarrollo-social-de-la-nacion-visito-una-empresa-de-berazategui-y-anuncio-un-fondo-para-adquisicion-de-maquinas-y-herramientas\\\/#primaryimage\"},\"image\":{\"@id\":\"https:\\\/\\\/diarioprincipios.com\\\/index.php\\\/2020\\\/04\\\/30\\\/el-ministro-de-desarrollo-social-de-la-nacion-visito-una-empresa-de-berazategui-y-anuncio-un-fondo-para-adquisicion-de-maquinas-y-herramientas\\\/#primaryimage\"},\"thumbnailUrl\":\"https:\\\/\\\/diarioprincipios.com\\\/wp-content\\\/uploads\\\/2020\\\/04\\\/DANIEL-ARROYO-VISIT\u00d3-UNA-EMPRESA-DE-BERAZATEGUI-QUE-FABRICA-MOBILIARIO-DE-CART\u00d3N-CORRUGADO-4.jpg\",\"datePublished\":\"2020-04-30T22:44:30+00:00\",\"dateModified\":\"2020-04-30T22:44:32+00:00\",\"breadcrumb\":{\"@id\":\"https:\\\/\\\/diarioprincipios.com\\\/index.php\\\/2020\\\/04\\\/30\\\/el-ministro-de-desarrollo-social-de-la-nacion-visito-una-empresa-de-berazategui-y-anuncio-un-fondo-para-adquisicion-de-maquinas-y-herramientas\\\/#breadcrumb\"},\"inLanguage\":\"es\",\"potentialAction\":[{\"@type\":\"ReadAction\",\"target\":[\"https:\\\/\\\/diarioprincipios.com\\\/index.php\\\/2020\\\/04\\\/30\\\/el-ministro-de-desarrollo-social-de-la-nacion-visito-una-empresa-de-berazategui-y-anuncio-un-fondo-para-adquisicion-de-maquinas-y-herramientas\\\/\"]}]},{\"@type\":\"ImageObject\",\"inLanguage\":\"es\",\"@id\":\"https:\\\/\\\/diarioprincipios.com\\\/index.php\\\/2020\\\/04\\\/30\\\/el-ministro-de-desarrollo-social-de-la-nacion-visito-una-empresa-de-berazategui-y-anuncio-un-fondo-para-adquisicion-de-maquinas-y-herramientas\\\/#primaryimage\",\"url\":\"https:\\\/\\\/diarioprincipios.com\\\/wp-content\\\/uploads\\\/2020\\\/04\\\/DANIEL-ARROYO-VISIT\u00d3-UNA-EMPRESA-DE-BERAZATEGUI-QUE-FABRICA-MOBILIARIO-DE-CART\u00d3N-CORRUGADO-4.jpg\",\"contentUrl\":\"https:\\\/\\\/diarioprincipios.com\\\/wp-content\\\/uploads\\\/2020\\\/04\\\/DANIEL-ARROYO-VISIT\u00d3-UNA-EMPRESA-DE-BERAZATEGUI-QUE-FABRICA-MOBILIARIO-DE-CART\u00d3N-CORRUGADO-4.jpg\",\"width\":1280,\"height\":853},{\"@type\":\"BreadcrumbList\",\"@id\":\"https:\\\/\\\/diarioprincipios.com\\\/index.php\\\/2020\\\/04\\\/30\\\/el-ministro-de-desarrollo-social-de-la-nacion-visito-una-empresa-de-berazategui-y-anuncio-un-fondo-para-adquisicion-de-maquinas-y-herramientas\\\/#breadcrumb\",\"itemListElement\":[{\"@type\":\"ListItem\",\"position\":1,\"name\":\"Portada\",\"item\":\"https:\\\/\\\/diarioprincipios.com\\\/\"},{\"@type\":\"ListItem\",\"position\":2,\"name\":\"El Ministro de Desarrollo Social de la Naci\u00f3n visit\u00f3 una empresa de Berazategui y anunci\u00f3 un fondo para adquisici\u00f3n de m\u00e1quinas y herramientas\"}]},{\"@type\":\"WebSite\",\"@id\":\"https:\\\/\\\/diarioprincipios.com\\\/#website\",\"url\":\"https:\\\/\\\/diarioprincipios.com\\\/\",\"name\":\"Principios\",\"description\":\"Principios Diario\",\"publisher\":{\"@id\":\"https:\\\/\\\/diarioprincipios.com\\\/#organization\"},\"potentialAction\":[{\"@type\":\"SearchAction\",\"target\":{\"@type\":\"EntryPoint\",\"urlTemplate\":\"https:\\\/\\\/diarioprincipios.com\\\/?s={search_term_string}\"},\"query-input\":{\"@type\":\"PropertyValueSpecification\",\"valueRequired\":true,\"valueName\":\"search_term_string\"}}],\"inLanguage\":\"es\"},{\"@type\":\"Organization\",\"@id\":\"https:\\\/\\\/diarioprincipios.com\\\/#organization\",\"name\":\"Principios\",\"url\":\"https:\\\/\\\/diarioprincipios.com\\\/\",\"logo\":{\"@type\":\"ImageObject\",\"inLanguage\":\"es\",\"@id\":\"https:\\\/\\\/diarioprincipios.com\\\/#\\\/schema\\\/logo\\\/image\\\/\",\"url\":\"https:\\\/\\\/diarioprincipios.com\\\/wp-content\\\/uploads\\\/2024\\\/04\\\/cropped-www.diarioprincipios.com_-1.png\",\"contentUrl\":\"https:\\\/\\\/diarioprincipios.com\\\/wp-content\\\/uploads\\\/2024\\\/04\\\/cropped-www.diarioprincipios.com_-1.png\",\"width\":5325,\"height\":1454,\"caption\":\"Principios\"},\"image\":{\"@id\":\"https:\\\/\\\/diarioprincipios.com\\\/#\\\/schema\\\/logo\\\/image\\\/\"}},{\"@type\":\"Person\",\"@id\":\"https:\\\/\\\/diarioprincipios.com\\\/#\\\/schema\\\/person\\\/436d5a1fd41a5e250e23ff5a6a7cb080\",\"name\":\"Hern\u00e1n L\u00f3pez\",\"image\":{\"@type\":\"ImageObject\",\"inLanguage\":\"es\",\"@id\":\"https:\\\/\\\/diarioprincipios.com\\\/wp-content\\\/litespeed\\\/avatar\\\/11ddfe5610ff3bd100522525b2571f48.jpg?ver=1777048341\",\"url\":\"https:\\\/\\\/diarioprincipios.com\\\/wp-content\\\/litespeed\\\/avatar\\\/11ddfe5610ff3bd100522525b2571f48.jpg?ver=1777048341\",\"contentUrl\":\"https:\\\/\\\/diarioprincipios.com\\\/wp-content\\\/litespeed\\\/avatar\\\/11ddfe5610ff3bd100522525b2571f48.jpg?ver=1777048341\",\"caption\":\"Hern\u00e1n L\u00f3pez\"},\"url\":\"https:\\\/\\\/diarioprincipios.com\\\/index.php\\\/author\\\/hernan\\\/\"}]}<\/script>\n<!-- \/ Yoast SEO plugin. -->","yoast_head_json":{"title":"El Ministro de Desarrollo Social de la Naci\u00f3n visit\u00f3 una empresa de Berazategui y anunci\u00f3 un fondo para adquisici\u00f3n de m\u00e1quinas y herramientas - Principios","robots":{"index":"index","follow":"follow","max-snippet":"max-snippet:-1","max-image-preview":"max-image-preview:large","max-video-preview":"max-video-preview:-1"},"canonical":"https:\/\/diarioprincipios.com\/index.php\/2020\/04\/30\/el-ministro-de-desarrollo-social-de-la-nacion-visito-una-empresa-de-berazategui-y-anuncio-un-fondo-para-adquisicion-de-maquinas-y-herramientas\/","og_locale":"es_ES","og_type":"article","og_title":"El Ministro de Desarrollo Social de la Naci\u00f3n visit\u00f3 una empresa de Berazategui y anunci\u00f3 un fondo para adquisici\u00f3n de m\u00e1quinas y herramientas - Principios","og_description":"El Ministro de Desarrollo Social de la Naci\u00f3n, Daniel Arroyo; y la secretaria de Desarrollo Social y Comunitario de la Municipalidad de Berazategui, Mar\u00eda Laura Lacava, recorrieron la empresa Argenpack, del Parque Industrial Pl\u00e1tanos, que comenz\u00f3 a desarrollar camas, sillas, separadores, embalajes y dem\u00e1s mobiliario de cart\u00f3n corrugado, que pueden ser de gran utilidad en...","og_url":"https:\/\/diarioprincipios.com\/index.php\/2020\/04\/30\/el-ministro-de-desarrollo-social-de-la-nacion-visito-una-empresa-de-berazategui-y-anuncio-un-fondo-para-adquisicion-de-maquinas-y-herramientas\/","og_site_name":"Principios","article_published_time":"2020-04-30T22:44:30+00:00","article_modified_time":"2020-04-30T22:44:32+00:00","og_image":[{"width":1280,"height":853,"url":"https:\/\/diarioprincipios.com\/wp-content\/uploads\/2020\/04\/DANIEL-ARROYO-VISIT\u00d3-UNA-EMPRESA-DE-BERAZATEGUI-QUE-FABRICA-MOBILIARIO-DE-CART\u00d3N-CORRUGADO-4.jpg","type":"image\/jpeg"}],"author":"Hern\u00e1n L\u00f3pez","twitter_card":"summary_large_image","twitter_misc":{"Escrito por":"Hern\u00e1n L\u00f3pez","Tiempo de lectura":"2 minutos"},"schema":{"@context":"https:\/\/schema.org","@graph":[{"@type":"Article","@id":"https:\/\/diarioprincipios.com\/index.php\/2020\/04\/30\/el-ministro-de-desarrollo-social-de-la-nacion-visito-una-empresa-de-berazategui-y-anuncio-un-fondo-para-adquisicion-de-maquinas-y-herramientas\/#article","isPartOf":{"@id":"https:\/\/diarioprincipios.com\/index.php\/2020\/04\/30\/el-ministro-de-desarrollo-social-de-la-nacion-visito-una-empresa-de-berazategui-y-anuncio-un-fondo-para-adquisicion-de-maquinas-y-herramientas\/"},"author":{"name":"Hern\u00e1n L\u00f3pez","@id":"https:\/\/diarioprincipios.com\/#\/schema\/person\/436d5a1fd41a5e250e23ff5a6a7cb080"},"headline":"El Ministro de Desarrollo Social de la Naci\u00f3n visit\u00f3 una empresa de Berazategui y anunci\u00f3 un fondo para adquisici\u00f3n de m\u00e1quinas y herramientas","datePublished":"2020-04-30T22:44:30+00:00","dateModified":"2020-04-30T22:44:32+00:00","mainEntityOfPage":{"@id":"https:\/\/diarioprincipios.com\/index.php\/2020\/04\/30\/el-ministro-de-desarrollo-social-de-la-nacion-visito-una-empresa-de-berazategui-y-anuncio-un-fondo-para-adquisicion-de-maquinas-y-herramientas\/"},"wordCount":392,"commentCount":0,"publisher":{"@id":"https:\/\/diarioprincipios.com\/#organization"},"image":{"@id":"https:\/\/diarioprincipios.com\/index.php\/2020\/04\/30\/el-ministro-de-desarrollo-social-de-la-nacion-visito-una-empresa-de-berazategui-y-anuncio-un-fondo-para-adquisicion-de-maquinas-y-herramientas\/#primaryimage"},"thumbnailUrl":"https:\/\/diarioprincipios.com\/wp-content\/uploads\/2020\/04\/DANIEL-ARROYO-VISIT\u00d3-UNA-EMPRESA-DE-BERAZATEGUI-QUE-FABRICA-MOBILIARIO-DE-CART\u00d3N-CORRUGADO-4.jpg","articleSection":["Berazategui"],"inLanguage":"es","potentialAction":[{"@type":"CommentAction","name":"Comment","target":["https:\/\/diarioprincipios.com\/index.php\/2020\/04\/30\/el-ministro-de-desarrollo-social-de-la-nacion-visito-una-empresa-de-berazategui-y-anuncio-un-fondo-para-adquisicion-de-maquinas-y-herramientas\/#respond"]}]},{"@type":"WebPage","@id":"https:\/\/diarioprincipios.com\/index.php\/2020\/04\/30\/el-ministro-de-desarrollo-social-de-la-nacion-visito-una-empresa-de-berazategui-y-anuncio-un-fondo-para-adquisicion-de-maquinas-y-herramientas\/","url":"https:\/\/diarioprincipios.com\/index.php\/2020\/04\/30\/el-ministro-de-desarrollo-social-de-la-nacion-visito-una-empresa-de-berazategui-y-anuncio-un-fondo-para-adquisicion-de-maquinas-y-herramientas\/","name":"El Ministro de Desarrollo Social de la Naci\u00f3n visit\u00f3 una empresa de Berazategui y anunci\u00f3 un fondo para adquisici\u00f3n de m\u00e1quinas y herramientas - Principios","isPartOf":{"@id":"https:\/\/diarioprincipios.com\/#website"},"primaryImageOfPage":{"@id":"https:\/\/diarioprincipios.com\/index.php\/2020\/04\/30\/el-ministro-de-desarrollo-social-de-la-nacion-visito-una-empresa-de-berazategui-y-anuncio-un-fondo-para-adquisicion-de-maquinas-y-herramientas\/#primaryimage"},"image":{"@id":"https:\/\/diarioprincipios.com\/index.php\/2020\/04\/30\/el-ministro-de-desarrollo-social-de-la-nacion-visito-una-empresa-de-berazategui-y-anuncio-un-fondo-para-adquisicion-de-maquinas-y-herramientas\/#primaryimage"},"thumbnailUrl":"https:\/\/diarioprincipios.com\/wp-content\/uploads\/2020\/04\/DANIEL-ARROYO-VISIT\u00d3-UNA-EMPRESA-DE-BERAZATEGUI-QUE-FABRICA-MOBILIARIO-DE-CART\u00d3N-CORRUGADO-4.jpg","datePublished":"2020-04-30T22:44:30+00:00","dateModified":"2020-04-30T22:44:32+00:00","breadcrumb":{"@id":"https:\/\/diarioprincipios.com\/index.php\/2020\/04\/30\/el-ministro-de-desarrollo-social-de-la-nacion-visito-una-empresa-de-berazategui-y-anuncio-un-fondo-para-adquisicion-de-maquinas-y-herramientas\/#breadcrumb"},"inLanguage":"es","potentialAction":[{"@type":"ReadAction","target":["https:\/\/diarioprincipios.com\/index.php\/2020\/04\/30\/el-ministro-de-desarrollo-social-de-la-nacion-visito-una-empresa-de-berazategui-y-anuncio-un-fondo-para-adquisicion-de-maquinas-y-herramientas\/"]}]},{"@type":"ImageObject","inLanguage":"es","@id":"https:\/\/diarioprincipios.com\/index.php\/2020\/04\/30\/el-ministro-de-desarrollo-social-de-la-nacion-visito-una-empresa-de-berazategui-y-anuncio-un-fondo-para-adquisicion-de-maquinas-y-herramientas\/#primaryimage","url":"https:\/\/diarioprincipios.com\/wp-content\/uploads\/2020\/04\/DANIEL-ARROYO-VISIT\u00d3-UNA-EMPRESA-DE-BERAZATEGUI-QUE-FABRICA-MOBILIARIO-DE-CART\u00d3N-CORRUGADO-4.jpg","contentUrl":"https:\/\/diarioprincipios.com\/wp-content\/uploads\/2020\/04\/DANIEL-ARROYO-VISIT\u00d3-UNA-EMPRESA-DE-BERAZATEGUI-QUE-FABRICA-MOBILIARIO-DE-CART\u00d3N-CORRUGADO-4.jpg","width":1280,"height":853},{"@type":"BreadcrumbList","@id":"https:\/\/diarioprincipios.com\/index.php\/2020\/04\/30\/el-ministro-de-desarrollo-social-de-la-nacion-visito-una-empresa-de-berazategui-y-anuncio-un-fondo-para-adquisicion-de-maquinas-y-herramientas\/#breadcrumb","itemListElement":[{"@type":"ListItem","position":1,"name":"Portada","item":"https:\/\/diarioprincipios.com\/"},{"@type":"ListItem","position":2,"name":"El Ministro de Desarrollo Social de la Naci\u00f3n visit\u00f3 una empresa de Berazategui y anunci\u00f3 un fondo para adquisici\u00f3n de m\u00e1quinas y herramientas"}]},{"@type":"WebSite","@id":"https:\/\/diarioprincipios.com\/#website","url":"https:\/\/diarioprincipios.com\/","name":"Principios","description":"Principios Diario","publisher":{"@id":"https:\/\/diarioprincipios.com\/#organization"},"potentialAction":[{"@type":"SearchAction","target":{"@type":"EntryPoint","urlTemplate":"https:\/\/diarioprincipios.com\/?s={search_term_string}"},"query-input":{"@type":"PropertyValueSpecification","valueRequired":true,"valueName":"search_term_string"}}],"inLanguage":"es"},{"@type":"Organization","@id":"https:\/\/diarioprincipios.com\/#organization","name":"Principios","url":"https:\/\/diarioprincipios.com\/","logo":{"@type":"ImageObject","inLanguage":"es","@id":"https:\/\/diarioprincipios.com\/#\/schema\/logo\/image\/","url":"https:\/\/diarioprincipios.com\/wp-content\/uploads\/2024\/04\/cropped-www.diarioprincipios.com_-1.png","contentUrl":"https:\/\/diarioprincipios.com\/wp-content\/uploads\/2024\/04\/cropped-www.diarioprincipios.com_-1.png","width":5325,"height":1454,"caption":"Principios"},"image":{"@id":"https:\/\/diarioprincipios.com\/#\/schema\/logo\/image\/"}},{"@type":"Person","@id":"https:\/\/diarioprincipios.com\/#\/schema\/person\/436d5a1fd41a5e250e23ff5a6a7cb080","name":"Hern\u00e1n L\u00f3pez","image":{"@type":"ImageObject","inLanguage":"es","@id":"https:\/\/diarioprincipios.com\/wp-content\/litespeed\/avatar\/11ddfe5610ff3bd100522525b2571f48.jpg?ver=1777048341","url":"https:\/\/diarioprincipios.com\/wp-content\/litespeed\/avatar\/11ddfe5610ff3bd100522525b2571f48.jpg?ver=1777048341","contentUrl":"https:\/\/diarioprincipios.com\/wp-content\/litespeed\/avatar\/11ddfe5610ff3bd100522525b2571f48.jpg?ver=1777048341","caption":"Hern\u00e1n L\u00f3pez"},"url":"https:\/\/diarioprincipios.com\/index.php\/author\/hernan\/"}]}},"jetpack_featured_media_url":"https:\/\/diarioprincipios.com\/wp-content\/uploads\/2020\/04\/DANIEL-ARROYO-VISIT\u00d3-UNA-EMPRESA-DE-BERAZATEGUI-QUE-FABRICA-MOBILIARIO-DE-CART\u00d3N-CORRUGADO-4.jpg","_links":{"self":[{"href":"https:\/\/diarioprincipios.com\/index.php\/wp-json\/wp\/v2\/posts\/1086","targetHints":{"allow":["GET"]}}],"collection":[{"href":"https:\/\/diarioprincipios.com\/index.php\/wp-json\/wp\/v2\/posts"}],"about":[{"href":"https:\/\/diarioprincipios.com\/index.php\/wp-json\/wp\/v2\/types\/post"}],"author":[{"embeddable":true,"href":"https:\/\/diarioprincipios.com\/index.php\/wp-json\/wp\/v2\/users\/2"}],"replies":[{"embeddable":true,"href":"https:\/\/diarioprincipios.com\/index.php\/wp-json\/wp\/v2\/comments?post=1086"}],"version-history":[{"count":1,"href":"https:\/\/diarioprincipios.com\/index.php\/wp-json\/wp\/v2\/posts\/1086\/revisions"}],"predecessor-version":[{"id":1089,"href":"https:\/\/diarioprincipios.com\/index.php\/wp-json\/wp\/v2\/posts\/1086\/revisions\/1089"}],"wp:featuredmedia":[{"embeddable":true,"href":"https:\/\/diarioprincipios.com\/index.php\/wp-json\/wp\/v2\/media\/1087"}],"wp:attachment":[{"href":"https:\/\/diarioprincipios.com\/index.php\/wp-json\/wp\/v2\/media?parent=1086"}],"wp:term":[{"taxonomy":"category","embeddable":true,"href":"https:\/\/diarioprincipios.com\/index.php\/wp-json\/wp\/v2\/categories?post=1086"},{"taxonomy":"post_tag","embeddable":true,"href":"https:\/\/diarioprincipios.com\/index.php\/wp-json\/wp\/v2\/tags?post=1086"}],"curies":[{"name":"wp","href":"https:\/\/api.w.org\/{rel}","templated":true}]}}