{"id":1084,"date":"2020-04-30T21:11:06","date_gmt":"2020-04-30T21:11:06","guid":{"rendered":"http:\/\/diarioprincipios.com\/?p=1084"},"modified":"2020-04-30T21:11:09","modified_gmt":"2020-04-30T21:11:09","slug":"mussi-hizo-un-balance-de-la-situacion-en-berazategui-desde-el-inicio-de-la-pandemia-de-coronavirus","status":"publish","type":"post","link":"https:\/\/diarioprincipios.com\/index.php\/2020\/04\/30\/mussi-hizo-un-balance-de-la-situacion-en-berazategui-desde-el-inicio-de-la-pandemia-de-coronavirus\/","title":{"rendered":"Mussi hizo un balance de la situaci\u00f3n en Berazategui desde el inicio de la pandemia de coronavirus"},"content":{"rendered":"\n<p>Hace instantes, a trav\u00e9s de sus redes sociales, el Intendente de Berazategui, Dr. Juan Jos\u00e9 Mussi hizo un balance de la situaci\u00f3n en la ciudad desde el inicio de la pandemia de coronavirus.<\/p>\n\n\n\n<p>\u00abVecinos y vecinas, en esta nueva comunicaci\u00f3n les cuento c\u00f3mo nos encontramos en\u00a0<a href=\"https:\/\/www.facebook.com\/hashtag\/berazategui?source=feed_text&amp;epa=HASHTAG&amp;__xts__%5B0%5D=68.ARCMG8jBmrvTC0oJ5A_8UbyxiGdAehiaUjWkGPVkNuIYsy6M2HoOmHA8w-59JbLngiToJ-217DELBadBu2UbxHoWUeZwhZ_oEjGrxYLqXve8U-xcQk0WBJp-90ii1ZVXwoXfUuSpnCskTB90WmwKGElPMZDCgqj6rjWdrskHBCwd2kB7vpN2_PvZ8-0P5N7m2lm_T3G4tAfWkqexJbphjNM_XVHPYxmJi6nzUAWwbQYgk8llBhaukkpteRdOXGcQOMk74dQC5UitCygOPICoG__znikVNu5tkh8EVdxaHePrG1WsuWFpD1O9CD5rgMNEGKG3-LzY90pqjUKBKsT76kmCMlZd7ZY&amp;__tn__=%2ANKH-R\">#Berazategui<\/a>\u00a0con respecto al\u00a0<a href=\"https:\/\/www.facebook.com\/hashtag\/coronavirus?source=feed_text&amp;epa=HASHTAG&amp;__xts__%5B0%5D=68.ARCMG8jBmrvTC0oJ5A_8UbyxiGdAehiaUjWkGPVkNuIYsy6M2HoOmHA8w-59JbLngiToJ-217DELBadBu2UbxHoWUeZwhZ_oEjGrxYLqXve8U-xcQk0WBJp-90ii1ZVXwoXfUuSpnCskTB90WmwKGElPMZDCgqj6rjWdrskHBCwd2kB7vpN2_PvZ8-0P5N7m2lm_T3G4tAfWkqexJbphjNM_XVHPYxmJi6nzUAWwbQYgk8llBhaukkpteRdOXGcQOMk74dQC5UitCygOPICoG__znikVNu5tkh8EVdxaHePrG1WsuWFpD1O9CD5rgMNEGKG3-LzY90pqjUKBKsT76kmCMlZd7ZY&amp;__tn__=%2ANKH-R\">#Coronavirus<\/a>. Hasta el momento tuvimos 349 casos sospechosos, 287 ya fueron descartados, 34 se encuentran en estudio y 28 fueron confirmados.<br>De estos 28, tenemos dos fallecidos, 6 recuperados y 20 a\u00fan est\u00e1n internados.<br>Tambi\u00e9n quiero contarles que de los 28 casos positivos, 5 son importados, 16 tuvieron contacto estrecho con personas que viajaron al exterior, 6 son contagios comunitarios y un caso todav\u00eda se investiga la causa\u00bb, escribio el jefe comunal.<br>Finalmente, tal como lo suele hacer exhort\u00f3 \u00abComo m\u00e9dico les pido que por favor se sigan quedando en sus casas y que, si tienen que salir por un motivo de fuerza mayor, usen tapaboca, es el mejor remedio!\u00a0<a href=\"https:\/\/www.facebook.com\/hashtag\/quedateentucasa?source=feed_text&amp;epa=HASHTAG&amp;__xts__%5B0%5D=68.ARCMG8jBmrvTC0oJ5A_8UbyxiGdAehiaUjWkGPVkNuIYsy6M2HoOmHA8w-59JbLngiToJ-217DELBadBu2UbxHoWUeZwhZ_oEjGrxYLqXve8U-xcQk0WBJp-90ii1ZVXwoXfUuSpnCskTB90WmwKGElPMZDCgqj6rjWdrskHBCwd2kB7vpN2_PvZ8-0P5N7m2lm_T3G4tAfWkqexJbphjNM_XVHPYxmJi6nzUAWwbQYgk8llBhaukkpteRdOXGcQOMk74dQC5UitCygOPICoG__znikVNu5tkh8EVdxaHePrG1WsuWFpD1O9CD5rgMNEGKG3-LzY90pqjUKBKsT76kmCMlZd7ZY&amp;__tn__=%2ANKH-R\">#QuedateEnTuCasa<\/a>\u00a0<a href=\"https:\/\/www.facebook.com\/hashtag\/cuidarteescuidarnos?source=feed_text&amp;epa=HASHTAG&amp;__xts__%5B0%5D=68.ARCMG8jBmrvTC0oJ5A_8UbyxiGdAehiaUjWkGPVkNuIYsy6M2HoOmHA8w-59JbLngiToJ-217DELBadBu2UbxHoWUeZwhZ_oEjGrxYLqXve8U-xcQk0WBJp-90ii1ZVXwoXfUuSpnCskTB90WmwKGElPMZDCgqj6rjWdrskHBCwd2kB7vpN2_PvZ8-0P5N7m2lm_T3G4tAfWkqexJbphjNM_XVHPYxmJi6nzUAWwbQYgk8llBhaukkpteRdOXGcQOMk74dQC5UitCygOPICoG__znikVNu5tkh8EVdxaHePrG1WsuWFpD1O9CD5rgMNEGKG3-LzY90pqjUKBKsT76kmCMlZd7ZY&amp;__tn__=%2ANKH-R\">#CuidarteEsCuidarnos<\/a>\u00a0<a href=\"https:\/\/www.facebook.com\/hashtag\/covid19?source=feed_text&amp;epa=HASHTAG&amp;__xts__%5B0%5D=68.ARCMG8jBmrvTC0oJ5A_8UbyxiGdAehiaUjWkGPVkNuIYsy6M2HoOmHA8w-59JbLngiToJ-217DELBadBu2UbxHoWUeZwhZ_oEjGrxYLqXve8U-xcQk0WBJp-90ii1ZVXwoXfUuSpnCskTB90WmwKGElPMZDCgqj6rjWdrskHBCwd2kB7vpN2_PvZ8-0P5N7m2lm_T3G4tAfWkqexJbphjNM_XVHPYxmJi6nzUAWwbQYgk8llBhaukkpteRdOXGcQOMk74dQC5UitCygOPICoG__znikVNu5tkh8EVdxaHePrG1WsuWFpD1O9CD5rgMNEGKG3-LzY90pqjUKBKsT76kmCMlZd7ZY&amp;__tn__=%2ANKH-R\">#Covid19<\/a>\u00a0<a href=\"https:\/\/www.facebook.com\/hashtag\/buenosvecinos?source=feed_text&amp;epa=HASHTAG&amp;__xts__%5B0%5D=68.ARCMG8jBmrvTC0oJ5A_8UbyxiGdAehiaUjWkGPVkNuIYsy6M2HoOmHA8w-59JbLngiToJ-217DELBadBu2UbxHoWUeZwhZ_oEjGrxYLqXve8U-xcQk0WBJp-90ii1ZVXwoXfUuSpnCskTB90WmwKGElPMZDCgqj6rjWdrskHBCwd2kB7vpN2_PvZ8-0P5N7m2lm_T3G4tAfWkqexJbphjNM_XVHPYxmJi6nzUAWwbQYgk8llBhaukkpteRdOXGcQOMk74dQC5UitCygOPICoG__znikVNu5tkh8EVdxaHePrG1WsuWFpD1O9CD5rgMNEGKG3-LzY90pqjUKBKsT76kmCMlZd7ZY&amp;__tn__=%2ANKH-R\">#BuenosVecinos<\/a>\u00ab<\/p>\n","protected":false},"excerpt":{"rendered":"<p>Hace instantes, a trav\u00e9s de sus redes sociales, el Intendente de Berazategui, Dr. Juan Jos\u00e9 Mussi hizo un balance de la situaci\u00f3n en la ciudad desde el inicio de la pandemia de coronavirus. \u00abVecinos y vecinas, en esta nueva comunicaci\u00f3n les cuento c\u00f3mo nos encontramos en\u00a0#Berazategui\u00a0con respecto al\u00a0#Coronavirus. Hasta el momento tuvimos 349 casos sospechosos,&#8230;<\/p>\n","protected":false},"author":2,"featured_media":665,"comment_status":"open","ping_status":"open","sticky":false,"template":"","format":"standard","meta":{"footnotes":""},"categories":[3],"tags":[],"class_list":["post-1084","post","type-post","status-publish","format-standard","has-post-thumbnail","hentry","category-berazategui"],"featured_image_src":"https:\/\/diarioprincipios.com\/wp-content\/uploads\/2020\/04\/mussi-1024x576.jpg","blog_images":{"medium":"https:\/\/diarioprincipios.com\/wp-content\/uploads\/2020\/04\/mussi-300x169.jpg","large":"https:\/\/diarioprincipios.com\/wp-content\/uploads\/2020\/04\/mussi-1024x576.jpg"},"ams_acf":[],"yoast_head":"<!-- This site is optimized with the Yoast SEO plugin v27.3 - https:\/\/yoast.com\/product\/yoast-seo-wordpress\/ -->\n<title>Mussi hizo un balance de la situaci\u00f3n en Berazategui desde el inicio de la pandemia de coronavirus - Principios<\/title>\n<meta name=\"robots\" content=\"index, follow, max-snippet:-1, max-image-preview:large, max-video-preview:-1\" \/>\n<link rel=\"canonical\" href=\"https:\/\/diarioprincipios.com\/index.php\/2020\/04\/30\/mussi-hizo-un-balance-de-la-situacion-en-berazategui-desde-el-inicio-de-la-pandemia-de-coronavirus\/\" \/>\n<meta property=\"og:locale\" content=\"es_ES\" \/>\n<meta property=\"og:type\" content=\"article\" \/>\n<meta property=\"og:title\" content=\"Mussi hizo un balance de la situaci\u00f3n en Berazategui desde el inicio de la pandemia de coronavirus - Principios\" \/>\n<meta property=\"og:description\" content=\"Hace instantes, a trav\u00e9s de sus redes sociales, el Intendente de Berazategui, Dr. Juan Jos\u00e9 Mussi hizo un balance de la situaci\u00f3n en la ciudad desde el inicio de la pandemia de coronavirus. \u00abVecinos y vecinas, en esta nueva comunicaci\u00f3n les cuento c\u00f3mo nos encontramos en\u00a0#Berazategui\u00a0con respecto al\u00a0#Coronavirus. Hasta el momento tuvimos 349 casos sospechosos,...\" \/>\n<meta property=\"og:url\" content=\"https:\/\/diarioprincipios.com\/index.php\/2020\/04\/30\/mussi-hizo-un-balance-de-la-situacion-en-berazategui-desde-el-inicio-de-la-pandemia-de-coronavirus\/\" \/>\n<meta property=\"og:site_name\" content=\"Principios\" \/>\n<meta property=\"article:published_time\" content=\"2020-04-30T21:11:06+00:00\" \/>\n<meta property=\"article:modified_time\" content=\"2020-04-30T21:11:09+00:00\" \/>\n<meta property=\"og:image\" content=\"https:\/\/diarioprincipios.com\/wp-content\/uploads\/2020\/04\/mussi.jpg\" \/>\n\t<meta property=\"og:image:width\" content=\"1080\" \/>\n\t<meta property=\"og:image:height\" content=\"608\" \/>\n\t<meta property=\"og:image:type\" content=\"image\/jpeg\" \/>\n<meta name=\"author\" content=\"Hern\u00e1n L\u00f3pez\" \/>\n<meta name=\"twitter:card\" content=\"summary_large_image\" \/>\n<meta name=\"twitter:label1\" content=\"Escrito por\" \/>\n\t<meta name=\"twitter:data1\" content=\"Hern\u00e1n L\u00f3pez\" \/>\n\t<meta name=\"twitter:label2\" content=\"Tiempo de lectura\" \/>\n\t<meta name=\"twitter:data2\" content=\"1 minuto\" \/>\n<script type=\"application\/ld+json\" class=\"yoast-schema-graph\">{\"@context\":\"https:\\\/\\\/schema.org\",\"@graph\":[{\"@type\":\"Article\",\"@id\":\"https:\\\/\\\/diarioprincipios.com\\\/index.php\\\/2020\\\/04\\\/30\\\/mussi-hizo-un-balance-de-la-situacion-en-berazategui-desde-el-inicio-de-la-pandemia-de-coronavirus\\\/#article\",\"isPartOf\":{\"@id\":\"https:\\\/\\\/diarioprincipios.com\\\/index.php\\\/2020\\\/04\\\/30\\\/mussi-hizo-un-balance-de-la-situacion-en-berazategui-desde-el-inicio-de-la-pandemia-de-coronavirus\\\/\"},\"author\":{\"name\":\"Hern\u00e1n L\u00f3pez\",\"@id\":\"https:\\\/\\\/diarioprincipios.com\\\/#\\\/schema\\\/person\\\/436d5a1fd41a5e250e23ff5a6a7cb080\"},\"headline\":\"Mussi hizo un balance de la situaci\u00f3n en Berazategui desde el inicio de la pandemia de coronavirus\",\"datePublished\":\"2020-04-30T21:11:06+00:00\",\"dateModified\":\"2020-04-30T21:11:09+00:00\",\"mainEntityOfPage\":{\"@id\":\"https:\\\/\\\/diarioprincipios.com\\\/index.php\\\/2020\\\/04\\\/30\\\/mussi-hizo-un-balance-de-la-situacion-en-berazategui-desde-el-inicio-de-la-pandemia-de-coronavirus\\\/\"},\"wordCount\":180,\"commentCount\":0,\"publisher\":{\"@id\":\"https:\\\/\\\/diarioprincipios.com\\\/#organization\"},\"image\":{\"@id\":\"https:\\\/\\\/diarioprincipios.com\\\/index.php\\\/2020\\\/04\\\/30\\\/mussi-hizo-un-balance-de-la-situacion-en-berazategui-desde-el-inicio-de-la-pandemia-de-coronavirus\\\/#primaryimage\"},\"thumbnailUrl\":\"https:\\\/\\\/diarioprincipios.com\\\/wp-content\\\/uploads\\\/2020\\\/04\\\/mussi.jpg\",\"articleSection\":[\"Berazategui\"],\"inLanguage\":\"es\",\"potentialAction\":[{\"@type\":\"CommentAction\",\"name\":\"Comment\",\"target\":[\"https:\\\/\\\/diarioprincipios.com\\\/index.php\\\/2020\\\/04\\\/30\\\/mussi-hizo-un-balance-de-la-situacion-en-berazategui-desde-el-inicio-de-la-pandemia-de-coronavirus\\\/#respond\"]}]},{\"@type\":\"WebPage\",\"@id\":\"https:\\\/\\\/diarioprincipios.com\\\/index.php\\\/2020\\\/04\\\/30\\\/mussi-hizo-un-balance-de-la-situacion-en-berazategui-desde-el-inicio-de-la-pandemia-de-coronavirus\\\/\",\"url\":\"https:\\\/\\\/diarioprincipios.com\\\/index.php\\\/2020\\\/04\\\/30\\\/mussi-hizo-un-balance-de-la-situacion-en-berazategui-desde-el-inicio-de-la-pandemia-de-coronavirus\\\/\",\"name\":\"Mussi hizo un balance de la situaci\u00f3n en Berazategui desde el inicio de la pandemia de coronavirus - Principios\",\"isPartOf\":{\"@id\":\"https:\\\/\\\/diarioprincipios.com\\\/#website\"},\"primaryImageOfPage\":{\"@id\":\"https:\\\/\\\/diarioprincipios.com\\\/index.php\\\/2020\\\/04\\\/30\\\/mussi-hizo-un-balance-de-la-situacion-en-berazategui-desde-el-inicio-de-la-pandemia-de-coronavirus\\\/#primaryimage\"},\"image\":{\"@id\":\"https:\\\/\\\/diarioprincipios.com\\\/index.php\\\/2020\\\/04\\\/30\\\/mussi-hizo-un-balance-de-la-situacion-en-berazategui-desde-el-inicio-de-la-pandemia-de-coronavirus\\\/#primaryimage\"},\"thumbnailUrl\":\"https:\\\/\\\/diarioprincipios.com\\\/wp-content\\\/uploads\\\/2020\\\/04\\\/mussi.jpg\",\"datePublished\":\"2020-04-30T21:11:06+00:00\",\"dateModified\":\"2020-04-30T21:11:09+00:00\",\"breadcrumb\":{\"@id\":\"https:\\\/\\\/diarioprincipios.com\\\/index.php\\\/2020\\\/04\\\/30\\\/mussi-hizo-un-balance-de-la-situacion-en-berazategui-desde-el-inicio-de-la-pandemia-de-coronavirus\\\/#breadcrumb\"},\"inLanguage\":\"es\",\"potentialAction\":[{\"@type\":\"ReadAction\",\"target\":[\"https:\\\/\\\/diarioprincipios.com\\\/index.php\\\/2020\\\/04\\\/30\\\/mussi-hizo-un-balance-de-la-situacion-en-berazategui-desde-el-inicio-de-la-pandemia-de-coronavirus\\\/\"]}]},{\"@type\":\"ImageObject\",\"inLanguage\":\"es\",\"@id\":\"https:\\\/\\\/diarioprincipios.com\\\/index.php\\\/2020\\\/04\\\/30\\\/mussi-hizo-un-balance-de-la-situacion-en-berazategui-desde-el-inicio-de-la-pandemia-de-coronavirus\\\/#primaryimage\",\"url\":\"https:\\\/\\\/diarioprincipios.com\\\/wp-content\\\/uploads\\\/2020\\\/04\\\/mussi.jpg\",\"contentUrl\":\"https:\\\/\\\/diarioprincipios.com\\\/wp-content\\\/uploads\\\/2020\\\/04\\\/mussi.jpg\",\"width\":1080,\"height\":608},{\"@type\":\"BreadcrumbList\",\"@id\":\"https:\\\/\\\/diarioprincipios.com\\\/index.php\\\/2020\\\/04\\\/30\\\/mussi-hizo-un-balance-de-la-situacion-en-berazategui-desde-el-inicio-de-la-pandemia-de-coronavirus\\\/#breadcrumb\",\"itemListElement\":[{\"@type\":\"ListItem\",\"position\":1,\"name\":\"Portada\",\"item\":\"https:\\\/\\\/diarioprincipios.com\\\/\"},{\"@type\":\"ListItem\",\"position\":2,\"name\":\"Mussi hizo un balance de la situaci\u00f3n en Berazategui desde el inicio de la pandemia de coronavirus\"}]},{\"@type\":\"WebSite\",\"@id\":\"https:\\\/\\\/diarioprincipios.com\\\/#website\",\"url\":\"https:\\\/\\\/diarioprincipios.com\\\/\",\"name\":\"Principios\",\"description\":\"Principios Diario\",\"publisher\":{\"@id\":\"https:\\\/\\\/diarioprincipios.com\\\/#organization\"},\"potentialAction\":[{\"@type\":\"SearchAction\",\"target\":{\"@type\":\"EntryPoint\",\"urlTemplate\":\"https:\\\/\\\/diarioprincipios.com\\\/?s={search_term_string}\"},\"query-input\":{\"@type\":\"PropertyValueSpecification\",\"valueRequired\":true,\"valueName\":\"search_term_string\"}}],\"inLanguage\":\"es\"},{\"@type\":\"Organization\",\"@id\":\"https:\\\/\\\/diarioprincipios.com\\\/#organization\",\"name\":\"Principios\",\"url\":\"https:\\\/\\\/diarioprincipios.com\\\/\",\"logo\":{\"@type\":\"ImageObject\",\"inLanguage\":\"es\",\"@id\":\"https:\\\/\\\/diarioprincipios.com\\\/#\\\/schema\\\/logo\\\/image\\\/\",\"url\":\"https:\\\/\\\/diarioprincipios.com\\\/wp-content\\\/uploads\\\/2024\\\/04\\\/cropped-www.diarioprincipios.com_-1.png\",\"contentUrl\":\"https:\\\/\\\/diarioprincipios.com\\\/wp-content\\\/uploads\\\/2024\\\/04\\\/cropped-www.diarioprincipios.com_-1.png\",\"width\":5325,\"height\":1454,\"caption\":\"Principios\"},\"image\":{\"@id\":\"https:\\\/\\\/diarioprincipios.com\\\/#\\\/schema\\\/logo\\\/image\\\/\"}},{\"@type\":\"Person\",\"@id\":\"https:\\\/\\\/diarioprincipios.com\\\/#\\\/schema\\\/person\\\/436d5a1fd41a5e250e23ff5a6a7cb080\",\"name\":\"Hern\u00e1n L\u00f3pez\",\"image\":{\"@type\":\"ImageObject\",\"inLanguage\":\"es\",\"@id\":\"https:\\\/\\\/diarioprincipios.com\\\/wp-content\\\/litespeed\\\/avatar\\\/11ddfe5610ff3bd100522525b2571f48.jpg?ver=1777048341\",\"url\":\"https:\\\/\\\/diarioprincipios.com\\\/wp-content\\\/litespeed\\\/avatar\\\/11ddfe5610ff3bd100522525b2571f48.jpg?ver=1777048341\",\"contentUrl\":\"https:\\\/\\\/diarioprincipios.com\\\/wp-content\\\/litespeed\\\/avatar\\\/11ddfe5610ff3bd100522525b2571f48.jpg?ver=1777048341\",\"caption\":\"Hern\u00e1n L\u00f3pez\"},\"url\":\"https:\\\/\\\/diarioprincipios.com\\\/index.php\\\/author\\\/hernan\\\/\"}]}<\/script>\n<!-- \/ Yoast SEO plugin. -->","yoast_head_json":{"title":"Mussi hizo un balance de la situaci\u00f3n en Berazategui desde el inicio de la pandemia de coronavirus - Principios","robots":{"index":"index","follow":"follow","max-snippet":"max-snippet:-1","max-image-preview":"max-image-preview:large","max-video-preview":"max-video-preview:-1"},"canonical":"https:\/\/diarioprincipios.com\/index.php\/2020\/04\/30\/mussi-hizo-un-balance-de-la-situacion-en-berazategui-desde-el-inicio-de-la-pandemia-de-coronavirus\/","og_locale":"es_ES","og_type":"article","og_title":"Mussi hizo un balance de la situaci\u00f3n en Berazategui desde el inicio de la pandemia de coronavirus - Principios","og_description":"Hace instantes, a trav\u00e9s de sus redes sociales, el Intendente de Berazategui, Dr. Juan Jos\u00e9 Mussi hizo un balance de la situaci\u00f3n en la ciudad desde el inicio de la pandemia de coronavirus. \u00abVecinos y vecinas, en esta nueva comunicaci\u00f3n les cuento c\u00f3mo nos encontramos en\u00a0#Berazategui\u00a0con respecto al\u00a0#Coronavirus. Hasta el momento tuvimos 349 casos sospechosos,...","og_url":"https:\/\/diarioprincipios.com\/index.php\/2020\/04\/30\/mussi-hizo-un-balance-de-la-situacion-en-berazategui-desde-el-inicio-de-la-pandemia-de-coronavirus\/","og_site_name":"Principios","article_published_time":"2020-04-30T21:11:06+00:00","article_modified_time":"2020-04-30T21:11:09+00:00","og_image":[{"width":1080,"height":608,"url":"https:\/\/diarioprincipios.com\/wp-content\/uploads\/2020\/04\/mussi.jpg","type":"image\/jpeg"}],"author":"Hern\u00e1n L\u00f3pez","twitter_card":"summary_large_image","twitter_misc":{"Escrito por":"Hern\u00e1n L\u00f3pez","Tiempo de lectura":"1 minuto"},"schema":{"@context":"https:\/\/schema.org","@graph":[{"@type":"Article","@id":"https:\/\/diarioprincipios.com\/index.php\/2020\/04\/30\/mussi-hizo-un-balance-de-la-situacion-en-berazategui-desde-el-inicio-de-la-pandemia-de-coronavirus\/#article","isPartOf":{"@id":"https:\/\/diarioprincipios.com\/index.php\/2020\/04\/30\/mussi-hizo-un-balance-de-la-situacion-en-berazategui-desde-el-inicio-de-la-pandemia-de-coronavirus\/"},"author":{"name":"Hern\u00e1n L\u00f3pez","@id":"https:\/\/diarioprincipios.com\/#\/schema\/person\/436d5a1fd41a5e250e23ff5a6a7cb080"},"headline":"Mussi hizo un balance de la situaci\u00f3n en Berazategui desde el inicio de la pandemia de coronavirus","datePublished":"2020-04-30T21:11:06+00:00","dateModified":"2020-04-30T21:11:09+00:00","mainEntityOfPage":{"@id":"https:\/\/diarioprincipios.com\/index.php\/2020\/04\/30\/mussi-hizo-un-balance-de-la-situacion-en-berazategui-desde-el-inicio-de-la-pandemia-de-coronavirus\/"},"wordCount":180,"commentCount":0,"publisher":{"@id":"https:\/\/diarioprincipios.com\/#organization"},"image":{"@id":"https:\/\/diarioprincipios.com\/index.php\/2020\/04\/30\/mussi-hizo-un-balance-de-la-situacion-en-berazategui-desde-el-inicio-de-la-pandemia-de-coronavirus\/#primaryimage"},"thumbnailUrl":"https:\/\/diarioprincipios.com\/wp-content\/uploads\/2020\/04\/mussi.jpg","articleSection":["Berazategui"],"inLanguage":"es","potentialAction":[{"@type":"CommentAction","name":"Comment","target":["https:\/\/diarioprincipios.com\/index.php\/2020\/04\/30\/mussi-hizo-un-balance-de-la-situacion-en-berazategui-desde-el-inicio-de-la-pandemia-de-coronavirus\/#respond"]}]},{"@type":"WebPage","@id":"https:\/\/diarioprincipios.com\/index.php\/2020\/04\/30\/mussi-hizo-un-balance-de-la-situacion-en-berazategui-desde-el-inicio-de-la-pandemia-de-coronavirus\/","url":"https:\/\/diarioprincipios.com\/index.php\/2020\/04\/30\/mussi-hizo-un-balance-de-la-situacion-en-berazategui-desde-el-inicio-de-la-pandemia-de-coronavirus\/","name":"Mussi hizo un balance de la situaci\u00f3n en Berazategui desde el inicio de la pandemia de coronavirus - Principios","isPartOf":{"@id":"https:\/\/diarioprincipios.com\/#website"},"primaryImageOfPage":{"@id":"https:\/\/diarioprincipios.com\/index.php\/2020\/04\/30\/mussi-hizo-un-balance-de-la-situacion-en-berazategui-desde-el-inicio-de-la-pandemia-de-coronavirus\/#primaryimage"},"image":{"@id":"https:\/\/diarioprincipios.com\/index.php\/2020\/04\/30\/mussi-hizo-un-balance-de-la-situacion-en-berazategui-desde-el-inicio-de-la-pandemia-de-coronavirus\/#primaryimage"},"thumbnailUrl":"https:\/\/diarioprincipios.com\/wp-content\/uploads\/2020\/04\/mussi.jpg","datePublished":"2020-04-30T21:11:06+00:00","dateModified":"2020-04-30T21:11:09+00:00","breadcrumb":{"@id":"https:\/\/diarioprincipios.com\/index.php\/2020\/04\/30\/mussi-hizo-un-balance-de-la-situacion-en-berazategui-desde-el-inicio-de-la-pandemia-de-coronavirus\/#breadcrumb"},"inLanguage":"es","potentialAction":[{"@type":"ReadAction","target":["https:\/\/diarioprincipios.com\/index.php\/2020\/04\/30\/mussi-hizo-un-balance-de-la-situacion-en-berazategui-desde-el-inicio-de-la-pandemia-de-coronavirus\/"]}]},{"@type":"ImageObject","inLanguage":"es","@id":"https:\/\/diarioprincipios.com\/index.php\/2020\/04\/30\/mussi-hizo-un-balance-de-la-situacion-en-berazategui-desde-el-inicio-de-la-pandemia-de-coronavirus\/#primaryimage","url":"https:\/\/diarioprincipios.com\/wp-content\/uploads\/2020\/04\/mussi.jpg","contentUrl":"https:\/\/diarioprincipios.com\/wp-content\/uploads\/2020\/04\/mussi.jpg","width":1080,"height":608},{"@type":"BreadcrumbList","@id":"https:\/\/diarioprincipios.com\/index.php\/2020\/04\/30\/mussi-hizo-un-balance-de-la-situacion-en-berazategui-desde-el-inicio-de-la-pandemia-de-coronavirus\/#breadcrumb","itemListElement":[{"@type":"ListItem","position":1,"name":"Portada","item":"https:\/\/diarioprincipios.com\/"},{"@type":"ListItem","position":2,"name":"Mussi hizo un balance de la situaci\u00f3n en Berazategui desde el inicio de la pandemia de coronavirus"}]},{"@type":"WebSite","@id":"https:\/\/diarioprincipios.com\/#website","url":"https:\/\/diarioprincipios.com\/","name":"Principios","description":"Principios Diario","publisher":{"@id":"https:\/\/diarioprincipios.com\/#organization"},"potentialAction":[{"@type":"SearchAction","target":{"@type":"EntryPoint","urlTemplate":"https:\/\/diarioprincipios.com\/?s={search_term_string}"},"query-input":{"@type":"PropertyValueSpecification","valueRequired":true,"valueName":"search_term_string"}}],"inLanguage":"es"},{"@type":"Organization","@id":"https:\/\/diarioprincipios.com\/#organization","name":"Principios","url":"https:\/\/diarioprincipios.com\/","logo":{"@type":"ImageObject","inLanguage":"es","@id":"https:\/\/diarioprincipios.com\/#\/schema\/logo\/image\/","url":"https:\/\/diarioprincipios.com\/wp-content\/uploads\/2024\/04\/cropped-www.diarioprincipios.com_-1.png","contentUrl":"https:\/\/diarioprincipios.com\/wp-content\/uploads\/2024\/04\/cropped-www.diarioprincipios.com_-1.png","width":5325,"height":1454,"caption":"Principios"},"image":{"@id":"https:\/\/diarioprincipios.com\/#\/schema\/logo\/image\/"}},{"@type":"Person","@id":"https:\/\/diarioprincipios.com\/#\/schema\/person\/436d5a1fd41a5e250e23ff5a6a7cb080","name":"Hern\u00e1n L\u00f3pez","image":{"@type":"ImageObject","inLanguage":"es","@id":"https:\/\/diarioprincipios.com\/wp-content\/litespeed\/avatar\/11ddfe5610ff3bd100522525b2571f48.jpg?ver=1777048341","url":"https:\/\/diarioprincipios.com\/wp-content\/litespeed\/avatar\/11ddfe5610ff3bd100522525b2571f48.jpg?ver=1777048341","contentUrl":"https:\/\/diarioprincipios.com\/wp-content\/litespeed\/avatar\/11ddfe5610ff3bd100522525b2571f48.jpg?ver=1777048341","caption":"Hern\u00e1n L\u00f3pez"},"url":"https:\/\/diarioprincipios.com\/index.php\/author\/hernan\/"}]}},"jetpack_featured_media_url":"https:\/\/diarioprincipios.com\/wp-content\/uploads\/2020\/04\/mussi.jpg","_links":{"self":[{"href":"https:\/\/diarioprincipios.com\/index.php\/wp-json\/wp\/v2\/posts\/1084","targetHints":{"allow":["GET"]}}],"collection":[{"href":"https:\/\/diarioprincipios.com\/index.php\/wp-json\/wp\/v2\/posts"}],"about":[{"href":"https:\/\/diarioprincipios.com\/index.php\/wp-json\/wp\/v2\/types\/post"}],"author":[{"embeddable":true,"href":"https:\/\/diarioprincipios.com\/index.php\/wp-json\/wp\/v2\/users\/2"}],"replies":[{"embeddable":true,"href":"https:\/\/diarioprincipios.com\/index.php\/wp-json\/wp\/v2\/comments?post=1084"}],"version-history":[{"count":1,"href":"https:\/\/diarioprincipios.com\/index.php\/wp-json\/wp\/v2\/posts\/1084\/revisions"}],"predecessor-version":[{"id":1085,"href":"https:\/\/diarioprincipios.com\/index.php\/wp-json\/wp\/v2\/posts\/1084\/revisions\/1085"}],"wp:featuredmedia":[{"embeddable":true,"href":"https:\/\/diarioprincipios.com\/index.php\/wp-json\/wp\/v2\/media\/665"}],"wp:attachment":[{"href":"https:\/\/diarioprincipios.com\/index.php\/wp-json\/wp\/v2\/media?parent=1084"}],"wp:term":[{"taxonomy":"category","embeddable":true,"href":"https:\/\/diarioprincipios.com\/index.php\/wp-json\/wp\/v2\/categories?post=1084"},{"taxonomy":"post_tag","embeddable":true,"href":"https:\/\/diarioprincipios.com\/index.php\/wp-json\/wp\/v2\/tags?post=1084"}],"curies":[{"name":"wp","href":"https:\/\/api.w.org\/{rel}","templated":true}]}}