{"id":1078,"date":"2020-04-30T20:28:00","date_gmt":"2020-04-30T20:28:00","guid":{"rendered":"http:\/\/diarioprincipios.com\/?p=1078"},"modified":"2020-04-30T20:28:02","modified_gmt":"2020-04-30T20:28:02","slug":"berazategui-recuerda-que-las-personas-en-situacion-de-violencia-pueden-salir-a-denunciar-durante-la-cuarentena","status":"publish","type":"post","link":"https:\/\/diarioprincipios.com\/index.php\/2020\/04\/30\/berazategui-recuerda-que-las-personas-en-situacion-de-violencia-pueden-salir-a-denunciar-durante-la-cuarentena\/","title":{"rendered":"Berazategui recuerda que las personas en situaci\u00f3n de violencia pueden salir a denunciar durante la cuarentena"},"content":{"rendered":"\n<p><\/p>\n\n\n\n<p><strong>En medio del aislamiento social, preventivo y obligatorio, la violencia familiar puede recrudecer en los hogares, por lo que el Ministerio Nacional de las Mujeres, G\u00e9neros y Diversidad dispuso que aquellas personas que sufren esta situaci\u00f3n est\u00e1n autorizadas a salir (ya sea solas o acompa\u00f1adas) para denunciar los hechos y\/o pedir ayuda, asistencia o protecci\u00f3n.<br><\/strong><br>En el mismo sentido, el Municipio -a trav\u00e9s de la Direcci\u00f3n de la Mujer y de la Coordinaci\u00f3n Integral de Prevenci\u00f3n y Asistencia a las Violencias- puso a disposici\u00f3n de la comunidad tres l\u00edneas para recibir denuncias las 24 horas, ya sea por llamada como por mensaje de WhatsApp: (011) 15-5704-4946, (011) 15-6901-9925 y (011) 15-3931-1473; y una l\u00ednea que recibe solo llamadas: 4256-6440, adem\u00e1s del correo electr\u00f3nico\u00a0<a rel=\"noreferrer noopener\" target=\"_blank\" href=\"mailto:direcciondelamujer@berazategui.gob.ar\">direcciondelamujer@berazategui.gob.ar<\/a>. Tambi\u00e9n, por esas v\u00edas de comunicaci\u00f3n se brinda asesoramiento, contenci\u00f3n y acompa\u00f1amiento.<\/p>\n\n\n\n<p>A su vez, el Centro de Coordinaci\u00f3n Integral de Prevenci\u00f3n y Asistencia a las Violencias (CIPAV), ubicado en Av. 14 entre 131 y 132, atiende a vecinos que padezcan esta situaci\u00f3n. Aquellos que lo necesiten, pueden comunicarse todos los d\u00edas y durante las 24 horas al 4256-6440; o v\u00eda mail, a&nbsp;<a rel=\"noreferrer noopener\" target=\"_blank\" href=\"mailto:cipavberazategui@gmail.com\">cipavberazategui@gmail.com<\/a>.<\/p>\n\n\n\n<p>El Gobierno nacional, a trav\u00e9s de la Resoluci\u00f3n 15\/2020, otorga a estas salidas la categor\u00eda de \u201cfuerza mayor\u201d, sum\u00e1ndose as\u00ed al resto de las exceptuadas del aislamiento social, preventivo y obligatorio, y comprendidas en el art\u00edculo 6\u00b0 (inciso 6) del Decreto de necesidad y urgencia 297\/2020, firmado el 19 de marzo por el presidente de la Naci\u00f3n, Alberto Fern\u00e1ndez, con acuerdo de todos sus ministros.<\/p>\n\n\n\n<p>Tambi\u00e9n, se les recomienda a las personas en situaci\u00f3n de violencia familiar hacer uso de esta herramienta con el objetivo de proteger su vida y las de sus hijos, comunic\u00e1ndose al 911 o al 144.<\/p>\n","protected":false},"excerpt":{"rendered":"<p>En medio del aislamiento social, preventivo y obligatorio, la violencia familiar puede recrudecer en los hogares, por lo que el Ministerio Nacional de las Mujeres, G\u00e9neros y Diversidad dispuso que aquellas personas que sufren esta situaci\u00f3n est\u00e1n autorizadas a salir (ya sea solas o acompa\u00f1adas) para denunciar los hechos y\/o pedir ayuda, asistencia o protecci\u00f3n.En&#8230;<\/p>\n","protected":false},"author":2,"featured_media":1079,"comment_status":"open","ping_status":"open","sticky":false,"template":"","format":"standard","meta":{"footnotes":""},"categories":[3],"tags":[],"class_list":["post-1078","post","type-post","status-publish","format-standard","has-post-thumbnail","hentry","category-berazategui"],"featured_image_src":"https:\/\/diarioprincipios.com\/wp-content\/uploads\/2020\/04\/yk.jpg","blog_images":{"medium":"https:\/\/diarioprincipios.com\/wp-content\/uploads\/2020\/04\/yk-300x200.jpg","large":"https:\/\/diarioprincipios.com\/wp-content\/uploads\/2020\/04\/yk.jpg"},"ams_acf":[],"yoast_head":"<!-- This site is optimized with the Yoast SEO plugin v27.3 - https:\/\/yoast.com\/product\/yoast-seo-wordpress\/ -->\n<title>Berazategui recuerda que las personas en situaci\u00f3n de violencia pueden salir a denunciar durante la cuarentena - Principios<\/title>\n<meta name=\"robots\" content=\"index, follow, max-snippet:-1, max-image-preview:large, max-video-preview:-1\" \/>\n<link rel=\"canonical\" href=\"https:\/\/diarioprincipios.com\/index.php\/2020\/04\/30\/berazategui-recuerda-que-las-personas-en-situacion-de-violencia-pueden-salir-a-denunciar-durante-la-cuarentena\/\" \/>\n<meta property=\"og:locale\" content=\"es_ES\" \/>\n<meta property=\"og:type\" content=\"article\" \/>\n<meta property=\"og:title\" content=\"Berazategui recuerda que las personas en situaci\u00f3n de violencia pueden salir a denunciar durante la cuarentena - Principios\" \/>\n<meta property=\"og:description\" content=\"En medio del aislamiento social, preventivo y obligatorio, la violencia familiar puede recrudecer en los hogares, por lo que el Ministerio Nacional de las Mujeres, G\u00e9neros y Diversidad dispuso que aquellas personas que sufren esta situaci\u00f3n est\u00e1n autorizadas a salir (ya sea solas o acompa\u00f1adas) para denunciar los hechos y\/o pedir ayuda, asistencia o protecci\u00f3n.En...\" \/>\n<meta property=\"og:url\" content=\"https:\/\/diarioprincipios.com\/index.php\/2020\/04\/30\/berazategui-recuerda-que-las-personas-en-situacion-de-violencia-pueden-salir-a-denunciar-durante-la-cuarentena\/\" \/>\n<meta property=\"og:site_name\" content=\"Principios\" \/>\n<meta property=\"article:published_time\" content=\"2020-04-30T20:28:00+00:00\" \/>\n<meta property=\"article:modified_time\" content=\"2020-04-30T20:28:02+00:00\" \/>\n<meta property=\"og:image\" content=\"https:\/\/diarioprincipios.com\/wp-content\/uploads\/2020\/04\/yk.jpg\" \/>\n\t<meta property=\"og:image:width\" content=\"960\" \/>\n\t<meta property=\"og:image:height\" content=\"640\" \/>\n\t<meta property=\"og:image:type\" content=\"image\/jpeg\" \/>\n<meta name=\"author\" content=\"Hern\u00e1n L\u00f3pez\" \/>\n<meta name=\"twitter:card\" content=\"summary_large_image\" \/>\n<meta name=\"twitter:label1\" content=\"Escrito por\" \/>\n\t<meta name=\"twitter:data1\" content=\"Hern\u00e1n L\u00f3pez\" \/>\n\t<meta name=\"twitter:label2\" content=\"Tiempo de lectura\" \/>\n\t<meta name=\"twitter:data2\" content=\"2 minutos\" \/>\n<script type=\"application\/ld+json\" class=\"yoast-schema-graph\">{\"@context\":\"https:\\\/\\\/schema.org\",\"@graph\":[{\"@type\":\"Article\",\"@id\":\"https:\\\/\\\/diarioprincipios.com\\\/index.php\\\/2020\\\/04\\\/30\\\/berazategui-recuerda-que-las-personas-en-situacion-de-violencia-pueden-salir-a-denunciar-durante-la-cuarentena\\\/#article\",\"isPartOf\":{\"@id\":\"https:\\\/\\\/diarioprincipios.com\\\/index.php\\\/2020\\\/04\\\/30\\\/berazategui-recuerda-que-las-personas-en-situacion-de-violencia-pueden-salir-a-denunciar-durante-la-cuarentena\\\/\"},\"author\":{\"name\":\"Hern\u00e1n L\u00f3pez\",\"@id\":\"https:\\\/\\\/diarioprincipios.com\\\/#\\\/schema\\\/person\\\/436d5a1fd41a5e250e23ff5a6a7cb080\"},\"headline\":\"Berazategui recuerda que las personas en situaci\u00f3n de violencia pueden salir a denunciar durante la cuarentena\",\"datePublished\":\"2020-04-30T20:28:00+00:00\",\"dateModified\":\"2020-04-30T20:28:02+00:00\",\"mainEntityOfPage\":{\"@id\":\"https:\\\/\\\/diarioprincipios.com\\\/index.php\\\/2020\\\/04\\\/30\\\/berazategui-recuerda-que-las-personas-en-situacion-de-violencia-pueden-salir-a-denunciar-durante-la-cuarentena\\\/\"},\"wordCount\":334,\"commentCount\":0,\"publisher\":{\"@id\":\"https:\\\/\\\/diarioprincipios.com\\\/#organization\"},\"image\":{\"@id\":\"https:\\\/\\\/diarioprincipios.com\\\/index.php\\\/2020\\\/04\\\/30\\\/berazategui-recuerda-que-las-personas-en-situacion-de-violencia-pueden-salir-a-denunciar-durante-la-cuarentena\\\/#primaryimage\"},\"thumbnailUrl\":\"https:\\\/\\\/diarioprincipios.com\\\/wp-content\\\/uploads\\\/2020\\\/04\\\/yk.jpg\",\"articleSection\":[\"Berazategui\"],\"inLanguage\":\"es\",\"potentialAction\":[{\"@type\":\"CommentAction\",\"name\":\"Comment\",\"target\":[\"https:\\\/\\\/diarioprincipios.com\\\/index.php\\\/2020\\\/04\\\/30\\\/berazategui-recuerda-que-las-personas-en-situacion-de-violencia-pueden-salir-a-denunciar-durante-la-cuarentena\\\/#respond\"]}]},{\"@type\":\"WebPage\",\"@id\":\"https:\\\/\\\/diarioprincipios.com\\\/index.php\\\/2020\\\/04\\\/30\\\/berazategui-recuerda-que-las-personas-en-situacion-de-violencia-pueden-salir-a-denunciar-durante-la-cuarentena\\\/\",\"url\":\"https:\\\/\\\/diarioprincipios.com\\\/index.php\\\/2020\\\/04\\\/30\\\/berazategui-recuerda-que-las-personas-en-situacion-de-violencia-pueden-salir-a-denunciar-durante-la-cuarentena\\\/\",\"name\":\"Berazategui recuerda que las personas en situaci\u00f3n de violencia pueden salir a denunciar durante la cuarentena - Principios\",\"isPartOf\":{\"@id\":\"https:\\\/\\\/diarioprincipios.com\\\/#website\"},\"primaryImageOfPage\":{\"@id\":\"https:\\\/\\\/diarioprincipios.com\\\/index.php\\\/2020\\\/04\\\/30\\\/berazategui-recuerda-que-las-personas-en-situacion-de-violencia-pueden-salir-a-denunciar-durante-la-cuarentena\\\/#primaryimage\"},\"image\":{\"@id\":\"https:\\\/\\\/diarioprincipios.com\\\/index.php\\\/2020\\\/04\\\/30\\\/berazategui-recuerda-que-las-personas-en-situacion-de-violencia-pueden-salir-a-denunciar-durante-la-cuarentena\\\/#primaryimage\"},\"thumbnailUrl\":\"https:\\\/\\\/diarioprincipios.com\\\/wp-content\\\/uploads\\\/2020\\\/04\\\/yk.jpg\",\"datePublished\":\"2020-04-30T20:28:00+00:00\",\"dateModified\":\"2020-04-30T20:28:02+00:00\",\"breadcrumb\":{\"@id\":\"https:\\\/\\\/diarioprincipios.com\\\/index.php\\\/2020\\\/04\\\/30\\\/berazategui-recuerda-que-las-personas-en-situacion-de-violencia-pueden-salir-a-denunciar-durante-la-cuarentena\\\/#breadcrumb\"},\"inLanguage\":\"es\",\"potentialAction\":[{\"@type\":\"ReadAction\",\"target\":[\"https:\\\/\\\/diarioprincipios.com\\\/index.php\\\/2020\\\/04\\\/30\\\/berazategui-recuerda-que-las-personas-en-situacion-de-violencia-pueden-salir-a-denunciar-durante-la-cuarentena\\\/\"]}]},{\"@type\":\"ImageObject\",\"inLanguage\":\"es\",\"@id\":\"https:\\\/\\\/diarioprincipios.com\\\/index.php\\\/2020\\\/04\\\/30\\\/berazategui-recuerda-que-las-personas-en-situacion-de-violencia-pueden-salir-a-denunciar-durante-la-cuarentena\\\/#primaryimage\",\"url\":\"https:\\\/\\\/diarioprincipios.com\\\/wp-content\\\/uploads\\\/2020\\\/04\\\/yk.jpg\",\"contentUrl\":\"https:\\\/\\\/diarioprincipios.com\\\/wp-content\\\/uploads\\\/2020\\\/04\\\/yk.jpg\",\"width\":960,\"height\":640},{\"@type\":\"BreadcrumbList\",\"@id\":\"https:\\\/\\\/diarioprincipios.com\\\/index.php\\\/2020\\\/04\\\/30\\\/berazategui-recuerda-que-las-personas-en-situacion-de-violencia-pueden-salir-a-denunciar-durante-la-cuarentena\\\/#breadcrumb\",\"itemListElement\":[{\"@type\":\"ListItem\",\"position\":1,\"name\":\"Portada\",\"item\":\"https:\\\/\\\/diarioprincipios.com\\\/\"},{\"@type\":\"ListItem\",\"position\":2,\"name\":\"Berazategui recuerda que las personas en situaci\u00f3n de violencia pueden salir a denunciar durante la cuarentena\"}]},{\"@type\":\"WebSite\",\"@id\":\"https:\\\/\\\/diarioprincipios.com\\\/#website\",\"url\":\"https:\\\/\\\/diarioprincipios.com\\\/\",\"name\":\"Principios\",\"description\":\"Principios Diario\",\"publisher\":{\"@id\":\"https:\\\/\\\/diarioprincipios.com\\\/#organization\"},\"potentialAction\":[{\"@type\":\"SearchAction\",\"target\":{\"@type\":\"EntryPoint\",\"urlTemplate\":\"https:\\\/\\\/diarioprincipios.com\\\/?s={search_term_string}\"},\"query-input\":{\"@type\":\"PropertyValueSpecification\",\"valueRequired\":true,\"valueName\":\"search_term_string\"}}],\"inLanguage\":\"es\"},{\"@type\":\"Organization\",\"@id\":\"https:\\\/\\\/diarioprincipios.com\\\/#organization\",\"name\":\"Principios\",\"url\":\"https:\\\/\\\/diarioprincipios.com\\\/\",\"logo\":{\"@type\":\"ImageObject\",\"inLanguage\":\"es\",\"@id\":\"https:\\\/\\\/diarioprincipios.com\\\/#\\\/schema\\\/logo\\\/image\\\/\",\"url\":\"https:\\\/\\\/diarioprincipios.com\\\/wp-content\\\/uploads\\\/2024\\\/04\\\/cropped-www.diarioprincipios.com_-1.png\",\"contentUrl\":\"https:\\\/\\\/diarioprincipios.com\\\/wp-content\\\/uploads\\\/2024\\\/04\\\/cropped-www.diarioprincipios.com_-1.png\",\"width\":5325,\"height\":1454,\"caption\":\"Principios\"},\"image\":{\"@id\":\"https:\\\/\\\/diarioprincipios.com\\\/#\\\/schema\\\/logo\\\/image\\\/\"}},{\"@type\":\"Person\",\"@id\":\"https:\\\/\\\/diarioprincipios.com\\\/#\\\/schema\\\/person\\\/436d5a1fd41a5e250e23ff5a6a7cb080\",\"name\":\"Hern\u00e1n L\u00f3pez\",\"image\":{\"@type\":\"ImageObject\",\"inLanguage\":\"es\",\"@id\":\"https:\\\/\\\/diarioprincipios.com\\\/wp-content\\\/litespeed\\\/avatar\\\/11ddfe5610ff3bd100522525b2571f48.jpg?ver=1777048341\",\"url\":\"https:\\\/\\\/diarioprincipios.com\\\/wp-content\\\/litespeed\\\/avatar\\\/11ddfe5610ff3bd100522525b2571f48.jpg?ver=1777048341\",\"contentUrl\":\"https:\\\/\\\/diarioprincipios.com\\\/wp-content\\\/litespeed\\\/avatar\\\/11ddfe5610ff3bd100522525b2571f48.jpg?ver=1777048341\",\"caption\":\"Hern\u00e1n L\u00f3pez\"},\"url\":\"https:\\\/\\\/diarioprincipios.com\\\/index.php\\\/author\\\/hernan\\\/\"}]}<\/script>\n<!-- \/ Yoast SEO plugin. -->","yoast_head_json":{"title":"Berazategui recuerda que las personas en situaci\u00f3n de violencia pueden salir a denunciar durante la cuarentena - Principios","robots":{"index":"index","follow":"follow","max-snippet":"max-snippet:-1","max-image-preview":"max-image-preview:large","max-video-preview":"max-video-preview:-1"},"canonical":"https:\/\/diarioprincipios.com\/index.php\/2020\/04\/30\/berazategui-recuerda-que-las-personas-en-situacion-de-violencia-pueden-salir-a-denunciar-durante-la-cuarentena\/","og_locale":"es_ES","og_type":"article","og_title":"Berazategui recuerda que las personas en situaci\u00f3n de violencia pueden salir a denunciar durante la cuarentena - Principios","og_description":"En medio del aislamiento social, preventivo y obligatorio, la violencia familiar puede recrudecer en los hogares, por lo que el Ministerio Nacional de las Mujeres, G\u00e9neros y Diversidad dispuso que aquellas personas que sufren esta situaci\u00f3n est\u00e1n autorizadas a salir (ya sea solas o acompa\u00f1adas) para denunciar los hechos y\/o pedir ayuda, asistencia o protecci\u00f3n.En...","og_url":"https:\/\/diarioprincipios.com\/index.php\/2020\/04\/30\/berazategui-recuerda-que-las-personas-en-situacion-de-violencia-pueden-salir-a-denunciar-durante-la-cuarentena\/","og_site_name":"Principios","article_published_time":"2020-04-30T20:28:00+00:00","article_modified_time":"2020-04-30T20:28:02+00:00","og_image":[{"width":960,"height":640,"url":"https:\/\/diarioprincipios.com\/wp-content\/uploads\/2020\/04\/yk.jpg","type":"image\/jpeg"}],"author":"Hern\u00e1n L\u00f3pez","twitter_card":"summary_large_image","twitter_misc":{"Escrito por":"Hern\u00e1n L\u00f3pez","Tiempo de lectura":"2 minutos"},"schema":{"@context":"https:\/\/schema.org","@graph":[{"@type":"Article","@id":"https:\/\/diarioprincipios.com\/index.php\/2020\/04\/30\/berazategui-recuerda-que-las-personas-en-situacion-de-violencia-pueden-salir-a-denunciar-durante-la-cuarentena\/#article","isPartOf":{"@id":"https:\/\/diarioprincipios.com\/index.php\/2020\/04\/30\/berazategui-recuerda-que-las-personas-en-situacion-de-violencia-pueden-salir-a-denunciar-durante-la-cuarentena\/"},"author":{"name":"Hern\u00e1n L\u00f3pez","@id":"https:\/\/diarioprincipios.com\/#\/schema\/person\/436d5a1fd41a5e250e23ff5a6a7cb080"},"headline":"Berazategui recuerda que las personas en situaci\u00f3n de violencia pueden salir a denunciar durante la cuarentena","datePublished":"2020-04-30T20:28:00+00:00","dateModified":"2020-04-30T20:28:02+00:00","mainEntityOfPage":{"@id":"https:\/\/diarioprincipios.com\/index.php\/2020\/04\/30\/berazategui-recuerda-que-las-personas-en-situacion-de-violencia-pueden-salir-a-denunciar-durante-la-cuarentena\/"},"wordCount":334,"commentCount":0,"publisher":{"@id":"https:\/\/diarioprincipios.com\/#organization"},"image":{"@id":"https:\/\/diarioprincipios.com\/index.php\/2020\/04\/30\/berazategui-recuerda-que-las-personas-en-situacion-de-violencia-pueden-salir-a-denunciar-durante-la-cuarentena\/#primaryimage"},"thumbnailUrl":"https:\/\/diarioprincipios.com\/wp-content\/uploads\/2020\/04\/yk.jpg","articleSection":["Berazategui"],"inLanguage":"es","potentialAction":[{"@type":"CommentAction","name":"Comment","target":["https:\/\/diarioprincipios.com\/index.php\/2020\/04\/30\/berazategui-recuerda-que-las-personas-en-situacion-de-violencia-pueden-salir-a-denunciar-durante-la-cuarentena\/#respond"]}]},{"@type":"WebPage","@id":"https:\/\/diarioprincipios.com\/index.php\/2020\/04\/30\/berazategui-recuerda-que-las-personas-en-situacion-de-violencia-pueden-salir-a-denunciar-durante-la-cuarentena\/","url":"https:\/\/diarioprincipios.com\/index.php\/2020\/04\/30\/berazategui-recuerda-que-las-personas-en-situacion-de-violencia-pueden-salir-a-denunciar-durante-la-cuarentena\/","name":"Berazategui recuerda que las personas en situaci\u00f3n de violencia pueden salir a denunciar durante la cuarentena - Principios","isPartOf":{"@id":"https:\/\/diarioprincipios.com\/#website"},"primaryImageOfPage":{"@id":"https:\/\/diarioprincipios.com\/index.php\/2020\/04\/30\/berazategui-recuerda-que-las-personas-en-situacion-de-violencia-pueden-salir-a-denunciar-durante-la-cuarentena\/#primaryimage"},"image":{"@id":"https:\/\/diarioprincipios.com\/index.php\/2020\/04\/30\/berazategui-recuerda-que-las-personas-en-situacion-de-violencia-pueden-salir-a-denunciar-durante-la-cuarentena\/#primaryimage"},"thumbnailUrl":"https:\/\/diarioprincipios.com\/wp-content\/uploads\/2020\/04\/yk.jpg","datePublished":"2020-04-30T20:28:00+00:00","dateModified":"2020-04-30T20:28:02+00:00","breadcrumb":{"@id":"https:\/\/diarioprincipios.com\/index.php\/2020\/04\/30\/berazategui-recuerda-que-las-personas-en-situacion-de-violencia-pueden-salir-a-denunciar-durante-la-cuarentena\/#breadcrumb"},"inLanguage":"es","potentialAction":[{"@type":"ReadAction","target":["https:\/\/diarioprincipios.com\/index.php\/2020\/04\/30\/berazategui-recuerda-que-las-personas-en-situacion-de-violencia-pueden-salir-a-denunciar-durante-la-cuarentena\/"]}]},{"@type":"ImageObject","inLanguage":"es","@id":"https:\/\/diarioprincipios.com\/index.php\/2020\/04\/30\/berazategui-recuerda-que-las-personas-en-situacion-de-violencia-pueden-salir-a-denunciar-durante-la-cuarentena\/#primaryimage","url":"https:\/\/diarioprincipios.com\/wp-content\/uploads\/2020\/04\/yk.jpg","contentUrl":"https:\/\/diarioprincipios.com\/wp-content\/uploads\/2020\/04\/yk.jpg","width":960,"height":640},{"@type":"BreadcrumbList","@id":"https:\/\/diarioprincipios.com\/index.php\/2020\/04\/30\/berazategui-recuerda-que-las-personas-en-situacion-de-violencia-pueden-salir-a-denunciar-durante-la-cuarentena\/#breadcrumb","itemListElement":[{"@type":"ListItem","position":1,"name":"Portada","item":"https:\/\/diarioprincipios.com\/"},{"@type":"ListItem","position":2,"name":"Berazategui recuerda que las personas en situaci\u00f3n de violencia pueden salir a denunciar durante la cuarentena"}]},{"@type":"WebSite","@id":"https:\/\/diarioprincipios.com\/#website","url":"https:\/\/diarioprincipios.com\/","name":"Principios","description":"Principios Diario","publisher":{"@id":"https:\/\/diarioprincipios.com\/#organization"},"potentialAction":[{"@type":"SearchAction","target":{"@type":"EntryPoint","urlTemplate":"https:\/\/diarioprincipios.com\/?s={search_term_string}"},"query-input":{"@type":"PropertyValueSpecification","valueRequired":true,"valueName":"search_term_string"}}],"inLanguage":"es"},{"@type":"Organization","@id":"https:\/\/diarioprincipios.com\/#organization","name":"Principios","url":"https:\/\/diarioprincipios.com\/","logo":{"@type":"ImageObject","inLanguage":"es","@id":"https:\/\/diarioprincipios.com\/#\/schema\/logo\/image\/","url":"https:\/\/diarioprincipios.com\/wp-content\/uploads\/2024\/04\/cropped-www.diarioprincipios.com_-1.png","contentUrl":"https:\/\/diarioprincipios.com\/wp-content\/uploads\/2024\/04\/cropped-www.diarioprincipios.com_-1.png","width":5325,"height":1454,"caption":"Principios"},"image":{"@id":"https:\/\/diarioprincipios.com\/#\/schema\/logo\/image\/"}},{"@type":"Person","@id":"https:\/\/diarioprincipios.com\/#\/schema\/person\/436d5a1fd41a5e250e23ff5a6a7cb080","name":"Hern\u00e1n L\u00f3pez","image":{"@type":"ImageObject","inLanguage":"es","@id":"https:\/\/diarioprincipios.com\/wp-content\/litespeed\/avatar\/11ddfe5610ff3bd100522525b2571f48.jpg?ver=1777048341","url":"https:\/\/diarioprincipios.com\/wp-content\/litespeed\/avatar\/11ddfe5610ff3bd100522525b2571f48.jpg?ver=1777048341","contentUrl":"https:\/\/diarioprincipios.com\/wp-content\/litespeed\/avatar\/11ddfe5610ff3bd100522525b2571f48.jpg?ver=1777048341","caption":"Hern\u00e1n L\u00f3pez"},"url":"https:\/\/diarioprincipios.com\/index.php\/author\/hernan\/"}]}},"jetpack_featured_media_url":"https:\/\/diarioprincipios.com\/wp-content\/uploads\/2020\/04\/yk.jpg","_links":{"self":[{"href":"https:\/\/diarioprincipios.com\/index.php\/wp-json\/wp\/v2\/posts\/1078","targetHints":{"allow":["GET"]}}],"collection":[{"href":"https:\/\/diarioprincipios.com\/index.php\/wp-json\/wp\/v2\/posts"}],"about":[{"href":"https:\/\/diarioprincipios.com\/index.php\/wp-json\/wp\/v2\/types\/post"}],"author":[{"embeddable":true,"href":"https:\/\/diarioprincipios.com\/index.php\/wp-json\/wp\/v2\/users\/2"}],"replies":[{"embeddable":true,"href":"https:\/\/diarioprincipios.com\/index.php\/wp-json\/wp\/v2\/comments?post=1078"}],"version-history":[{"count":1,"href":"https:\/\/diarioprincipios.com\/index.php\/wp-json\/wp\/v2\/posts\/1078\/revisions"}],"predecessor-version":[{"id":1080,"href":"https:\/\/diarioprincipios.com\/index.php\/wp-json\/wp\/v2\/posts\/1078\/revisions\/1080"}],"wp:featuredmedia":[{"embeddable":true,"href":"https:\/\/diarioprincipios.com\/index.php\/wp-json\/wp\/v2\/media\/1079"}],"wp:attachment":[{"href":"https:\/\/diarioprincipios.com\/index.php\/wp-json\/wp\/v2\/media?parent=1078"}],"wp:term":[{"taxonomy":"category","embeddable":true,"href":"https:\/\/diarioprincipios.com\/index.php\/wp-json\/wp\/v2\/categories?post=1078"},{"taxonomy":"post_tag","embeddable":true,"href":"https:\/\/diarioprincipios.com\/index.php\/wp-json\/wp\/v2\/tags?post=1078"}],"curies":[{"name":"wp","href":"https:\/\/api.w.org\/{rel}","templated":true}]}}