{"id":1071,"date":"2020-04-30T20:18:59","date_gmt":"2020-04-30T20:18:59","guid":{"rendered":"http:\/\/diarioprincipios.com\/?p=1071"},"modified":"2020-04-30T20:19:37","modified_gmt":"2020-04-30T20:19:37","slug":"en-un-1-de-mayo-historico-solo-habra-actos-virtuales-en-todo-el-pais-a-causa-de-la-pandemia","status":"publish","type":"post","link":"https:\/\/diarioprincipios.com\/index.php\/2020\/04\/30\/en-un-1-de-mayo-historico-solo-habra-actos-virtuales-en-todo-el-pais-a-causa-de-la-pandemia\/","title":{"rendered":"En un 1\u00b0 de Mayo hist\u00f3rico, solo habr\u00e1 actos virtuales en todo el pa\u00eds a causa de la pandemia"},"content":{"rendered":"\n<p>El D\u00eda del Trabajador ser\u00e1 celebrado en las redes sociales y con videos de algunos sindicatos ya que, a causa de la pandemia de coronavirus, no ser\u00e1 posible que los gremios marchen por las ciudades como sucede tradicionalmente.<\/p>\n\n\n\n<p>\u00abM\u00e1s que nunca queremos levantar bien fuerte la voz de la izquierda que es la \u00fanica que pelea por que esta crisis no la pague una vez m\u00e1s el pueblo trabajador\u00bb, indic\u00f3 el diputado nacional del PTS Nicol\u00e1s del Ca\u00f1o en un comunicado con el que anunci\u00f3 que el Frente de Izquierda (FIT) conmemorar\u00e1 la fecha con un acto virtual que comenzar\u00e1 a las 15 y del que participar\u00e1n, por videoconferencia, oradores de 14 pa\u00edses de Am\u00e9rica latina, Europa y Estados Unidos..<\/p>\n\n\n\n<p>En Chubut y bajo el lema \u00abjuntos a la distancia\u00bb, la CGT del valle del Chubut celebrar\u00e1 el d\u00eda \u00aba trav\u00e9s de una red de contacto v\u00eda telef\u00f3nica, WhatsApp, internet y lo que permita la tecnolog\u00eda para llegar a cada compa\u00f1ero en una jornada de reflexi\u00f3n\u00bb, explic\u00f3 el dirigente de esa central sindical Patricio Rosales.<\/p>\n\n\n\n<p>El secretario gremial de la CGT subray\u00f3, en di\u00e1logo con T\u00e9lam, que \u00abser\u00e1 una jornada at\u00edpica que no celebraremos como lo hacemos todos los a\u00f1os en el monumento al trabajador por la pandemia, pero que servir\u00e1 por el contacto que se establecer\u00e1 para que sea una jornada de reflexi\u00f3n y sobre todo para discutir la coyuntura\u00bb.<\/p>\n\n\n\n<p>El secretario general de la regional de UPCN Nacional de la ciudad rionegrina de Viedma, Wilson Rodr\u00edguez dijo hoy a T\u00e9lam que para el D\u00eda del Trabajador realizar\u00e1n un mensaje que se difundir\u00e1 por redes sociales para todos los afiliados \u00abexplicando la situaci\u00f3n de coyuntura actual e instando a no bajar la guardia, a mantener siempre la esperanza y la solidaridad\u00bb.<\/p>\n\n\n\n<p>En tanto, desde ATE R\u00edo Negro adelantaron a T\u00e9lam que realizar\u00e1n un acto virtual con dirigentes nacionales, los que integran la CTA Aut\u00f3noma, y con otros cien de todo el pa\u00eds. Por su parte, Uni\u00f3n de Trabajadores y Trabajadoras para la Educaci\u00f3n de R\u00edo Negro (UnTer) difundir\u00e1 un video por el d\u00eda del trabajador a trav\u00e9s de su p\u00e1gina web.<\/p>\n\n\n\n<p>A su turno, el secretario general del Sindicato de Petr\u00f3leo y Gas Privado de Neuqu\u00e9n, R\u00edo Negro y La Pampa, Guillermo Pereyra, a trav\u00e9s de un video subido a redes sociales dijo que \u00abes el momento que tenemos que recordar el valor de nuestra actividad como fuente generadora de energ\u00eda\u00bb.<\/p>\n\n\n\n<p>Asimismo, el Frente de Cultura Independiente, un frente que surgi\u00f3 hace una semana (que re\u00fane a artistas, trabajadores de teatro, m\u00fasica, danza, circo, t\u00e9cnicos y gestores) tendr\u00e1 su primera actividad con un acto virtual este viernes.<\/p>\n\n\n\n<p>Desde Jujuy, agrupaciones sindicales se\u00f1alaron que este a\u00f1o la recordaci\u00f3n por el D\u00eda del Trabajador se limitar\u00e1 a saludos y felicitaciones a sus afiliados a trav\u00e9s de publicaciones o entrevistas a trav\u00e9s de Internet: \u00abEsto no quita que los sindicatos y los trabajadores le asignemos un gran valor a este d\u00eda para reafirmar la lucha por mejores condiciones de trabajo y reivindicar derechos obtenidos\u00bb, expres\u00f3 a T\u00e9lam la secretaria general de la Asociaci\u00f3n del Personal de Organismos de Control y referente del Frente Amplio Gremial de Jujuy, Susana Ustarez.<\/p>\n\n\n\n<p>Por su parte, el delegado de la CGT Regional Jujuy, Juan Carlos Mart\u00ednez, afirm\u00f3 a esta agencia que la recordaci\u00f3n ser\u00e1 a trav\u00e9s de publicaciones por los medios de comunicaci\u00f3n; al tiempo que el gobierno provincial anunci\u00f3 que se intensificar\u00e1n los controles de seguridad este viernes ya que est\u00e1 prohibido organizar reuniones o festejos por la fecha.<\/p>\n\n\n\n<p>Tambi\u00e9n el secretario general de la Asociaci\u00f3n de Empleados de Comercio y de la CGT de Bah\u00eda Blanca, Miguel Aolita, se\u00f1al\u00f3 a T\u00e9lam: \u00abHay incertidumbre y preocupaci\u00f3n por los tiempos que estamos viviendo, es algo nuevo para todos, tenemos que estar juntos d\u00eda a d\u00eda, atendiendo todas las problem\u00e1ticas de los trabajadores\u00bb.<\/p>\n\n\n\n<p>Adem\u00e1s, dirigentes de la Central de Trabajadores Argentinos (CTA) de Corrientes en forma conjunta con referentes de diversas organizaciones sociales, recordar\u00e1n ma\u00f1ana el D\u00eda del Trabajador con un documento p\u00fablico.<\/p>\n\n\n\n<p>Seg\u00fan adelantaron a T\u00e9lam referentes sindicales de la CTA, ese escrito incluir\u00e1 un an\u00e1lisis de la situaci\u00f3n que atraviesan los trabajadores correntinos y demandas al Gobierno provincial y las administraciones municipales.<\/p>\n\n\n\n<p>Por su parte, la CGT regional Mar del Plata\/Bat\u00e1n a trav\u00e9s de un comunicado se\u00f1al\u00f3 que \u00abcomo marplatenses y batanenses, afirmamos con \u00e9nfasis que la defensa y la promoci\u00f3n de los trabajadores, es nuestro mayor compromiso, en cualquier escenario y ante cualquier interlocutor\u00bb.<\/p>\n\n\n\n<p>En Entre R\u00edos, la municipalidad de la localidad de Viale prohibi\u00f3 la venta \u00abmasiva de comidas tradicionales artesanales particulares como el locro\u00bb para el viernes 1 de Mayo, seg\u00fan inform\u00f3 en un comunicado en el que agreg\u00f3: \u00abEsas acciones conllevar\u00edan infringir lo estipulado en cuanto a habilitaciones de atenci\u00f3n al p\u00fablico\u00bb aunque los lugares gastron\u00f3micos habilitados podr\u00e1n realizar las ventas cumpliendo medidas establecidas.<\/p>\n","protected":false},"excerpt":{"rendered":"<p>El D\u00eda del Trabajador ser\u00e1 celebrado en las redes sociales y con videos de algunos sindicatos ya que, a causa de la pandemia de coronavirus, no ser\u00e1 posible que los gremios marchen por las ciudades como sucede tradicionalmente. \u00abM\u00e1s que nunca queremos levantar bien fuerte la voz de la izquierda que es la \u00fanica que&#8230;<\/p>\n","protected":false},"author":2,"featured_media":1072,"comment_status":"open","ping_status":"open","sticky":false,"template":"","format":"standard","meta":{"footnotes":""},"categories":[10],"tags":[],"class_list":["post-1071","post","type-post","status-publish","format-standard","has-post-thumbnail","hentry","category-nacion"],"featured_image_src":"https:\/\/diarioprincipios.com\/wp-content\/uploads\/2020\/04\/por-que-celebra-1-mayo-dia-trabajador.jpg","blog_images":{"medium":"https:\/\/diarioprincipios.com\/wp-content\/uploads\/2020\/04\/por-que-celebra-1-mayo-dia-trabajador-300x147.jpg","large":"https:\/\/diarioprincipios.com\/wp-content\/uploads\/2020\/04\/por-que-celebra-1-mayo-dia-trabajador.jpg"},"ams_acf":[],"yoast_head":"<!-- This site is optimized with the Yoast SEO plugin v27.3 - https:\/\/yoast.com\/product\/yoast-seo-wordpress\/ -->\n<title>En un 1\u00b0 de Mayo hist\u00f3rico, solo habr\u00e1 actos virtuales en todo el pa\u00eds a causa de la pandemia - Principios<\/title>\n<meta name=\"robots\" content=\"index, follow, max-snippet:-1, max-image-preview:large, max-video-preview:-1\" \/>\n<link rel=\"canonical\" href=\"https:\/\/diarioprincipios.com\/index.php\/2020\/04\/30\/en-un-1-de-mayo-historico-solo-habra-actos-virtuales-en-todo-el-pais-a-causa-de-la-pandemia\/\" \/>\n<meta property=\"og:locale\" content=\"es_ES\" \/>\n<meta property=\"og:type\" content=\"article\" \/>\n<meta property=\"og:title\" content=\"En un 1\u00b0 de Mayo hist\u00f3rico, solo habr\u00e1 actos virtuales en todo el pa\u00eds a causa de la pandemia - Principios\" \/>\n<meta property=\"og:description\" content=\"El D\u00eda del Trabajador ser\u00e1 celebrado en las redes sociales y con videos de algunos sindicatos ya que, a causa de la pandemia de coronavirus, no ser\u00e1 posible que los gremios marchen por las ciudades como sucede tradicionalmente. \u00abM\u00e1s que nunca queremos levantar bien fuerte la voz de la izquierda que es la \u00fanica que...\" \/>\n<meta property=\"og:url\" content=\"https:\/\/diarioprincipios.com\/index.php\/2020\/04\/30\/en-un-1-de-mayo-historico-solo-habra-actos-virtuales-en-todo-el-pais-a-causa-de-la-pandemia\/\" \/>\n<meta property=\"og:site_name\" content=\"Principios\" \/>\n<meta property=\"article:published_time\" content=\"2020-04-30T20:18:59+00:00\" \/>\n<meta property=\"article:modified_time\" content=\"2020-04-30T20:19:37+00:00\" \/>\n<meta property=\"og:image\" content=\"https:\/\/diarioprincipios.com\/wp-content\/uploads\/2020\/04\/por-que-celebra-1-mayo-dia-trabajador.jpg\" \/>\n\t<meta property=\"og:image:width\" content=\"712\" \/>\n\t<meta property=\"og:image:height\" content=\"350\" \/>\n\t<meta property=\"og:image:type\" content=\"image\/jpeg\" \/>\n<meta name=\"author\" content=\"Hern\u00e1n L\u00f3pez\" \/>\n<meta name=\"twitter:card\" content=\"summary_large_image\" \/>\n<meta name=\"twitter:label1\" content=\"Escrito por\" \/>\n\t<meta name=\"twitter:data1\" content=\"Hern\u00e1n L\u00f3pez\" \/>\n\t<meta name=\"twitter:label2\" content=\"Tiempo de lectura\" \/>\n\t<meta name=\"twitter:data2\" content=\"4 minutos\" \/>\n<script type=\"application\/ld+json\" class=\"yoast-schema-graph\">{\"@context\":\"https:\\\/\\\/schema.org\",\"@graph\":[{\"@type\":\"Article\",\"@id\":\"https:\\\/\\\/diarioprincipios.com\\\/index.php\\\/2020\\\/04\\\/30\\\/en-un-1-de-mayo-historico-solo-habra-actos-virtuales-en-todo-el-pais-a-causa-de-la-pandemia\\\/#article\",\"isPartOf\":{\"@id\":\"https:\\\/\\\/diarioprincipios.com\\\/index.php\\\/2020\\\/04\\\/30\\\/en-un-1-de-mayo-historico-solo-habra-actos-virtuales-en-todo-el-pais-a-causa-de-la-pandemia\\\/\"},\"author\":{\"name\":\"Hern\u00e1n L\u00f3pez\",\"@id\":\"https:\\\/\\\/diarioprincipios.com\\\/#\\\/schema\\\/person\\\/436d5a1fd41a5e250e23ff5a6a7cb080\"},\"headline\":\"En un 1\u00b0 de Mayo hist\u00f3rico, solo habr\u00e1 actos virtuales en todo el pa\u00eds a causa de la pandemia\",\"datePublished\":\"2020-04-30T20:18:59+00:00\",\"dateModified\":\"2020-04-30T20:19:37+00:00\",\"mainEntityOfPage\":{\"@id\":\"https:\\\/\\\/diarioprincipios.com\\\/index.php\\\/2020\\\/04\\\/30\\\/en-un-1-de-mayo-historico-solo-habra-actos-virtuales-en-todo-el-pais-a-causa-de-la-pandemia\\\/\"},\"wordCount\":908,\"commentCount\":0,\"publisher\":{\"@id\":\"https:\\\/\\\/diarioprincipios.com\\\/#organization\"},\"image\":{\"@id\":\"https:\\\/\\\/diarioprincipios.com\\\/index.php\\\/2020\\\/04\\\/30\\\/en-un-1-de-mayo-historico-solo-habra-actos-virtuales-en-todo-el-pais-a-causa-de-la-pandemia\\\/#primaryimage\"},\"thumbnailUrl\":\"https:\\\/\\\/diarioprincipios.com\\\/wp-content\\\/uploads\\\/2020\\\/04\\\/por-que-celebra-1-mayo-dia-trabajador.jpg\",\"articleSection\":[\"Naci\u00f3n\"],\"inLanguage\":\"es\",\"potentialAction\":[{\"@type\":\"CommentAction\",\"name\":\"Comment\",\"target\":[\"https:\\\/\\\/diarioprincipios.com\\\/index.php\\\/2020\\\/04\\\/30\\\/en-un-1-de-mayo-historico-solo-habra-actos-virtuales-en-todo-el-pais-a-causa-de-la-pandemia\\\/#respond\"]}]},{\"@type\":\"WebPage\",\"@id\":\"https:\\\/\\\/diarioprincipios.com\\\/index.php\\\/2020\\\/04\\\/30\\\/en-un-1-de-mayo-historico-solo-habra-actos-virtuales-en-todo-el-pais-a-causa-de-la-pandemia\\\/\",\"url\":\"https:\\\/\\\/diarioprincipios.com\\\/index.php\\\/2020\\\/04\\\/30\\\/en-un-1-de-mayo-historico-solo-habra-actos-virtuales-en-todo-el-pais-a-causa-de-la-pandemia\\\/\",\"name\":\"En un 1\u00b0 de Mayo hist\u00f3rico, solo habr\u00e1 actos virtuales en todo el pa\u00eds a causa de la pandemia - Principios\",\"isPartOf\":{\"@id\":\"https:\\\/\\\/diarioprincipios.com\\\/#website\"},\"primaryImageOfPage\":{\"@id\":\"https:\\\/\\\/diarioprincipios.com\\\/index.php\\\/2020\\\/04\\\/30\\\/en-un-1-de-mayo-historico-solo-habra-actos-virtuales-en-todo-el-pais-a-causa-de-la-pandemia\\\/#primaryimage\"},\"image\":{\"@id\":\"https:\\\/\\\/diarioprincipios.com\\\/index.php\\\/2020\\\/04\\\/30\\\/en-un-1-de-mayo-historico-solo-habra-actos-virtuales-en-todo-el-pais-a-causa-de-la-pandemia\\\/#primaryimage\"},\"thumbnailUrl\":\"https:\\\/\\\/diarioprincipios.com\\\/wp-content\\\/uploads\\\/2020\\\/04\\\/por-que-celebra-1-mayo-dia-trabajador.jpg\",\"datePublished\":\"2020-04-30T20:18:59+00:00\",\"dateModified\":\"2020-04-30T20:19:37+00:00\",\"breadcrumb\":{\"@id\":\"https:\\\/\\\/diarioprincipios.com\\\/index.php\\\/2020\\\/04\\\/30\\\/en-un-1-de-mayo-historico-solo-habra-actos-virtuales-en-todo-el-pais-a-causa-de-la-pandemia\\\/#breadcrumb\"},\"inLanguage\":\"es\",\"potentialAction\":[{\"@type\":\"ReadAction\",\"target\":[\"https:\\\/\\\/diarioprincipios.com\\\/index.php\\\/2020\\\/04\\\/30\\\/en-un-1-de-mayo-historico-solo-habra-actos-virtuales-en-todo-el-pais-a-causa-de-la-pandemia\\\/\"]}]},{\"@type\":\"ImageObject\",\"inLanguage\":\"es\",\"@id\":\"https:\\\/\\\/diarioprincipios.com\\\/index.php\\\/2020\\\/04\\\/30\\\/en-un-1-de-mayo-historico-solo-habra-actos-virtuales-en-todo-el-pais-a-causa-de-la-pandemia\\\/#primaryimage\",\"url\":\"https:\\\/\\\/diarioprincipios.com\\\/wp-content\\\/uploads\\\/2020\\\/04\\\/por-que-celebra-1-mayo-dia-trabajador.jpg\",\"contentUrl\":\"https:\\\/\\\/diarioprincipios.com\\\/wp-content\\\/uploads\\\/2020\\\/04\\\/por-que-celebra-1-mayo-dia-trabajador.jpg\",\"width\":712,\"height\":350},{\"@type\":\"BreadcrumbList\",\"@id\":\"https:\\\/\\\/diarioprincipios.com\\\/index.php\\\/2020\\\/04\\\/30\\\/en-un-1-de-mayo-historico-solo-habra-actos-virtuales-en-todo-el-pais-a-causa-de-la-pandemia\\\/#breadcrumb\",\"itemListElement\":[{\"@type\":\"ListItem\",\"position\":1,\"name\":\"Portada\",\"item\":\"https:\\\/\\\/diarioprincipios.com\\\/\"},{\"@type\":\"ListItem\",\"position\":2,\"name\":\"En un 1\u00b0 de Mayo hist\u00f3rico, solo habr\u00e1 actos virtuales en todo el pa\u00eds a causa de la pandemia\"}]},{\"@type\":\"WebSite\",\"@id\":\"https:\\\/\\\/diarioprincipios.com\\\/#website\",\"url\":\"https:\\\/\\\/diarioprincipios.com\\\/\",\"name\":\"Principios\",\"description\":\"Principios Diario\",\"publisher\":{\"@id\":\"https:\\\/\\\/diarioprincipios.com\\\/#organization\"},\"potentialAction\":[{\"@type\":\"SearchAction\",\"target\":{\"@type\":\"EntryPoint\",\"urlTemplate\":\"https:\\\/\\\/diarioprincipios.com\\\/?s={search_term_string}\"},\"query-input\":{\"@type\":\"PropertyValueSpecification\",\"valueRequired\":true,\"valueName\":\"search_term_string\"}}],\"inLanguage\":\"es\"},{\"@type\":\"Organization\",\"@id\":\"https:\\\/\\\/diarioprincipios.com\\\/#organization\",\"name\":\"Principios\",\"url\":\"https:\\\/\\\/diarioprincipios.com\\\/\",\"logo\":{\"@type\":\"ImageObject\",\"inLanguage\":\"es\",\"@id\":\"https:\\\/\\\/diarioprincipios.com\\\/#\\\/schema\\\/logo\\\/image\\\/\",\"url\":\"https:\\\/\\\/diarioprincipios.com\\\/wp-content\\\/uploads\\\/2024\\\/04\\\/cropped-www.diarioprincipios.com_-1.png\",\"contentUrl\":\"https:\\\/\\\/diarioprincipios.com\\\/wp-content\\\/uploads\\\/2024\\\/04\\\/cropped-www.diarioprincipios.com_-1.png\",\"width\":5325,\"height\":1454,\"caption\":\"Principios\"},\"image\":{\"@id\":\"https:\\\/\\\/diarioprincipios.com\\\/#\\\/schema\\\/logo\\\/image\\\/\"}},{\"@type\":\"Person\",\"@id\":\"https:\\\/\\\/diarioprincipios.com\\\/#\\\/schema\\\/person\\\/436d5a1fd41a5e250e23ff5a6a7cb080\",\"name\":\"Hern\u00e1n L\u00f3pez\",\"image\":{\"@type\":\"ImageObject\",\"inLanguage\":\"es\",\"@id\":\"https:\\\/\\\/diarioprincipios.com\\\/wp-content\\\/litespeed\\\/avatar\\\/11ddfe5610ff3bd100522525b2571f48.jpg?ver=1777048341\",\"url\":\"https:\\\/\\\/diarioprincipios.com\\\/wp-content\\\/litespeed\\\/avatar\\\/11ddfe5610ff3bd100522525b2571f48.jpg?ver=1777048341\",\"contentUrl\":\"https:\\\/\\\/diarioprincipios.com\\\/wp-content\\\/litespeed\\\/avatar\\\/11ddfe5610ff3bd100522525b2571f48.jpg?ver=1777048341\",\"caption\":\"Hern\u00e1n L\u00f3pez\"},\"url\":\"https:\\\/\\\/diarioprincipios.com\\\/index.php\\\/author\\\/hernan\\\/\"}]}<\/script>\n<!-- \/ Yoast SEO plugin. -->","yoast_head_json":{"title":"En un 1\u00b0 de Mayo hist\u00f3rico, solo habr\u00e1 actos virtuales en todo el pa\u00eds a causa de la pandemia - Principios","robots":{"index":"index","follow":"follow","max-snippet":"max-snippet:-1","max-image-preview":"max-image-preview:large","max-video-preview":"max-video-preview:-1"},"canonical":"https:\/\/diarioprincipios.com\/index.php\/2020\/04\/30\/en-un-1-de-mayo-historico-solo-habra-actos-virtuales-en-todo-el-pais-a-causa-de-la-pandemia\/","og_locale":"es_ES","og_type":"article","og_title":"En un 1\u00b0 de Mayo hist\u00f3rico, solo habr\u00e1 actos virtuales en todo el pa\u00eds a causa de la pandemia - Principios","og_description":"El D\u00eda del Trabajador ser\u00e1 celebrado en las redes sociales y con videos de algunos sindicatos ya que, a causa de la pandemia de coronavirus, no ser\u00e1 posible que los gremios marchen por las ciudades como sucede tradicionalmente. \u00abM\u00e1s que nunca queremos levantar bien fuerte la voz de la izquierda que es la \u00fanica que...","og_url":"https:\/\/diarioprincipios.com\/index.php\/2020\/04\/30\/en-un-1-de-mayo-historico-solo-habra-actos-virtuales-en-todo-el-pais-a-causa-de-la-pandemia\/","og_site_name":"Principios","article_published_time":"2020-04-30T20:18:59+00:00","article_modified_time":"2020-04-30T20:19:37+00:00","og_image":[{"width":712,"height":350,"url":"https:\/\/diarioprincipios.com\/wp-content\/uploads\/2020\/04\/por-que-celebra-1-mayo-dia-trabajador.jpg","type":"image\/jpeg"}],"author":"Hern\u00e1n L\u00f3pez","twitter_card":"summary_large_image","twitter_misc":{"Escrito por":"Hern\u00e1n L\u00f3pez","Tiempo de lectura":"4 minutos"},"schema":{"@context":"https:\/\/schema.org","@graph":[{"@type":"Article","@id":"https:\/\/diarioprincipios.com\/index.php\/2020\/04\/30\/en-un-1-de-mayo-historico-solo-habra-actos-virtuales-en-todo-el-pais-a-causa-de-la-pandemia\/#article","isPartOf":{"@id":"https:\/\/diarioprincipios.com\/index.php\/2020\/04\/30\/en-un-1-de-mayo-historico-solo-habra-actos-virtuales-en-todo-el-pais-a-causa-de-la-pandemia\/"},"author":{"name":"Hern\u00e1n L\u00f3pez","@id":"https:\/\/diarioprincipios.com\/#\/schema\/person\/436d5a1fd41a5e250e23ff5a6a7cb080"},"headline":"En un 1\u00b0 de Mayo hist\u00f3rico, solo habr\u00e1 actos virtuales en todo el pa\u00eds a causa de la pandemia","datePublished":"2020-04-30T20:18:59+00:00","dateModified":"2020-04-30T20:19:37+00:00","mainEntityOfPage":{"@id":"https:\/\/diarioprincipios.com\/index.php\/2020\/04\/30\/en-un-1-de-mayo-historico-solo-habra-actos-virtuales-en-todo-el-pais-a-causa-de-la-pandemia\/"},"wordCount":908,"commentCount":0,"publisher":{"@id":"https:\/\/diarioprincipios.com\/#organization"},"image":{"@id":"https:\/\/diarioprincipios.com\/index.php\/2020\/04\/30\/en-un-1-de-mayo-historico-solo-habra-actos-virtuales-en-todo-el-pais-a-causa-de-la-pandemia\/#primaryimage"},"thumbnailUrl":"https:\/\/diarioprincipios.com\/wp-content\/uploads\/2020\/04\/por-que-celebra-1-mayo-dia-trabajador.jpg","articleSection":["Naci\u00f3n"],"inLanguage":"es","potentialAction":[{"@type":"CommentAction","name":"Comment","target":["https:\/\/diarioprincipios.com\/index.php\/2020\/04\/30\/en-un-1-de-mayo-historico-solo-habra-actos-virtuales-en-todo-el-pais-a-causa-de-la-pandemia\/#respond"]}]},{"@type":"WebPage","@id":"https:\/\/diarioprincipios.com\/index.php\/2020\/04\/30\/en-un-1-de-mayo-historico-solo-habra-actos-virtuales-en-todo-el-pais-a-causa-de-la-pandemia\/","url":"https:\/\/diarioprincipios.com\/index.php\/2020\/04\/30\/en-un-1-de-mayo-historico-solo-habra-actos-virtuales-en-todo-el-pais-a-causa-de-la-pandemia\/","name":"En un 1\u00b0 de Mayo hist\u00f3rico, solo habr\u00e1 actos virtuales en todo el pa\u00eds a causa de la pandemia - Principios","isPartOf":{"@id":"https:\/\/diarioprincipios.com\/#website"},"primaryImageOfPage":{"@id":"https:\/\/diarioprincipios.com\/index.php\/2020\/04\/30\/en-un-1-de-mayo-historico-solo-habra-actos-virtuales-en-todo-el-pais-a-causa-de-la-pandemia\/#primaryimage"},"image":{"@id":"https:\/\/diarioprincipios.com\/index.php\/2020\/04\/30\/en-un-1-de-mayo-historico-solo-habra-actos-virtuales-en-todo-el-pais-a-causa-de-la-pandemia\/#primaryimage"},"thumbnailUrl":"https:\/\/diarioprincipios.com\/wp-content\/uploads\/2020\/04\/por-que-celebra-1-mayo-dia-trabajador.jpg","datePublished":"2020-04-30T20:18:59+00:00","dateModified":"2020-04-30T20:19:37+00:00","breadcrumb":{"@id":"https:\/\/diarioprincipios.com\/index.php\/2020\/04\/30\/en-un-1-de-mayo-historico-solo-habra-actos-virtuales-en-todo-el-pais-a-causa-de-la-pandemia\/#breadcrumb"},"inLanguage":"es","potentialAction":[{"@type":"ReadAction","target":["https:\/\/diarioprincipios.com\/index.php\/2020\/04\/30\/en-un-1-de-mayo-historico-solo-habra-actos-virtuales-en-todo-el-pais-a-causa-de-la-pandemia\/"]}]},{"@type":"ImageObject","inLanguage":"es","@id":"https:\/\/diarioprincipios.com\/index.php\/2020\/04\/30\/en-un-1-de-mayo-historico-solo-habra-actos-virtuales-en-todo-el-pais-a-causa-de-la-pandemia\/#primaryimage","url":"https:\/\/diarioprincipios.com\/wp-content\/uploads\/2020\/04\/por-que-celebra-1-mayo-dia-trabajador.jpg","contentUrl":"https:\/\/diarioprincipios.com\/wp-content\/uploads\/2020\/04\/por-que-celebra-1-mayo-dia-trabajador.jpg","width":712,"height":350},{"@type":"BreadcrumbList","@id":"https:\/\/diarioprincipios.com\/index.php\/2020\/04\/30\/en-un-1-de-mayo-historico-solo-habra-actos-virtuales-en-todo-el-pais-a-causa-de-la-pandemia\/#breadcrumb","itemListElement":[{"@type":"ListItem","position":1,"name":"Portada","item":"https:\/\/diarioprincipios.com\/"},{"@type":"ListItem","position":2,"name":"En un 1\u00b0 de Mayo hist\u00f3rico, solo habr\u00e1 actos virtuales en todo el pa\u00eds a causa de la pandemia"}]},{"@type":"WebSite","@id":"https:\/\/diarioprincipios.com\/#website","url":"https:\/\/diarioprincipios.com\/","name":"Principios","description":"Principios Diario","publisher":{"@id":"https:\/\/diarioprincipios.com\/#organization"},"potentialAction":[{"@type":"SearchAction","target":{"@type":"EntryPoint","urlTemplate":"https:\/\/diarioprincipios.com\/?s={search_term_string}"},"query-input":{"@type":"PropertyValueSpecification","valueRequired":true,"valueName":"search_term_string"}}],"inLanguage":"es"},{"@type":"Organization","@id":"https:\/\/diarioprincipios.com\/#organization","name":"Principios","url":"https:\/\/diarioprincipios.com\/","logo":{"@type":"ImageObject","inLanguage":"es","@id":"https:\/\/diarioprincipios.com\/#\/schema\/logo\/image\/","url":"https:\/\/diarioprincipios.com\/wp-content\/uploads\/2024\/04\/cropped-www.diarioprincipios.com_-1.png","contentUrl":"https:\/\/diarioprincipios.com\/wp-content\/uploads\/2024\/04\/cropped-www.diarioprincipios.com_-1.png","width":5325,"height":1454,"caption":"Principios"},"image":{"@id":"https:\/\/diarioprincipios.com\/#\/schema\/logo\/image\/"}},{"@type":"Person","@id":"https:\/\/diarioprincipios.com\/#\/schema\/person\/436d5a1fd41a5e250e23ff5a6a7cb080","name":"Hern\u00e1n L\u00f3pez","image":{"@type":"ImageObject","inLanguage":"es","@id":"https:\/\/diarioprincipios.com\/wp-content\/litespeed\/avatar\/11ddfe5610ff3bd100522525b2571f48.jpg?ver=1777048341","url":"https:\/\/diarioprincipios.com\/wp-content\/litespeed\/avatar\/11ddfe5610ff3bd100522525b2571f48.jpg?ver=1777048341","contentUrl":"https:\/\/diarioprincipios.com\/wp-content\/litespeed\/avatar\/11ddfe5610ff3bd100522525b2571f48.jpg?ver=1777048341","caption":"Hern\u00e1n L\u00f3pez"},"url":"https:\/\/diarioprincipios.com\/index.php\/author\/hernan\/"}]}},"jetpack_featured_media_url":"https:\/\/diarioprincipios.com\/wp-content\/uploads\/2020\/04\/por-que-celebra-1-mayo-dia-trabajador.jpg","_links":{"self":[{"href":"https:\/\/diarioprincipios.com\/index.php\/wp-json\/wp\/v2\/posts\/1071","targetHints":{"allow":["GET"]}}],"collection":[{"href":"https:\/\/diarioprincipios.com\/index.php\/wp-json\/wp\/v2\/posts"}],"about":[{"href":"https:\/\/diarioprincipios.com\/index.php\/wp-json\/wp\/v2\/types\/post"}],"author":[{"embeddable":true,"href":"https:\/\/diarioprincipios.com\/index.php\/wp-json\/wp\/v2\/users\/2"}],"replies":[{"embeddable":true,"href":"https:\/\/diarioprincipios.com\/index.php\/wp-json\/wp\/v2\/comments?post=1071"}],"version-history":[{"count":2,"href":"https:\/\/diarioprincipios.com\/index.php\/wp-json\/wp\/v2\/posts\/1071\/revisions"}],"predecessor-version":[{"id":1074,"href":"https:\/\/diarioprincipios.com\/index.php\/wp-json\/wp\/v2\/posts\/1071\/revisions\/1074"}],"wp:featuredmedia":[{"embeddable":true,"href":"https:\/\/diarioprincipios.com\/index.php\/wp-json\/wp\/v2\/media\/1072"}],"wp:attachment":[{"href":"https:\/\/diarioprincipios.com\/index.php\/wp-json\/wp\/v2\/media?parent=1071"}],"wp:term":[{"taxonomy":"category","embeddable":true,"href":"https:\/\/diarioprincipios.com\/index.php\/wp-json\/wp\/v2\/categories?post=1071"},{"taxonomy":"post_tag","embeddable":true,"href":"https:\/\/diarioprincipios.com\/index.php\/wp-json\/wp\/v2\/tags?post=1071"}],"curies":[{"name":"wp","href":"https:\/\/api.w.org\/{rel}","templated":true}]}}