{"id":1066,"date":"2020-04-30T13:58:23","date_gmt":"2020-04-30T13:58:23","guid":{"rendered":"http:\/\/diarioprincipios.com\/?p=1066"},"modified":"2020-04-30T13:58:25","modified_gmt":"2020-04-30T13:58:25","slug":"un-vecino-de-berazategui-que-trabajaba-como-medico-en-una-clinica-de-quilmes-murio-de-coronavirus","status":"publish","type":"post","link":"https:\/\/diarioprincipios.com\/index.php\/2020\/04\/30\/un-vecino-de-berazategui-que-trabajaba-como-medico-en-una-clinica-de-quilmes-murio-de-coronavirus\/","title":{"rendered":"Un vecino de Berazategui que trabajaba como m\u00e9dico en una Cl\u00ednica de Quilmes muri\u00f3 de Coronavirus"},"content":{"rendered":"\n<p>\u00abLamentablemente debo informarles que otro vecino de\u00a0<a href=\"https:\/\/www.facebook.com\/hashtag\/berazategui?source=feed_text&amp;epa=HASHTAG&amp;__xts__%5B0%5D=68.ARCjSIzUb6mmt0W2BB5ildLWesWwzwnVuRqbPX6Vf4f1WAyRZBgJR4A7vRmDC8ZZgDAloEDE8FQxgyT6uCECoLR8gvCZ6AlXd6FVbB888zddjzjs-DA2p6jom0HiqqYtqUQnBAtzCE74p7YPNCWYWLAJVOs27LnCllfVFbBd3awcUJ9vXv8tes3oJVNWTno4oI61MsOrRwRfl9ncJQeZEdN5GYwi5CtaS60rSPW-VxH67A0fIKhWcpnKnhLsF8DWtEsrvDj3EGMRr5PeFfF3n6WMwFuD3H2qLPtzz9_4GufOUr4V4mPvnC9Sm1wurlSqtXrPbs6_nIPRx6eRIp7B-Q&amp;__tn__=%2ANK-R\">#Berazategui<\/a>\u00a0falleci\u00f3 de\u00a0<a href=\"https:\/\/www.facebook.com\/hashtag\/coronavirus?source=feed_text&amp;epa=HASHTAG&amp;__xts__%5B0%5D=68.ARCjSIzUb6mmt0W2BB5ildLWesWwzwnVuRqbPX6Vf4f1WAyRZBgJR4A7vRmDC8ZZgDAloEDE8FQxgyT6uCECoLR8gvCZ6AlXd6FVbB888zddjzjs-DA2p6jom0HiqqYtqUQnBAtzCE74p7YPNCWYWLAJVOs27LnCllfVFbBd3awcUJ9vXv8tes3oJVNWTno4oI61MsOrRwRfl9ncJQeZEdN5GYwi5CtaS60rSPW-VxH67A0fIKhWcpnKnhLsF8DWtEsrvDj3EGMRr5PeFfF3n6WMwFuD3H2qLPtzz9_4GufOUr4V4mPvnC9Sm1wurlSqtXrPbs6_nIPRx6eRIp7B-Q&amp;__tn__=%2ANK-R\">#Coronavirus<\/a>. Ten\u00eda 62 a\u00f1os y se desempe\u00f1aba como m\u00e9dico en una cl\u00ednica de Quilmes\u00bb, inform\u00f3 a trav\u00e9s de sus redes sociales el doctor Juan Jos\u00e9 Mussi.<\/p>\n\n\n\n<p>El jefe comunal explic\u00f3 que \u00abSeg\u00fan las investigaciones preliminares, se contagi\u00f3 por contacto estrecho entre personal de salud. Estaba internado en un sanatorio de esa ciudad. Acompa\u00f1o a su familia en este doloroso momento, y le mando todas mis fuerzas\u00bb.<br>Por otra parte, Mussi detall\u00f3 que \u00abTambi\u00e9n se confirm\u00f3 otro caso, el de un vecino de 65 a\u00f1os que presenta enfermedades preexistentes. A\u00fan se investiga la forma en que contrajo el virus. Se encuentra internado en el Hospital Evita Pueblo\u00bb.<br>Finalmente, sostuvo que \u00abAl momento, son 28 los casos de\u00a0<a href=\"https:\/\/www.facebook.com\/hashtag\/covid19?source=feed_text&amp;epa=HASHTAG&amp;__xts__%5B0%5D=68.ARCjSIzUb6mmt0W2BB5ildLWesWwzwnVuRqbPX6Vf4f1WAyRZBgJR4A7vRmDC8ZZgDAloEDE8FQxgyT6uCECoLR8gvCZ6AlXd6FVbB888zddjzjs-DA2p6jom0HiqqYtqUQnBAtzCE74p7YPNCWYWLAJVOs27LnCllfVFbBd3awcUJ9vXv8tes3oJVNWTno4oI61MsOrRwRfl9ncJQeZEdN5GYwi5CtaS60rSPW-VxH67A0fIKhWcpnKnhLsF8DWtEsrvDj3EGMRr5PeFfF3n6WMwFuD3H2qLPtzz9_4GufOUr4V4mPvnC9Sm1wurlSqtXrPbs6_nIPRx6eRIp7B-Q&amp;__tn__=%2ANK-R\">#Covid19<\/a>\u00a0en la Ciudad; dos de ellos fallecieron y seis ya fueron dados de alta\u00bb y volvi\u00f3 a exhortar a los vecinos a cumplir con el aislamiento: <\/p>\n\n\n\n<p>\u00abUna de las mejores medidas para prevenir el contagio es respetando el\u00a0<a href=\"https:\/\/www.facebook.com\/hashtag\/aislamientoobligatorio?source=feed_text&amp;epa=HASHTAG&amp;__xts__%5B0%5D=68.ARCjSIzUb6mmt0W2BB5ildLWesWwzwnVuRqbPX6Vf4f1WAyRZBgJR4A7vRmDC8ZZgDAloEDE8FQxgyT6uCECoLR8gvCZ6AlXd6FVbB888zddjzjs-DA2p6jom0HiqqYtqUQnBAtzCE74p7YPNCWYWLAJVOs27LnCllfVFbBd3awcUJ9vXv8tes3oJVNWTno4oI61MsOrRwRfl9ncJQeZEdN5GYwi5CtaS60rSPW-VxH67A0fIKhWcpnKnhLsF8DWtEsrvDj3EGMRr5PeFfF3n6WMwFuD3H2qLPtzz9_4GufOUr4V4mPvnC9Sm1wurlSqtXrPbs6_nIPRx6eRIp7B-Q&amp;__tn__=%2ANK-R\">#AislamientoObligatorio<\/a>, as\u00ed que por favor qu\u00e9dense en sus casas!\u00a0<a href=\"https:\/\/www.facebook.com\/hashtag\/cuidarteescuidarnos?source=feed_text&amp;epa=HASHTAG&amp;__xts__%5B0%5D=68.ARCjSIzUb6mmt0W2BB5ildLWesWwzwnVuRqbPX6Vf4f1WAyRZBgJR4A7vRmDC8ZZgDAloEDE8FQxgyT6uCECoLR8gvCZ6AlXd6FVbB888zddjzjs-DA2p6jom0HiqqYtqUQnBAtzCE74p7YPNCWYWLAJVOs27LnCllfVFbBd3awcUJ9vXv8tes3oJVNWTno4oI61MsOrRwRfl9ncJQeZEdN5GYwi5CtaS60rSPW-VxH67A0fIKhWcpnKnhLsF8DWtEsrvDj3EGMRr5PeFfF3n6WMwFuD3H2qLPtzz9_4GufOUr4V4mPvnC9Sm1wurlSqtXrPbs6_nIPRx6eRIp7B-Q&amp;__tn__=%2ANK-R\">#CuidarteEsCuidarnos<\/a>\u00a0<a href=\"https:\/\/www.facebook.com\/hashtag\/quedateentucasa?source=feed_text&amp;epa=HASHTAG&amp;__xts__%5B0%5D=68.ARCjSIzUb6mmt0W2BB5ildLWesWwzwnVuRqbPX6Vf4f1WAyRZBgJR4A7vRmDC8ZZgDAloEDE8FQxgyT6uCECoLR8gvCZ6AlXd6FVbB888zddjzjs-DA2p6jom0HiqqYtqUQnBAtzCE74p7YPNCWYWLAJVOs27LnCllfVFbBd3awcUJ9vXv8tes3oJVNWTno4oI61MsOrRwRfl9ncJQeZEdN5GYwi5CtaS60rSPW-VxH67A0fIKhWcpnKnhLsF8DWtEsrvDj3EGMRr5PeFfF3n6WMwFuD3H2qLPtzz9_4GufOUr4V4mPvnC9Sm1wurlSqtXrPbs6_nIPRx6eRIp7B-Q&amp;__tn__=%2ANK-R\">#QuedateEnTuCasa<\/a>\u00a0<a href=\"https:\/\/www.facebook.com\/hashtag\/quedateencasa?source=feed_text&amp;epa=HASHTAG&amp;__xts__%5B0%5D=68.ARCjSIzUb6mmt0W2BB5ildLWesWwzwnVuRqbPX6Vf4f1WAyRZBgJR4A7vRmDC8ZZgDAloEDE8FQxgyT6uCECoLR8gvCZ6AlXd6FVbB888zddjzjs-DA2p6jom0HiqqYtqUQnBAtzCE74p7YPNCWYWLAJVOs27LnCllfVFbBd3awcUJ9vXv8tes3oJVNWTno4oI61MsOrRwRfl9ncJQeZEdN5GYwi5CtaS60rSPW-VxH67A0fIKhWcpnKnhLsF8DWtEsrvDj3EGMRr5PeFfF3n6WMwFuD3H2qLPtzz9_4GufOUr4V4mPvnC9Sm1wurlSqtXrPbs6_nIPRx6eRIp7B-Q&amp;__tn__=%2ANK-R\">#QuedateEnCasa<\/a>\u00ab<\/p>\n","protected":false},"excerpt":{"rendered":"<p>\u00abLamentablemente debo informarles que otro vecino de\u00a0#Berazategui\u00a0falleci\u00f3 de\u00a0#Coronavirus. Ten\u00eda 62 a\u00f1os y se desempe\u00f1aba como m\u00e9dico en una cl\u00ednica de Quilmes\u00bb, inform\u00f3 a trav\u00e9s de sus redes sociales el doctor Juan Jos\u00e9 Mussi. El jefe comunal explic\u00f3 que \u00abSeg\u00fan las investigaciones preliminares, se contagi\u00f3 por contacto estrecho entre personal de salud. Estaba internado en un&#8230;<\/p>\n","protected":false},"author":2,"featured_media":602,"comment_status":"open","ping_status":"open","sticky":false,"template":"","format":"standard","meta":{"footnotes":""},"categories":[3],"tags":[],"class_list":["post-1066","post","type-post","status-publish","format-standard","has-post-thumbnail","hentry","category-berazategui"],"featured_image_src":"https:\/\/diarioprincipios.com\/wp-content\/uploads\/2020\/04\/una-vacuna-para-el-nuevo-coronavirus-de-china-esta-en-proceso.jpg","blog_images":{"medium":"https:\/\/diarioprincipios.com\/wp-content\/uploads\/2020\/04\/una-vacuna-para-el-nuevo-coronavirus-de-china-esta-en-proceso-300x225.jpg","large":"https:\/\/diarioprincipios.com\/wp-content\/uploads\/2020\/04\/una-vacuna-para-el-nuevo-coronavirus-de-china-esta-en-proceso.jpg"},"ams_acf":[],"yoast_head":"<!-- This site is optimized with the Yoast SEO plugin v27.3 - https:\/\/yoast.com\/product\/yoast-seo-wordpress\/ -->\n<title>Un vecino de Berazategui que trabajaba como m\u00e9dico en una Cl\u00ednica de Quilmes muri\u00f3 de Coronavirus - Principios<\/title>\n<meta name=\"robots\" content=\"index, follow, max-snippet:-1, max-image-preview:large, max-video-preview:-1\" \/>\n<link rel=\"canonical\" href=\"https:\/\/diarioprincipios.com\/index.php\/2020\/04\/30\/un-vecino-de-berazategui-que-trabajaba-como-medico-en-una-clinica-de-quilmes-murio-de-coronavirus\/\" \/>\n<meta property=\"og:locale\" content=\"es_ES\" \/>\n<meta property=\"og:type\" content=\"article\" \/>\n<meta property=\"og:title\" content=\"Un vecino de Berazategui que trabajaba como m\u00e9dico en una Cl\u00ednica de Quilmes muri\u00f3 de Coronavirus - Principios\" \/>\n<meta property=\"og:description\" content=\"\u00abLamentablemente debo informarles que otro vecino de\u00a0#Berazategui\u00a0falleci\u00f3 de\u00a0#Coronavirus. Ten\u00eda 62 a\u00f1os y se desempe\u00f1aba como m\u00e9dico en una cl\u00ednica de Quilmes\u00bb, inform\u00f3 a trav\u00e9s de sus redes sociales el doctor Juan Jos\u00e9 Mussi. El jefe comunal explic\u00f3 que \u00abSeg\u00fan las investigaciones preliminares, se contagi\u00f3 por contacto estrecho entre personal de salud. Estaba internado en un...\" \/>\n<meta property=\"og:url\" content=\"https:\/\/diarioprincipios.com\/index.php\/2020\/04\/30\/un-vecino-de-berazategui-que-trabajaba-como-medico-en-una-clinica-de-quilmes-murio-de-coronavirus\/\" \/>\n<meta property=\"og:site_name\" content=\"Principios\" \/>\n<meta property=\"article:published_time\" content=\"2020-04-30T13:58:23+00:00\" \/>\n<meta property=\"article:modified_time\" content=\"2020-04-30T13:58:25+00:00\" \/>\n<meta property=\"og:image\" content=\"https:\/\/diarioprincipios.com\/wp-content\/uploads\/2020\/04\/una-vacuna-para-el-nuevo-coronavirus-de-china-esta-en-proceso.jpg\" \/>\n\t<meta property=\"og:image:width\" content=\"822\" \/>\n\t<meta property=\"og:image:height\" content=\"617\" \/>\n\t<meta property=\"og:image:type\" content=\"image\/jpeg\" \/>\n<meta name=\"author\" content=\"Hern\u00e1n L\u00f3pez\" \/>\n<meta name=\"twitter:card\" content=\"summary_large_image\" \/>\n<meta name=\"twitter:label1\" content=\"Escrito por\" \/>\n\t<meta name=\"twitter:data1\" content=\"Hern\u00e1n L\u00f3pez\" \/>\n\t<meta name=\"twitter:label2\" content=\"Tiempo de lectura\" \/>\n\t<meta name=\"twitter:data2\" content=\"1 minuto\" \/>\n<script type=\"application\/ld+json\" class=\"yoast-schema-graph\">{\"@context\":\"https:\\\/\\\/schema.org\",\"@graph\":[{\"@type\":\"Article\",\"@id\":\"https:\\\/\\\/diarioprincipios.com\\\/index.php\\\/2020\\\/04\\\/30\\\/un-vecino-de-berazategui-que-trabajaba-como-medico-en-una-clinica-de-quilmes-murio-de-coronavirus\\\/#article\",\"isPartOf\":{\"@id\":\"https:\\\/\\\/diarioprincipios.com\\\/index.php\\\/2020\\\/04\\\/30\\\/un-vecino-de-berazategui-que-trabajaba-como-medico-en-una-clinica-de-quilmes-murio-de-coronavirus\\\/\"},\"author\":{\"name\":\"Hern\u00e1n L\u00f3pez\",\"@id\":\"https:\\\/\\\/diarioprincipios.com\\\/#\\\/schema\\\/person\\\/436d5a1fd41a5e250e23ff5a6a7cb080\"},\"headline\":\"Un vecino de Berazategui que trabajaba como m\u00e9dico en una Cl\u00ednica de Quilmes muri\u00f3 de Coronavirus\",\"datePublished\":\"2020-04-30T13:58:23+00:00\",\"dateModified\":\"2020-04-30T13:58:25+00:00\",\"mainEntityOfPage\":{\"@id\":\"https:\\\/\\\/diarioprincipios.com\\\/index.php\\\/2020\\\/04\\\/30\\\/un-vecino-de-berazategui-que-trabajaba-como-medico-en-una-clinica-de-quilmes-murio-de-coronavirus\\\/\"},\"wordCount\":204,\"commentCount\":0,\"publisher\":{\"@id\":\"https:\\\/\\\/diarioprincipios.com\\\/#organization\"},\"image\":{\"@id\":\"https:\\\/\\\/diarioprincipios.com\\\/index.php\\\/2020\\\/04\\\/30\\\/un-vecino-de-berazategui-que-trabajaba-como-medico-en-una-clinica-de-quilmes-murio-de-coronavirus\\\/#primaryimage\"},\"thumbnailUrl\":\"https:\\\/\\\/diarioprincipios.com\\\/wp-content\\\/uploads\\\/2020\\\/04\\\/una-vacuna-para-el-nuevo-coronavirus-de-china-esta-en-proceso.jpg\",\"articleSection\":[\"Berazategui\"],\"inLanguage\":\"es\",\"potentialAction\":[{\"@type\":\"CommentAction\",\"name\":\"Comment\",\"target\":[\"https:\\\/\\\/diarioprincipios.com\\\/index.php\\\/2020\\\/04\\\/30\\\/un-vecino-de-berazategui-que-trabajaba-como-medico-en-una-clinica-de-quilmes-murio-de-coronavirus\\\/#respond\"]}]},{\"@type\":\"WebPage\",\"@id\":\"https:\\\/\\\/diarioprincipios.com\\\/index.php\\\/2020\\\/04\\\/30\\\/un-vecino-de-berazategui-que-trabajaba-como-medico-en-una-clinica-de-quilmes-murio-de-coronavirus\\\/\",\"url\":\"https:\\\/\\\/diarioprincipios.com\\\/index.php\\\/2020\\\/04\\\/30\\\/un-vecino-de-berazategui-que-trabajaba-como-medico-en-una-clinica-de-quilmes-murio-de-coronavirus\\\/\",\"name\":\"Un vecino de Berazategui que trabajaba como m\u00e9dico en una Cl\u00ednica de Quilmes muri\u00f3 de Coronavirus - Principios\",\"isPartOf\":{\"@id\":\"https:\\\/\\\/diarioprincipios.com\\\/#website\"},\"primaryImageOfPage\":{\"@id\":\"https:\\\/\\\/diarioprincipios.com\\\/index.php\\\/2020\\\/04\\\/30\\\/un-vecino-de-berazategui-que-trabajaba-como-medico-en-una-clinica-de-quilmes-murio-de-coronavirus\\\/#primaryimage\"},\"image\":{\"@id\":\"https:\\\/\\\/diarioprincipios.com\\\/index.php\\\/2020\\\/04\\\/30\\\/un-vecino-de-berazategui-que-trabajaba-como-medico-en-una-clinica-de-quilmes-murio-de-coronavirus\\\/#primaryimage\"},\"thumbnailUrl\":\"https:\\\/\\\/diarioprincipios.com\\\/wp-content\\\/uploads\\\/2020\\\/04\\\/una-vacuna-para-el-nuevo-coronavirus-de-china-esta-en-proceso.jpg\",\"datePublished\":\"2020-04-30T13:58:23+00:00\",\"dateModified\":\"2020-04-30T13:58:25+00:00\",\"breadcrumb\":{\"@id\":\"https:\\\/\\\/diarioprincipios.com\\\/index.php\\\/2020\\\/04\\\/30\\\/un-vecino-de-berazategui-que-trabajaba-como-medico-en-una-clinica-de-quilmes-murio-de-coronavirus\\\/#breadcrumb\"},\"inLanguage\":\"es\",\"potentialAction\":[{\"@type\":\"ReadAction\",\"target\":[\"https:\\\/\\\/diarioprincipios.com\\\/index.php\\\/2020\\\/04\\\/30\\\/un-vecino-de-berazategui-que-trabajaba-como-medico-en-una-clinica-de-quilmes-murio-de-coronavirus\\\/\"]}]},{\"@type\":\"ImageObject\",\"inLanguage\":\"es\",\"@id\":\"https:\\\/\\\/diarioprincipios.com\\\/index.php\\\/2020\\\/04\\\/30\\\/un-vecino-de-berazategui-que-trabajaba-como-medico-en-una-clinica-de-quilmes-murio-de-coronavirus\\\/#primaryimage\",\"url\":\"https:\\\/\\\/diarioprincipios.com\\\/wp-content\\\/uploads\\\/2020\\\/04\\\/una-vacuna-para-el-nuevo-coronavirus-de-china-esta-en-proceso.jpg\",\"contentUrl\":\"https:\\\/\\\/diarioprincipios.com\\\/wp-content\\\/uploads\\\/2020\\\/04\\\/una-vacuna-para-el-nuevo-coronavirus-de-china-esta-en-proceso.jpg\",\"width\":822,\"height\":617},{\"@type\":\"BreadcrumbList\",\"@id\":\"https:\\\/\\\/diarioprincipios.com\\\/index.php\\\/2020\\\/04\\\/30\\\/un-vecino-de-berazategui-que-trabajaba-como-medico-en-una-clinica-de-quilmes-murio-de-coronavirus\\\/#breadcrumb\",\"itemListElement\":[{\"@type\":\"ListItem\",\"position\":1,\"name\":\"Portada\",\"item\":\"https:\\\/\\\/diarioprincipios.com\\\/\"},{\"@type\":\"ListItem\",\"position\":2,\"name\":\"Un vecino de Berazategui que trabajaba como m\u00e9dico en una Cl\u00ednica de Quilmes muri\u00f3 de Coronavirus\"}]},{\"@type\":\"WebSite\",\"@id\":\"https:\\\/\\\/diarioprincipios.com\\\/#website\",\"url\":\"https:\\\/\\\/diarioprincipios.com\\\/\",\"name\":\"Principios\",\"description\":\"Principios Diario\",\"publisher\":{\"@id\":\"https:\\\/\\\/diarioprincipios.com\\\/#organization\"},\"potentialAction\":[{\"@type\":\"SearchAction\",\"target\":{\"@type\":\"EntryPoint\",\"urlTemplate\":\"https:\\\/\\\/diarioprincipios.com\\\/?s={search_term_string}\"},\"query-input\":{\"@type\":\"PropertyValueSpecification\",\"valueRequired\":true,\"valueName\":\"search_term_string\"}}],\"inLanguage\":\"es\"},{\"@type\":\"Organization\",\"@id\":\"https:\\\/\\\/diarioprincipios.com\\\/#organization\",\"name\":\"Principios\",\"url\":\"https:\\\/\\\/diarioprincipios.com\\\/\",\"logo\":{\"@type\":\"ImageObject\",\"inLanguage\":\"es\",\"@id\":\"https:\\\/\\\/diarioprincipios.com\\\/#\\\/schema\\\/logo\\\/image\\\/\",\"url\":\"https:\\\/\\\/diarioprincipios.com\\\/wp-content\\\/uploads\\\/2024\\\/04\\\/cropped-www.diarioprincipios.com_-1.png\",\"contentUrl\":\"https:\\\/\\\/diarioprincipios.com\\\/wp-content\\\/uploads\\\/2024\\\/04\\\/cropped-www.diarioprincipios.com_-1.png\",\"width\":5325,\"height\":1454,\"caption\":\"Principios\"},\"image\":{\"@id\":\"https:\\\/\\\/diarioprincipios.com\\\/#\\\/schema\\\/logo\\\/image\\\/\"}},{\"@type\":\"Person\",\"@id\":\"https:\\\/\\\/diarioprincipios.com\\\/#\\\/schema\\\/person\\\/436d5a1fd41a5e250e23ff5a6a7cb080\",\"name\":\"Hern\u00e1n L\u00f3pez\",\"image\":{\"@type\":\"ImageObject\",\"inLanguage\":\"es\",\"@id\":\"https:\\\/\\\/diarioprincipios.com\\\/wp-content\\\/litespeed\\\/avatar\\\/11ddfe5610ff3bd100522525b2571f48.jpg?ver=1777048341\",\"url\":\"https:\\\/\\\/diarioprincipios.com\\\/wp-content\\\/litespeed\\\/avatar\\\/11ddfe5610ff3bd100522525b2571f48.jpg?ver=1777048341\",\"contentUrl\":\"https:\\\/\\\/diarioprincipios.com\\\/wp-content\\\/litespeed\\\/avatar\\\/11ddfe5610ff3bd100522525b2571f48.jpg?ver=1777048341\",\"caption\":\"Hern\u00e1n L\u00f3pez\"},\"url\":\"https:\\\/\\\/diarioprincipios.com\\\/index.php\\\/author\\\/hernan\\\/\"}]}<\/script>\n<!-- \/ Yoast SEO plugin. -->","yoast_head_json":{"title":"Un vecino de Berazategui que trabajaba como m\u00e9dico en una Cl\u00ednica de Quilmes muri\u00f3 de Coronavirus - Principios","robots":{"index":"index","follow":"follow","max-snippet":"max-snippet:-1","max-image-preview":"max-image-preview:large","max-video-preview":"max-video-preview:-1"},"canonical":"https:\/\/diarioprincipios.com\/index.php\/2020\/04\/30\/un-vecino-de-berazategui-que-trabajaba-como-medico-en-una-clinica-de-quilmes-murio-de-coronavirus\/","og_locale":"es_ES","og_type":"article","og_title":"Un vecino de Berazategui que trabajaba como m\u00e9dico en una Cl\u00ednica de Quilmes muri\u00f3 de Coronavirus - Principios","og_description":"\u00abLamentablemente debo informarles que otro vecino de\u00a0#Berazategui\u00a0falleci\u00f3 de\u00a0#Coronavirus. Ten\u00eda 62 a\u00f1os y se desempe\u00f1aba como m\u00e9dico en una cl\u00ednica de Quilmes\u00bb, inform\u00f3 a trav\u00e9s de sus redes sociales el doctor Juan Jos\u00e9 Mussi. El jefe comunal explic\u00f3 que \u00abSeg\u00fan las investigaciones preliminares, se contagi\u00f3 por contacto estrecho entre personal de salud. Estaba internado en un...","og_url":"https:\/\/diarioprincipios.com\/index.php\/2020\/04\/30\/un-vecino-de-berazategui-que-trabajaba-como-medico-en-una-clinica-de-quilmes-murio-de-coronavirus\/","og_site_name":"Principios","article_published_time":"2020-04-30T13:58:23+00:00","article_modified_time":"2020-04-30T13:58:25+00:00","og_image":[{"width":822,"height":617,"url":"https:\/\/diarioprincipios.com\/wp-content\/uploads\/2020\/04\/una-vacuna-para-el-nuevo-coronavirus-de-china-esta-en-proceso.jpg","type":"image\/jpeg"}],"author":"Hern\u00e1n L\u00f3pez","twitter_card":"summary_large_image","twitter_misc":{"Escrito por":"Hern\u00e1n L\u00f3pez","Tiempo de lectura":"1 minuto"},"schema":{"@context":"https:\/\/schema.org","@graph":[{"@type":"Article","@id":"https:\/\/diarioprincipios.com\/index.php\/2020\/04\/30\/un-vecino-de-berazategui-que-trabajaba-como-medico-en-una-clinica-de-quilmes-murio-de-coronavirus\/#article","isPartOf":{"@id":"https:\/\/diarioprincipios.com\/index.php\/2020\/04\/30\/un-vecino-de-berazategui-que-trabajaba-como-medico-en-una-clinica-de-quilmes-murio-de-coronavirus\/"},"author":{"name":"Hern\u00e1n L\u00f3pez","@id":"https:\/\/diarioprincipios.com\/#\/schema\/person\/436d5a1fd41a5e250e23ff5a6a7cb080"},"headline":"Un vecino de Berazategui que trabajaba como m\u00e9dico en una Cl\u00ednica de Quilmes muri\u00f3 de Coronavirus","datePublished":"2020-04-30T13:58:23+00:00","dateModified":"2020-04-30T13:58:25+00:00","mainEntityOfPage":{"@id":"https:\/\/diarioprincipios.com\/index.php\/2020\/04\/30\/un-vecino-de-berazategui-que-trabajaba-como-medico-en-una-clinica-de-quilmes-murio-de-coronavirus\/"},"wordCount":204,"commentCount":0,"publisher":{"@id":"https:\/\/diarioprincipios.com\/#organization"},"image":{"@id":"https:\/\/diarioprincipios.com\/index.php\/2020\/04\/30\/un-vecino-de-berazategui-que-trabajaba-como-medico-en-una-clinica-de-quilmes-murio-de-coronavirus\/#primaryimage"},"thumbnailUrl":"https:\/\/diarioprincipios.com\/wp-content\/uploads\/2020\/04\/una-vacuna-para-el-nuevo-coronavirus-de-china-esta-en-proceso.jpg","articleSection":["Berazategui"],"inLanguage":"es","potentialAction":[{"@type":"CommentAction","name":"Comment","target":["https:\/\/diarioprincipios.com\/index.php\/2020\/04\/30\/un-vecino-de-berazategui-que-trabajaba-como-medico-en-una-clinica-de-quilmes-murio-de-coronavirus\/#respond"]}]},{"@type":"WebPage","@id":"https:\/\/diarioprincipios.com\/index.php\/2020\/04\/30\/un-vecino-de-berazategui-que-trabajaba-como-medico-en-una-clinica-de-quilmes-murio-de-coronavirus\/","url":"https:\/\/diarioprincipios.com\/index.php\/2020\/04\/30\/un-vecino-de-berazategui-que-trabajaba-como-medico-en-una-clinica-de-quilmes-murio-de-coronavirus\/","name":"Un vecino de Berazategui que trabajaba como m\u00e9dico en una Cl\u00ednica de Quilmes muri\u00f3 de Coronavirus - Principios","isPartOf":{"@id":"https:\/\/diarioprincipios.com\/#website"},"primaryImageOfPage":{"@id":"https:\/\/diarioprincipios.com\/index.php\/2020\/04\/30\/un-vecino-de-berazategui-que-trabajaba-como-medico-en-una-clinica-de-quilmes-murio-de-coronavirus\/#primaryimage"},"image":{"@id":"https:\/\/diarioprincipios.com\/index.php\/2020\/04\/30\/un-vecino-de-berazategui-que-trabajaba-como-medico-en-una-clinica-de-quilmes-murio-de-coronavirus\/#primaryimage"},"thumbnailUrl":"https:\/\/diarioprincipios.com\/wp-content\/uploads\/2020\/04\/una-vacuna-para-el-nuevo-coronavirus-de-china-esta-en-proceso.jpg","datePublished":"2020-04-30T13:58:23+00:00","dateModified":"2020-04-30T13:58:25+00:00","breadcrumb":{"@id":"https:\/\/diarioprincipios.com\/index.php\/2020\/04\/30\/un-vecino-de-berazategui-que-trabajaba-como-medico-en-una-clinica-de-quilmes-murio-de-coronavirus\/#breadcrumb"},"inLanguage":"es","potentialAction":[{"@type":"ReadAction","target":["https:\/\/diarioprincipios.com\/index.php\/2020\/04\/30\/un-vecino-de-berazategui-que-trabajaba-como-medico-en-una-clinica-de-quilmes-murio-de-coronavirus\/"]}]},{"@type":"ImageObject","inLanguage":"es","@id":"https:\/\/diarioprincipios.com\/index.php\/2020\/04\/30\/un-vecino-de-berazategui-que-trabajaba-como-medico-en-una-clinica-de-quilmes-murio-de-coronavirus\/#primaryimage","url":"https:\/\/diarioprincipios.com\/wp-content\/uploads\/2020\/04\/una-vacuna-para-el-nuevo-coronavirus-de-china-esta-en-proceso.jpg","contentUrl":"https:\/\/diarioprincipios.com\/wp-content\/uploads\/2020\/04\/una-vacuna-para-el-nuevo-coronavirus-de-china-esta-en-proceso.jpg","width":822,"height":617},{"@type":"BreadcrumbList","@id":"https:\/\/diarioprincipios.com\/index.php\/2020\/04\/30\/un-vecino-de-berazategui-que-trabajaba-como-medico-en-una-clinica-de-quilmes-murio-de-coronavirus\/#breadcrumb","itemListElement":[{"@type":"ListItem","position":1,"name":"Portada","item":"https:\/\/diarioprincipios.com\/"},{"@type":"ListItem","position":2,"name":"Un vecino de Berazategui que trabajaba como m\u00e9dico en una Cl\u00ednica de Quilmes muri\u00f3 de Coronavirus"}]},{"@type":"WebSite","@id":"https:\/\/diarioprincipios.com\/#website","url":"https:\/\/diarioprincipios.com\/","name":"Principios","description":"Principios Diario","publisher":{"@id":"https:\/\/diarioprincipios.com\/#organization"},"potentialAction":[{"@type":"SearchAction","target":{"@type":"EntryPoint","urlTemplate":"https:\/\/diarioprincipios.com\/?s={search_term_string}"},"query-input":{"@type":"PropertyValueSpecification","valueRequired":true,"valueName":"search_term_string"}}],"inLanguage":"es"},{"@type":"Organization","@id":"https:\/\/diarioprincipios.com\/#organization","name":"Principios","url":"https:\/\/diarioprincipios.com\/","logo":{"@type":"ImageObject","inLanguage":"es","@id":"https:\/\/diarioprincipios.com\/#\/schema\/logo\/image\/","url":"https:\/\/diarioprincipios.com\/wp-content\/uploads\/2024\/04\/cropped-www.diarioprincipios.com_-1.png","contentUrl":"https:\/\/diarioprincipios.com\/wp-content\/uploads\/2024\/04\/cropped-www.diarioprincipios.com_-1.png","width":5325,"height":1454,"caption":"Principios"},"image":{"@id":"https:\/\/diarioprincipios.com\/#\/schema\/logo\/image\/"}},{"@type":"Person","@id":"https:\/\/diarioprincipios.com\/#\/schema\/person\/436d5a1fd41a5e250e23ff5a6a7cb080","name":"Hern\u00e1n L\u00f3pez","image":{"@type":"ImageObject","inLanguage":"es","@id":"https:\/\/diarioprincipios.com\/wp-content\/litespeed\/avatar\/11ddfe5610ff3bd100522525b2571f48.jpg?ver=1777048341","url":"https:\/\/diarioprincipios.com\/wp-content\/litespeed\/avatar\/11ddfe5610ff3bd100522525b2571f48.jpg?ver=1777048341","contentUrl":"https:\/\/diarioprincipios.com\/wp-content\/litespeed\/avatar\/11ddfe5610ff3bd100522525b2571f48.jpg?ver=1777048341","caption":"Hern\u00e1n L\u00f3pez"},"url":"https:\/\/diarioprincipios.com\/index.php\/author\/hernan\/"}]}},"jetpack_featured_media_url":"https:\/\/diarioprincipios.com\/wp-content\/uploads\/2020\/04\/una-vacuna-para-el-nuevo-coronavirus-de-china-esta-en-proceso.jpg","_links":{"self":[{"href":"https:\/\/diarioprincipios.com\/index.php\/wp-json\/wp\/v2\/posts\/1066","targetHints":{"allow":["GET"]}}],"collection":[{"href":"https:\/\/diarioprincipios.com\/index.php\/wp-json\/wp\/v2\/posts"}],"about":[{"href":"https:\/\/diarioprincipios.com\/index.php\/wp-json\/wp\/v2\/types\/post"}],"author":[{"embeddable":true,"href":"https:\/\/diarioprincipios.com\/index.php\/wp-json\/wp\/v2\/users\/2"}],"replies":[{"embeddable":true,"href":"https:\/\/diarioprincipios.com\/index.php\/wp-json\/wp\/v2\/comments?post=1066"}],"version-history":[{"count":1,"href":"https:\/\/diarioprincipios.com\/index.php\/wp-json\/wp\/v2\/posts\/1066\/revisions"}],"predecessor-version":[{"id":1067,"href":"https:\/\/diarioprincipios.com\/index.php\/wp-json\/wp\/v2\/posts\/1066\/revisions\/1067"}],"wp:featuredmedia":[{"embeddable":true,"href":"https:\/\/diarioprincipios.com\/index.php\/wp-json\/wp\/v2\/media\/602"}],"wp:attachment":[{"href":"https:\/\/diarioprincipios.com\/index.php\/wp-json\/wp\/v2\/media?parent=1066"}],"wp:term":[{"taxonomy":"category","embeddable":true,"href":"https:\/\/diarioprincipios.com\/index.php\/wp-json\/wp\/v2\/categories?post=1066"},{"taxonomy":"post_tag","embeddable":true,"href":"https:\/\/diarioprincipios.com\/index.php\/wp-json\/wp\/v2\/tags?post=1066"}],"curies":[{"name":"wp","href":"https:\/\/api.w.org\/{rel}","templated":true}]}}