{"id":1034,"date":"2020-04-29T20:02:23","date_gmt":"2020-04-29T20:02:23","guid":{"rendered":"http:\/\/diarioprincipios.com\/?p=1034"},"modified":"2020-04-29T20:05:59","modified_gmt":"2020-04-29T20:05:59","slug":"la-asociacion-deportiva-berazategui-subcampeona-de-torneo-de-ajedrez-organizado-por-la-afa","status":"publish","type":"post","link":"https:\/\/diarioprincipios.com\/index.php\/2020\/04\/29\/la-asociacion-deportiva-berazategui-subcampeona-de-torneo-de-ajedrez-organizado-por-la-afa\/","title":{"rendered":"La Asociaci\u00f3n Deportiva Berazategui Subcampeona de Torneo de Ajedrez organizado por la AFA"},"content":{"rendered":"\n<p>La Asociaci\u00f3n Deportiva Berazategui, club que preside el dirigente mercantil Roberto \u00abMata\u00bb Rodriguez,  se consagr\u00f3 Subcampeona de la Copa de Ajedrez organizada por Cultura AFA, que celebr\u00f3 tambi\u00e9n los veinte a\u00f1os de esta \u00e1rea de la instituci\u00f3n, nacida\u00a0como\u00a0Encuentro de los Departamentos de Cultura de los clubes afiliados a AFA, el\u00a025 de abril del a\u00f1o 2000.<\/p>\n\n\n\n<p>Cuarenta equipos, representantes de otros tantos clubes, participaron del torneo realizado en la plataforma Lichess y que consagr\u00f3 ganador al equipo del Club Ferro Carril Oeste, con un m\u00e1s que meritorio segundo puesto de la Asociaci\u00f3n Deportiva Berazategui.<\/p>\n\n\n\n<p>La competencia se realiza\u00f3 a siete rondas y seis tableros, con puntajes regulados por ranking ELO. Este torneo es el m\u00e1s federal de los hasta ahora disputados, con la participaci\u00f3n de clubes desde Salta hasta R\u00edo Grande.<\/p>\n\n\n\n<p>\u201cEsta es una fecha important\u00edsima para Cultura AFA, estamos cumpliendo 20 a\u00f1os del nacimiento como EDC y, adem\u00e1s, estamos realizando el primer torneo digital de ajedrez, torneo que imagin\u00e1bamos hacer en la casa de Ezeiza pero que finalmente, y por las circunstancias que son de p\u00fablico conocimiento, nos llevan a su realizaci\u00f3n digital, lo que sirve tambi\u00e9n para que se convierta en el m\u00e1s federal de todos cuanto hemos realizado\u201d, digo en su apertura el Presidente de Cultura AFA, N\u00e9stor Vicente.<\/p>\n\n\n\n<p>El equipo campe\u00f3n, que sac\u00f3 un punto de ventaja a Berazategui y Newell&#8217;s Old Boys de Rosario.<\/p>\n\n\n\n<p>Como \u00e1rbitros del torneo estuvieron Leandro y Tom\u00e1s Plotinsky.<\/p>\n\n\n\n<p>El Presidente de Cultura AFA, N\u00e9stor Vicente, se mostr\u00f3 muy satisfecho por la participaci\u00f3n que tuvo este torneo, el primero de Cultura AFA que tiene formato virtual, y que recibi\u00f3 palabras de los presidentes de la Federaci\u00f3n Argentina de Ajedrez, Mario Petrucci, y de la Federaci\u00f3n Metropolitana, Alejandro Sass.<\/p>\n","protected":false},"excerpt":{"rendered":"<p>La Asociaci\u00f3n Deportiva Berazategui, club que preside el dirigente mercantil Roberto \u00abMata\u00bb Rodriguez, se consagr\u00f3 Subcampeona de la Copa de Ajedrez organizada por Cultura AFA, que celebr\u00f3 tambi\u00e9n los veinte a\u00f1os de esta \u00e1rea de la instituci\u00f3n, nacida\u00a0como\u00a0Encuentro de los Departamentos de Cultura de los clubes afiliados a AFA, el\u00a025 de abril del a\u00f1o 2000&#8230;.<\/p>\n","protected":false},"author":2,"featured_media":1035,"comment_status":"open","ping_status":"open","sticky":false,"template":"","format":"standard","meta":{"footnotes":""},"categories":[6],"tags":[],"class_list":["post-1034","post","type-post","status-publish","format-standard","has-post-thumbnail","hentry","category-deportes"],"featured_image_src":"https:\/\/diarioprincipios.com\/wp-content\/uploads\/2020\/04\/Presentaci\u00f3n-Torneo-AFA-XX-Aniversario.jpg","blog_images":{"medium":"https:\/\/diarioprincipios.com\/wp-content\/uploads\/2020\/04\/Presentaci\u00f3n-Torneo-AFA-XX-Aniversario-300x204.jpg","large":"https:\/\/diarioprincipios.com\/wp-content\/uploads\/2020\/04\/Presentaci\u00f3n-Torneo-AFA-XX-Aniversario.jpg"},"ams_acf":[],"yoast_head":"<!-- This site is optimized with the Yoast SEO plugin v27.3 - https:\/\/yoast.com\/product\/yoast-seo-wordpress\/ -->\n<title>La Asociaci\u00f3n Deportiva Berazategui Subcampeona de Torneo de Ajedrez organizado por la AFA - Principios<\/title>\n<meta name=\"robots\" content=\"index, follow, max-snippet:-1, max-image-preview:large, max-video-preview:-1\" \/>\n<link rel=\"canonical\" href=\"https:\/\/diarioprincipios.com\/index.php\/2020\/04\/29\/la-asociacion-deportiva-berazategui-subcampeona-de-torneo-de-ajedrez-organizado-por-la-afa\/\" \/>\n<meta property=\"og:locale\" content=\"es_ES\" \/>\n<meta property=\"og:type\" content=\"article\" \/>\n<meta property=\"og:title\" content=\"La Asociaci\u00f3n Deportiva Berazategui Subcampeona de Torneo de Ajedrez organizado por la AFA - Principios\" \/>\n<meta property=\"og:description\" content=\"La Asociaci\u00f3n Deportiva Berazategui, club que preside el dirigente mercantil Roberto \u00abMata\u00bb Rodriguez, se consagr\u00f3 Subcampeona de la Copa de Ajedrez organizada por Cultura AFA, que celebr\u00f3 tambi\u00e9n los veinte a\u00f1os de esta \u00e1rea de la instituci\u00f3n, nacida\u00a0como\u00a0Encuentro de los Departamentos de Cultura de los clubes afiliados a AFA, el\u00a025 de abril del a\u00f1o 2000....\" \/>\n<meta property=\"og:url\" content=\"https:\/\/diarioprincipios.com\/index.php\/2020\/04\/29\/la-asociacion-deportiva-berazategui-subcampeona-de-torneo-de-ajedrez-organizado-por-la-afa\/\" \/>\n<meta property=\"og:site_name\" content=\"Principios\" \/>\n<meta property=\"article:published_time\" content=\"2020-04-29T20:02:23+00:00\" \/>\n<meta property=\"article:modified_time\" content=\"2020-04-29T20:05:59+00:00\" \/>\n<meta property=\"og:image\" content=\"https:\/\/diarioprincipios.com\/wp-content\/uploads\/2020\/04\/Presentaci\u00f3n-Torneo-AFA-XX-Aniversario.jpg\" \/>\n\t<meta property=\"og:image:width\" content=\"536\" \/>\n\t<meta property=\"og:image:height\" content=\"364\" \/>\n\t<meta property=\"og:image:type\" content=\"image\/jpeg\" \/>\n<meta name=\"author\" content=\"Hern\u00e1n L\u00f3pez\" \/>\n<meta name=\"twitter:card\" content=\"summary_large_image\" \/>\n<meta name=\"twitter:label1\" content=\"Escrito por\" \/>\n\t<meta name=\"twitter:data1\" content=\"Hern\u00e1n L\u00f3pez\" \/>\n\t<meta name=\"twitter:label2\" content=\"Tiempo de lectura\" \/>\n\t<meta name=\"twitter:data2\" content=\"2 minutos\" \/>\n<script type=\"application\/ld+json\" class=\"yoast-schema-graph\">{\"@context\":\"https:\\\/\\\/schema.org\",\"@graph\":[{\"@type\":\"Article\",\"@id\":\"https:\\\/\\\/diarioprincipios.com\\\/index.php\\\/2020\\\/04\\\/29\\\/la-asociacion-deportiva-berazategui-subcampeona-de-torneo-de-ajedrez-organizado-por-la-afa\\\/#article\",\"isPartOf\":{\"@id\":\"https:\\\/\\\/diarioprincipios.com\\\/index.php\\\/2020\\\/04\\\/29\\\/la-asociacion-deportiva-berazategui-subcampeona-de-torneo-de-ajedrez-organizado-por-la-afa\\\/\"},\"author\":{\"name\":\"Hern\u00e1n L\u00f3pez\",\"@id\":\"https:\\\/\\\/diarioprincipios.com\\\/#\\\/schema\\\/person\\\/436d5a1fd41a5e250e23ff5a6a7cb080\"},\"headline\":\"La Asociaci\u00f3n Deportiva Berazategui Subcampeona de Torneo de Ajedrez organizado por la AFA\",\"datePublished\":\"2020-04-29T20:02:23+00:00\",\"dateModified\":\"2020-04-29T20:05:59+00:00\",\"mainEntityOfPage\":{\"@id\":\"https:\\\/\\\/diarioprincipios.com\\\/index.php\\\/2020\\\/04\\\/29\\\/la-asociacion-deportiva-berazategui-subcampeona-de-torneo-de-ajedrez-organizado-por-la-afa\\\/\"},\"wordCount\":326,\"commentCount\":0,\"publisher\":{\"@id\":\"https:\\\/\\\/diarioprincipios.com\\\/#organization\"},\"image\":{\"@id\":\"https:\\\/\\\/diarioprincipios.com\\\/index.php\\\/2020\\\/04\\\/29\\\/la-asociacion-deportiva-berazategui-subcampeona-de-torneo-de-ajedrez-organizado-por-la-afa\\\/#primaryimage\"},\"thumbnailUrl\":\"https:\\\/\\\/diarioprincipios.com\\\/wp-content\\\/uploads\\\/2020\\\/04\\\/Presentaci\u00f3n-Torneo-AFA-XX-Aniversario.jpg\",\"articleSection\":[\"Deportes\"],\"inLanguage\":\"es\",\"potentialAction\":[{\"@type\":\"CommentAction\",\"name\":\"Comment\",\"target\":[\"https:\\\/\\\/diarioprincipios.com\\\/index.php\\\/2020\\\/04\\\/29\\\/la-asociacion-deportiva-berazategui-subcampeona-de-torneo-de-ajedrez-organizado-por-la-afa\\\/#respond\"]}]},{\"@type\":\"WebPage\",\"@id\":\"https:\\\/\\\/diarioprincipios.com\\\/index.php\\\/2020\\\/04\\\/29\\\/la-asociacion-deportiva-berazategui-subcampeona-de-torneo-de-ajedrez-organizado-por-la-afa\\\/\",\"url\":\"https:\\\/\\\/diarioprincipios.com\\\/index.php\\\/2020\\\/04\\\/29\\\/la-asociacion-deportiva-berazategui-subcampeona-de-torneo-de-ajedrez-organizado-por-la-afa\\\/\",\"name\":\"La Asociaci\u00f3n Deportiva Berazategui Subcampeona de Torneo de Ajedrez organizado por la AFA - Principios\",\"isPartOf\":{\"@id\":\"https:\\\/\\\/diarioprincipios.com\\\/#website\"},\"primaryImageOfPage\":{\"@id\":\"https:\\\/\\\/diarioprincipios.com\\\/index.php\\\/2020\\\/04\\\/29\\\/la-asociacion-deportiva-berazategui-subcampeona-de-torneo-de-ajedrez-organizado-por-la-afa\\\/#primaryimage\"},\"image\":{\"@id\":\"https:\\\/\\\/diarioprincipios.com\\\/index.php\\\/2020\\\/04\\\/29\\\/la-asociacion-deportiva-berazategui-subcampeona-de-torneo-de-ajedrez-organizado-por-la-afa\\\/#primaryimage\"},\"thumbnailUrl\":\"https:\\\/\\\/diarioprincipios.com\\\/wp-content\\\/uploads\\\/2020\\\/04\\\/Presentaci\u00f3n-Torneo-AFA-XX-Aniversario.jpg\",\"datePublished\":\"2020-04-29T20:02:23+00:00\",\"dateModified\":\"2020-04-29T20:05:59+00:00\",\"breadcrumb\":{\"@id\":\"https:\\\/\\\/diarioprincipios.com\\\/index.php\\\/2020\\\/04\\\/29\\\/la-asociacion-deportiva-berazategui-subcampeona-de-torneo-de-ajedrez-organizado-por-la-afa\\\/#breadcrumb\"},\"inLanguage\":\"es\",\"potentialAction\":[{\"@type\":\"ReadAction\",\"target\":[\"https:\\\/\\\/diarioprincipios.com\\\/index.php\\\/2020\\\/04\\\/29\\\/la-asociacion-deportiva-berazategui-subcampeona-de-torneo-de-ajedrez-organizado-por-la-afa\\\/\"]}]},{\"@type\":\"ImageObject\",\"inLanguage\":\"es\",\"@id\":\"https:\\\/\\\/diarioprincipios.com\\\/index.php\\\/2020\\\/04\\\/29\\\/la-asociacion-deportiva-berazategui-subcampeona-de-torneo-de-ajedrez-organizado-por-la-afa\\\/#primaryimage\",\"url\":\"https:\\\/\\\/diarioprincipios.com\\\/wp-content\\\/uploads\\\/2020\\\/04\\\/Presentaci\u00f3n-Torneo-AFA-XX-Aniversario.jpg\",\"contentUrl\":\"https:\\\/\\\/diarioprincipios.com\\\/wp-content\\\/uploads\\\/2020\\\/04\\\/Presentaci\u00f3n-Torneo-AFA-XX-Aniversario.jpg\",\"width\":536,\"height\":364},{\"@type\":\"BreadcrumbList\",\"@id\":\"https:\\\/\\\/diarioprincipios.com\\\/index.php\\\/2020\\\/04\\\/29\\\/la-asociacion-deportiva-berazategui-subcampeona-de-torneo-de-ajedrez-organizado-por-la-afa\\\/#breadcrumb\",\"itemListElement\":[{\"@type\":\"ListItem\",\"position\":1,\"name\":\"Portada\",\"item\":\"https:\\\/\\\/diarioprincipios.com\\\/\"},{\"@type\":\"ListItem\",\"position\":2,\"name\":\"La Asociaci\u00f3n Deportiva Berazategui Subcampeona de Torneo de Ajedrez organizado por la AFA\"}]},{\"@type\":\"WebSite\",\"@id\":\"https:\\\/\\\/diarioprincipios.com\\\/#website\",\"url\":\"https:\\\/\\\/diarioprincipios.com\\\/\",\"name\":\"Principios\",\"description\":\"Principios Diario\",\"publisher\":{\"@id\":\"https:\\\/\\\/diarioprincipios.com\\\/#organization\"},\"potentialAction\":[{\"@type\":\"SearchAction\",\"target\":{\"@type\":\"EntryPoint\",\"urlTemplate\":\"https:\\\/\\\/diarioprincipios.com\\\/?s={search_term_string}\"},\"query-input\":{\"@type\":\"PropertyValueSpecification\",\"valueRequired\":true,\"valueName\":\"search_term_string\"}}],\"inLanguage\":\"es\"},{\"@type\":\"Organization\",\"@id\":\"https:\\\/\\\/diarioprincipios.com\\\/#organization\",\"name\":\"Principios\",\"url\":\"https:\\\/\\\/diarioprincipios.com\\\/\",\"logo\":{\"@type\":\"ImageObject\",\"inLanguage\":\"es\",\"@id\":\"https:\\\/\\\/diarioprincipios.com\\\/#\\\/schema\\\/logo\\\/image\\\/\",\"url\":\"https:\\\/\\\/diarioprincipios.com\\\/wp-content\\\/uploads\\\/2024\\\/04\\\/cropped-www.diarioprincipios.com_-1.png\",\"contentUrl\":\"https:\\\/\\\/diarioprincipios.com\\\/wp-content\\\/uploads\\\/2024\\\/04\\\/cropped-www.diarioprincipios.com_-1.png\",\"width\":5325,\"height\":1454,\"caption\":\"Principios\"},\"image\":{\"@id\":\"https:\\\/\\\/diarioprincipios.com\\\/#\\\/schema\\\/logo\\\/image\\\/\"}},{\"@type\":\"Person\",\"@id\":\"https:\\\/\\\/diarioprincipios.com\\\/#\\\/schema\\\/person\\\/436d5a1fd41a5e250e23ff5a6a7cb080\",\"name\":\"Hern\u00e1n L\u00f3pez\",\"image\":{\"@type\":\"ImageObject\",\"inLanguage\":\"es\",\"@id\":\"https:\\\/\\\/diarioprincipios.com\\\/wp-content\\\/litespeed\\\/avatar\\\/11ddfe5610ff3bd100522525b2571f48.jpg?ver=1777048341\",\"url\":\"https:\\\/\\\/diarioprincipios.com\\\/wp-content\\\/litespeed\\\/avatar\\\/11ddfe5610ff3bd100522525b2571f48.jpg?ver=1777048341\",\"contentUrl\":\"https:\\\/\\\/diarioprincipios.com\\\/wp-content\\\/litespeed\\\/avatar\\\/11ddfe5610ff3bd100522525b2571f48.jpg?ver=1777048341\",\"caption\":\"Hern\u00e1n L\u00f3pez\"},\"url\":\"https:\\\/\\\/diarioprincipios.com\\\/index.php\\\/author\\\/hernan\\\/\"}]}<\/script>\n<!-- \/ Yoast SEO plugin. -->","yoast_head_json":{"title":"La Asociaci\u00f3n Deportiva Berazategui Subcampeona de Torneo de Ajedrez organizado por la AFA - Principios","robots":{"index":"index","follow":"follow","max-snippet":"max-snippet:-1","max-image-preview":"max-image-preview:large","max-video-preview":"max-video-preview:-1"},"canonical":"https:\/\/diarioprincipios.com\/index.php\/2020\/04\/29\/la-asociacion-deportiva-berazategui-subcampeona-de-torneo-de-ajedrez-organizado-por-la-afa\/","og_locale":"es_ES","og_type":"article","og_title":"La Asociaci\u00f3n Deportiva Berazategui Subcampeona de Torneo de Ajedrez organizado por la AFA - Principios","og_description":"La Asociaci\u00f3n Deportiva Berazategui, club que preside el dirigente mercantil Roberto \u00abMata\u00bb Rodriguez, se consagr\u00f3 Subcampeona de la Copa de Ajedrez organizada por Cultura AFA, que celebr\u00f3 tambi\u00e9n los veinte a\u00f1os de esta \u00e1rea de la instituci\u00f3n, nacida\u00a0como\u00a0Encuentro de los Departamentos de Cultura de los clubes afiliados a AFA, el\u00a025 de abril del a\u00f1o 2000....","og_url":"https:\/\/diarioprincipios.com\/index.php\/2020\/04\/29\/la-asociacion-deportiva-berazategui-subcampeona-de-torneo-de-ajedrez-organizado-por-la-afa\/","og_site_name":"Principios","article_published_time":"2020-04-29T20:02:23+00:00","article_modified_time":"2020-04-29T20:05:59+00:00","og_image":[{"width":536,"height":364,"url":"https:\/\/diarioprincipios.com\/wp-content\/uploads\/2020\/04\/Presentaci\u00f3n-Torneo-AFA-XX-Aniversario.jpg","type":"image\/jpeg"}],"author":"Hern\u00e1n L\u00f3pez","twitter_card":"summary_large_image","twitter_misc":{"Escrito por":"Hern\u00e1n L\u00f3pez","Tiempo de lectura":"2 minutos"},"schema":{"@context":"https:\/\/schema.org","@graph":[{"@type":"Article","@id":"https:\/\/diarioprincipios.com\/index.php\/2020\/04\/29\/la-asociacion-deportiva-berazategui-subcampeona-de-torneo-de-ajedrez-organizado-por-la-afa\/#article","isPartOf":{"@id":"https:\/\/diarioprincipios.com\/index.php\/2020\/04\/29\/la-asociacion-deportiva-berazategui-subcampeona-de-torneo-de-ajedrez-organizado-por-la-afa\/"},"author":{"name":"Hern\u00e1n L\u00f3pez","@id":"https:\/\/diarioprincipios.com\/#\/schema\/person\/436d5a1fd41a5e250e23ff5a6a7cb080"},"headline":"La Asociaci\u00f3n Deportiva Berazategui Subcampeona de Torneo de Ajedrez organizado por la AFA","datePublished":"2020-04-29T20:02:23+00:00","dateModified":"2020-04-29T20:05:59+00:00","mainEntityOfPage":{"@id":"https:\/\/diarioprincipios.com\/index.php\/2020\/04\/29\/la-asociacion-deportiva-berazategui-subcampeona-de-torneo-de-ajedrez-organizado-por-la-afa\/"},"wordCount":326,"commentCount":0,"publisher":{"@id":"https:\/\/diarioprincipios.com\/#organization"},"image":{"@id":"https:\/\/diarioprincipios.com\/index.php\/2020\/04\/29\/la-asociacion-deportiva-berazategui-subcampeona-de-torneo-de-ajedrez-organizado-por-la-afa\/#primaryimage"},"thumbnailUrl":"https:\/\/diarioprincipios.com\/wp-content\/uploads\/2020\/04\/Presentaci\u00f3n-Torneo-AFA-XX-Aniversario.jpg","articleSection":["Deportes"],"inLanguage":"es","potentialAction":[{"@type":"CommentAction","name":"Comment","target":["https:\/\/diarioprincipios.com\/index.php\/2020\/04\/29\/la-asociacion-deportiva-berazategui-subcampeona-de-torneo-de-ajedrez-organizado-por-la-afa\/#respond"]}]},{"@type":"WebPage","@id":"https:\/\/diarioprincipios.com\/index.php\/2020\/04\/29\/la-asociacion-deportiva-berazategui-subcampeona-de-torneo-de-ajedrez-organizado-por-la-afa\/","url":"https:\/\/diarioprincipios.com\/index.php\/2020\/04\/29\/la-asociacion-deportiva-berazategui-subcampeona-de-torneo-de-ajedrez-organizado-por-la-afa\/","name":"La Asociaci\u00f3n Deportiva Berazategui Subcampeona de Torneo de Ajedrez organizado por la AFA - Principios","isPartOf":{"@id":"https:\/\/diarioprincipios.com\/#website"},"primaryImageOfPage":{"@id":"https:\/\/diarioprincipios.com\/index.php\/2020\/04\/29\/la-asociacion-deportiva-berazategui-subcampeona-de-torneo-de-ajedrez-organizado-por-la-afa\/#primaryimage"},"image":{"@id":"https:\/\/diarioprincipios.com\/index.php\/2020\/04\/29\/la-asociacion-deportiva-berazategui-subcampeona-de-torneo-de-ajedrez-organizado-por-la-afa\/#primaryimage"},"thumbnailUrl":"https:\/\/diarioprincipios.com\/wp-content\/uploads\/2020\/04\/Presentaci\u00f3n-Torneo-AFA-XX-Aniversario.jpg","datePublished":"2020-04-29T20:02:23+00:00","dateModified":"2020-04-29T20:05:59+00:00","breadcrumb":{"@id":"https:\/\/diarioprincipios.com\/index.php\/2020\/04\/29\/la-asociacion-deportiva-berazategui-subcampeona-de-torneo-de-ajedrez-organizado-por-la-afa\/#breadcrumb"},"inLanguage":"es","potentialAction":[{"@type":"ReadAction","target":["https:\/\/diarioprincipios.com\/index.php\/2020\/04\/29\/la-asociacion-deportiva-berazategui-subcampeona-de-torneo-de-ajedrez-organizado-por-la-afa\/"]}]},{"@type":"ImageObject","inLanguage":"es","@id":"https:\/\/diarioprincipios.com\/index.php\/2020\/04\/29\/la-asociacion-deportiva-berazategui-subcampeona-de-torneo-de-ajedrez-organizado-por-la-afa\/#primaryimage","url":"https:\/\/diarioprincipios.com\/wp-content\/uploads\/2020\/04\/Presentaci\u00f3n-Torneo-AFA-XX-Aniversario.jpg","contentUrl":"https:\/\/diarioprincipios.com\/wp-content\/uploads\/2020\/04\/Presentaci\u00f3n-Torneo-AFA-XX-Aniversario.jpg","width":536,"height":364},{"@type":"BreadcrumbList","@id":"https:\/\/diarioprincipios.com\/index.php\/2020\/04\/29\/la-asociacion-deportiva-berazategui-subcampeona-de-torneo-de-ajedrez-organizado-por-la-afa\/#breadcrumb","itemListElement":[{"@type":"ListItem","position":1,"name":"Portada","item":"https:\/\/diarioprincipios.com\/"},{"@type":"ListItem","position":2,"name":"La Asociaci\u00f3n Deportiva Berazategui Subcampeona de Torneo de Ajedrez organizado por la AFA"}]},{"@type":"WebSite","@id":"https:\/\/diarioprincipios.com\/#website","url":"https:\/\/diarioprincipios.com\/","name":"Principios","description":"Principios Diario","publisher":{"@id":"https:\/\/diarioprincipios.com\/#organization"},"potentialAction":[{"@type":"SearchAction","target":{"@type":"EntryPoint","urlTemplate":"https:\/\/diarioprincipios.com\/?s={search_term_string}"},"query-input":{"@type":"PropertyValueSpecification","valueRequired":true,"valueName":"search_term_string"}}],"inLanguage":"es"},{"@type":"Organization","@id":"https:\/\/diarioprincipios.com\/#organization","name":"Principios","url":"https:\/\/diarioprincipios.com\/","logo":{"@type":"ImageObject","inLanguage":"es","@id":"https:\/\/diarioprincipios.com\/#\/schema\/logo\/image\/","url":"https:\/\/diarioprincipios.com\/wp-content\/uploads\/2024\/04\/cropped-www.diarioprincipios.com_-1.png","contentUrl":"https:\/\/diarioprincipios.com\/wp-content\/uploads\/2024\/04\/cropped-www.diarioprincipios.com_-1.png","width":5325,"height":1454,"caption":"Principios"},"image":{"@id":"https:\/\/diarioprincipios.com\/#\/schema\/logo\/image\/"}},{"@type":"Person","@id":"https:\/\/diarioprincipios.com\/#\/schema\/person\/436d5a1fd41a5e250e23ff5a6a7cb080","name":"Hern\u00e1n L\u00f3pez","image":{"@type":"ImageObject","inLanguage":"es","@id":"https:\/\/diarioprincipios.com\/wp-content\/litespeed\/avatar\/11ddfe5610ff3bd100522525b2571f48.jpg?ver=1777048341","url":"https:\/\/diarioprincipios.com\/wp-content\/litespeed\/avatar\/11ddfe5610ff3bd100522525b2571f48.jpg?ver=1777048341","contentUrl":"https:\/\/diarioprincipios.com\/wp-content\/litespeed\/avatar\/11ddfe5610ff3bd100522525b2571f48.jpg?ver=1777048341","caption":"Hern\u00e1n L\u00f3pez"},"url":"https:\/\/diarioprincipios.com\/index.php\/author\/hernan\/"}]}},"jetpack_featured_media_url":"https:\/\/diarioprincipios.com\/wp-content\/uploads\/2020\/04\/Presentaci\u00f3n-Torneo-AFA-XX-Aniversario.jpg","_links":{"self":[{"href":"https:\/\/diarioprincipios.com\/index.php\/wp-json\/wp\/v2\/posts\/1034","targetHints":{"allow":["GET"]}}],"collection":[{"href":"https:\/\/diarioprincipios.com\/index.php\/wp-json\/wp\/v2\/posts"}],"about":[{"href":"https:\/\/diarioprincipios.com\/index.php\/wp-json\/wp\/v2\/types\/post"}],"author":[{"embeddable":true,"href":"https:\/\/diarioprincipios.com\/index.php\/wp-json\/wp\/v2\/users\/2"}],"replies":[{"embeddable":true,"href":"https:\/\/diarioprincipios.com\/index.php\/wp-json\/wp\/v2\/comments?post=1034"}],"version-history":[{"count":2,"href":"https:\/\/diarioprincipios.com\/index.php\/wp-json\/wp\/v2\/posts\/1034\/revisions"}],"predecessor-version":[{"id":1037,"href":"https:\/\/diarioprincipios.com\/index.php\/wp-json\/wp\/v2\/posts\/1034\/revisions\/1037"}],"wp:featuredmedia":[{"embeddable":true,"href":"https:\/\/diarioprincipios.com\/index.php\/wp-json\/wp\/v2\/media\/1035"}],"wp:attachment":[{"href":"https:\/\/diarioprincipios.com\/index.php\/wp-json\/wp\/v2\/media?parent=1034"}],"wp:term":[{"taxonomy":"category","embeddable":true,"href":"https:\/\/diarioprincipios.com\/index.php\/wp-json\/wp\/v2\/categories?post=1034"},{"taxonomy":"post_tag","embeddable":true,"href":"https:\/\/diarioprincipios.com\/index.php\/wp-json\/wp\/v2\/tags?post=1034"}],"curies":[{"name":"wp","href":"https:\/\/api.w.org\/{rel}","templated":true}]}}