{"id":1020,"date":"2020-04-28T22:34:16","date_gmt":"2020-04-28T22:34:16","guid":{"rendered":"http:\/\/diarioprincipios.com\/?p=1020"},"modified":"2020-04-28T22:34:19","modified_gmt":"2020-04-28T22:34:19","slug":"trabajos-de-levantamiento-de-postes-en-barrios-de-quilmes-tras-el-temporal","status":"publish","type":"post","link":"https:\/\/diarioprincipios.com\/index.php\/2020\/04\/28\/trabajos-de-levantamiento-de-postes-en-barrios-de-quilmes-tras-el-temporal\/","title":{"rendered":"Trabajos de levantamiento de postes en barrios de Quilmes tras el temporal"},"content":{"rendered":"\n<p>El Municipio de Quilmes inform\u00f3 que en el d\u00eda de hoy se efectuaron trabajos de relevamiento y notificaci\u00f3n sobre los distintos postes de luz, cable, internet y otros servicios ca\u00eddos en barrios del distrito, en el marco del fuerte temporal que azot\u00f3 a Quilmes.<\/p>\n\n\n\n<p>Por decisi\u00f3n de la intendenta de Quilmes, Mayra Mendoza, equipos de las distintas reparticiones de la Secretar\u00eda de Obras P\u00fablicas, a cargo de Cecilia Soler, estuvieron revisando la situaci\u00f3n de postes de luz que se vieron afectados por los fuertes vientos en la calle Zeballos, esquina Ituzaing\u00f3, y Zapiola y Calle 169, ambos de Bernal Oeste; Mosconi y Rodolfo L\u00f3pez, Quilmes Oeste y Garibaldi, entre Yoldi y Calle 80, en Quilmes Este.<\/p>\n\n\n\n<p>Luego, los equipos de inspectores de la Direcci\u00f3n de Obras de Terceros, dependiente de la Subsecretar\u00eda de Infraestructura y Obras P\u00fablicas, encabezada por Sebasti\u00e1n Garc\u00eda, realizaron las actas de notificaci\u00f3n que se env\u00edan a las empresas de servicios responsables de la instalaci\u00f3n de esos postes, quienes tienen un l\u00edmite de 48 horas para efectuar el arreglo, de lo contrario se les realizar\u00e1 la multa correspondiente.<\/p>\n\n\n\n<p>\u201cLo importante es que el vecino de Quilmes sepa que hay un Estado presente que lo escucha y articula acciones junto a las empresas de servicios para solucionar r\u00e1pidamente el problema\u201d, destacaron desde la Secretar\u00eda de Obras P\u00fablicas.<\/p>\n\n\n\n<p>Para denunciar problemas con los postes de servicios en la v\u00eda p\u00fablica que se hallan en malas condiciones, las vecinas y los vecinos pueden comunicarse con el 4350-3000 interno 3129 o por correo electr\u00f3nico a:&nbsp;<a rel=\"noreferrer noopener\" target=\"_blank\" href=\"mailto:subobras3quilmes@gmail.com\">subobras3quilmes@gmail.com<\/a>.<\/p>\n","protected":false},"excerpt":{"rendered":"<p>El Municipio de Quilmes inform\u00f3 que en el d\u00eda de hoy se efectuaron trabajos de relevamiento y notificaci\u00f3n sobre los distintos postes de luz, cable, internet y otros servicios ca\u00eddos en barrios del distrito, en el marco del fuerte temporal que azot\u00f3 a Quilmes. Por decisi\u00f3n de la intendenta de Quilmes, Mayra Mendoza, equipos de&#8230;<\/p>\n","protected":false},"author":2,"featured_media":1021,"comment_status":"open","ping_status":"open","sticky":false,"template":"","format":"standard","meta":{"footnotes":""},"categories":[7],"tags":[],"class_list":["post-1020","post","type-post","status-publish","format-standard","has-post-thumbnail","hentry","category-provincia"],"featured_image_src":"https:\/\/diarioprincipios.com\/wp-content\/uploads\/2020\/04\/TRABAJOS-DE-LEVANTAMIENTO-DE-POSTES-DE-SERVICIOS-CA\u00cdDOS-POR-EFECTO-DEL-TEMPORAL-768x1024.jpeg","blog_images":{"medium":"https:\/\/diarioprincipios.com\/wp-content\/uploads\/2020\/04\/TRABAJOS-DE-LEVANTAMIENTO-DE-POSTES-DE-SERVICIOS-CA\u00cdDOS-POR-EFECTO-DEL-TEMPORAL-225x300.jpeg","large":"https:\/\/diarioprincipios.com\/wp-content\/uploads\/2020\/04\/TRABAJOS-DE-LEVANTAMIENTO-DE-POSTES-DE-SERVICIOS-CA\u00cdDOS-POR-EFECTO-DEL-TEMPORAL-768x1024.jpeg"},"ams_acf":[],"yoast_head":"<!-- This site is optimized with the Yoast SEO plugin v27.3 - https:\/\/yoast.com\/product\/yoast-seo-wordpress\/ -->\n<title>Trabajos de levantamiento de postes en barrios de Quilmes tras el temporal - Principios<\/title>\n<meta name=\"robots\" content=\"index, follow, max-snippet:-1, max-image-preview:large, max-video-preview:-1\" \/>\n<link rel=\"canonical\" href=\"https:\/\/diarioprincipios.com\/index.php\/2020\/04\/28\/trabajos-de-levantamiento-de-postes-en-barrios-de-quilmes-tras-el-temporal\/\" \/>\n<meta property=\"og:locale\" content=\"es_ES\" \/>\n<meta property=\"og:type\" content=\"article\" \/>\n<meta property=\"og:title\" content=\"Trabajos de levantamiento de postes en barrios de Quilmes tras el temporal - Principios\" \/>\n<meta property=\"og:description\" content=\"El Municipio de Quilmes inform\u00f3 que en el d\u00eda de hoy se efectuaron trabajos de relevamiento y notificaci\u00f3n sobre los distintos postes de luz, cable, internet y otros servicios ca\u00eddos en barrios del distrito, en el marco del fuerte temporal que azot\u00f3 a Quilmes. Por decisi\u00f3n de la intendenta de Quilmes, Mayra Mendoza, equipos de...\" \/>\n<meta property=\"og:url\" content=\"https:\/\/diarioprincipios.com\/index.php\/2020\/04\/28\/trabajos-de-levantamiento-de-postes-en-barrios-de-quilmes-tras-el-temporal\/\" \/>\n<meta property=\"og:site_name\" content=\"Principios\" \/>\n<meta property=\"article:published_time\" content=\"2020-04-28T22:34:16+00:00\" \/>\n<meta property=\"article:modified_time\" content=\"2020-04-28T22:34:19+00:00\" \/>\n<meta property=\"og:image\" content=\"https:\/\/diarioprincipios.com\/wp-content\/uploads\/2020\/04\/TRABAJOS-DE-LEVANTAMIENTO-DE-POSTES-DE-SERVICIOS-CA\u00cdDOS-POR-EFECTO-DEL-TEMPORAL.jpeg\" \/>\n\t<meta property=\"og:image:width\" content=\"960\" \/>\n\t<meta property=\"og:image:height\" content=\"1280\" \/>\n\t<meta property=\"og:image:type\" content=\"image\/jpeg\" \/>\n<meta name=\"author\" content=\"Hern\u00e1n L\u00f3pez\" \/>\n<meta name=\"twitter:card\" content=\"summary_large_image\" \/>\n<meta name=\"twitter:label1\" content=\"Escrito por\" \/>\n\t<meta name=\"twitter:data1\" content=\"Hern\u00e1n L\u00f3pez\" \/>\n\t<meta name=\"twitter:label2\" content=\"Tiempo de lectura\" \/>\n\t<meta name=\"twitter:data2\" content=\"1 minuto\" \/>\n<script type=\"application\/ld+json\" class=\"yoast-schema-graph\">{\"@context\":\"https:\\\/\\\/schema.org\",\"@graph\":[{\"@type\":\"Article\",\"@id\":\"https:\\\/\\\/diarioprincipios.com\\\/index.php\\\/2020\\\/04\\\/28\\\/trabajos-de-levantamiento-de-postes-en-barrios-de-quilmes-tras-el-temporal\\\/#article\",\"isPartOf\":{\"@id\":\"https:\\\/\\\/diarioprincipios.com\\\/index.php\\\/2020\\\/04\\\/28\\\/trabajos-de-levantamiento-de-postes-en-barrios-de-quilmes-tras-el-temporal\\\/\"},\"author\":{\"name\":\"Hern\u00e1n L\u00f3pez\",\"@id\":\"https:\\\/\\\/diarioprincipios.com\\\/#\\\/schema\\\/person\\\/436d5a1fd41a5e250e23ff5a6a7cb080\"},\"headline\":\"Trabajos de levantamiento de postes en barrios de Quilmes tras el temporal\",\"datePublished\":\"2020-04-28T22:34:16+00:00\",\"dateModified\":\"2020-04-28T22:34:19+00:00\",\"mainEntityOfPage\":{\"@id\":\"https:\\\/\\\/diarioprincipios.com\\\/index.php\\\/2020\\\/04\\\/28\\\/trabajos-de-levantamiento-de-postes-en-barrios-de-quilmes-tras-el-temporal\\\/\"},\"wordCount\":290,\"commentCount\":0,\"publisher\":{\"@id\":\"https:\\\/\\\/diarioprincipios.com\\\/#organization\"},\"image\":{\"@id\":\"https:\\\/\\\/diarioprincipios.com\\\/index.php\\\/2020\\\/04\\\/28\\\/trabajos-de-levantamiento-de-postes-en-barrios-de-quilmes-tras-el-temporal\\\/#primaryimage\"},\"thumbnailUrl\":\"https:\\\/\\\/diarioprincipios.com\\\/wp-content\\\/uploads\\\/2020\\\/04\\\/TRABAJOS-DE-LEVANTAMIENTO-DE-POSTES-DE-SERVICIOS-CA\u00cdDOS-POR-EFECTO-DEL-TEMPORAL.jpeg\",\"articleSection\":[\"Provincia\"],\"inLanguage\":\"es\",\"potentialAction\":[{\"@type\":\"CommentAction\",\"name\":\"Comment\",\"target\":[\"https:\\\/\\\/diarioprincipios.com\\\/index.php\\\/2020\\\/04\\\/28\\\/trabajos-de-levantamiento-de-postes-en-barrios-de-quilmes-tras-el-temporal\\\/#respond\"]}]},{\"@type\":\"WebPage\",\"@id\":\"https:\\\/\\\/diarioprincipios.com\\\/index.php\\\/2020\\\/04\\\/28\\\/trabajos-de-levantamiento-de-postes-en-barrios-de-quilmes-tras-el-temporal\\\/\",\"url\":\"https:\\\/\\\/diarioprincipios.com\\\/index.php\\\/2020\\\/04\\\/28\\\/trabajos-de-levantamiento-de-postes-en-barrios-de-quilmes-tras-el-temporal\\\/\",\"name\":\"Trabajos de levantamiento de postes en barrios de Quilmes tras el temporal - Principios\",\"isPartOf\":{\"@id\":\"https:\\\/\\\/diarioprincipios.com\\\/#website\"},\"primaryImageOfPage\":{\"@id\":\"https:\\\/\\\/diarioprincipios.com\\\/index.php\\\/2020\\\/04\\\/28\\\/trabajos-de-levantamiento-de-postes-en-barrios-de-quilmes-tras-el-temporal\\\/#primaryimage\"},\"image\":{\"@id\":\"https:\\\/\\\/diarioprincipios.com\\\/index.php\\\/2020\\\/04\\\/28\\\/trabajos-de-levantamiento-de-postes-en-barrios-de-quilmes-tras-el-temporal\\\/#primaryimage\"},\"thumbnailUrl\":\"https:\\\/\\\/diarioprincipios.com\\\/wp-content\\\/uploads\\\/2020\\\/04\\\/TRABAJOS-DE-LEVANTAMIENTO-DE-POSTES-DE-SERVICIOS-CA\u00cdDOS-POR-EFECTO-DEL-TEMPORAL.jpeg\",\"datePublished\":\"2020-04-28T22:34:16+00:00\",\"dateModified\":\"2020-04-28T22:34:19+00:00\",\"breadcrumb\":{\"@id\":\"https:\\\/\\\/diarioprincipios.com\\\/index.php\\\/2020\\\/04\\\/28\\\/trabajos-de-levantamiento-de-postes-en-barrios-de-quilmes-tras-el-temporal\\\/#breadcrumb\"},\"inLanguage\":\"es\",\"potentialAction\":[{\"@type\":\"ReadAction\",\"target\":[\"https:\\\/\\\/diarioprincipios.com\\\/index.php\\\/2020\\\/04\\\/28\\\/trabajos-de-levantamiento-de-postes-en-barrios-de-quilmes-tras-el-temporal\\\/\"]}]},{\"@type\":\"ImageObject\",\"inLanguage\":\"es\",\"@id\":\"https:\\\/\\\/diarioprincipios.com\\\/index.php\\\/2020\\\/04\\\/28\\\/trabajos-de-levantamiento-de-postes-en-barrios-de-quilmes-tras-el-temporal\\\/#primaryimage\",\"url\":\"https:\\\/\\\/diarioprincipios.com\\\/wp-content\\\/uploads\\\/2020\\\/04\\\/TRABAJOS-DE-LEVANTAMIENTO-DE-POSTES-DE-SERVICIOS-CA\u00cdDOS-POR-EFECTO-DEL-TEMPORAL.jpeg\",\"contentUrl\":\"https:\\\/\\\/diarioprincipios.com\\\/wp-content\\\/uploads\\\/2020\\\/04\\\/TRABAJOS-DE-LEVANTAMIENTO-DE-POSTES-DE-SERVICIOS-CA\u00cdDOS-POR-EFECTO-DEL-TEMPORAL.jpeg\",\"width\":960,\"height\":1280},{\"@type\":\"BreadcrumbList\",\"@id\":\"https:\\\/\\\/diarioprincipios.com\\\/index.php\\\/2020\\\/04\\\/28\\\/trabajos-de-levantamiento-de-postes-en-barrios-de-quilmes-tras-el-temporal\\\/#breadcrumb\",\"itemListElement\":[{\"@type\":\"ListItem\",\"position\":1,\"name\":\"Portada\",\"item\":\"https:\\\/\\\/diarioprincipios.com\\\/\"},{\"@type\":\"ListItem\",\"position\":2,\"name\":\"Trabajos de levantamiento de postes en barrios de Quilmes tras el temporal\"}]},{\"@type\":\"WebSite\",\"@id\":\"https:\\\/\\\/diarioprincipios.com\\\/#website\",\"url\":\"https:\\\/\\\/diarioprincipios.com\\\/\",\"name\":\"Principios\",\"description\":\"Principios Diario\",\"publisher\":{\"@id\":\"https:\\\/\\\/diarioprincipios.com\\\/#organization\"},\"potentialAction\":[{\"@type\":\"SearchAction\",\"target\":{\"@type\":\"EntryPoint\",\"urlTemplate\":\"https:\\\/\\\/diarioprincipios.com\\\/?s={search_term_string}\"},\"query-input\":{\"@type\":\"PropertyValueSpecification\",\"valueRequired\":true,\"valueName\":\"search_term_string\"}}],\"inLanguage\":\"es\"},{\"@type\":\"Organization\",\"@id\":\"https:\\\/\\\/diarioprincipios.com\\\/#organization\",\"name\":\"Principios\",\"url\":\"https:\\\/\\\/diarioprincipios.com\\\/\",\"logo\":{\"@type\":\"ImageObject\",\"inLanguage\":\"es\",\"@id\":\"https:\\\/\\\/diarioprincipios.com\\\/#\\\/schema\\\/logo\\\/image\\\/\",\"url\":\"https:\\\/\\\/diarioprincipios.com\\\/wp-content\\\/uploads\\\/2024\\\/04\\\/cropped-www.diarioprincipios.com_-1.png\",\"contentUrl\":\"https:\\\/\\\/diarioprincipios.com\\\/wp-content\\\/uploads\\\/2024\\\/04\\\/cropped-www.diarioprincipios.com_-1.png\",\"width\":5325,\"height\":1454,\"caption\":\"Principios\"},\"image\":{\"@id\":\"https:\\\/\\\/diarioprincipios.com\\\/#\\\/schema\\\/logo\\\/image\\\/\"}},{\"@type\":\"Person\",\"@id\":\"https:\\\/\\\/diarioprincipios.com\\\/#\\\/schema\\\/person\\\/436d5a1fd41a5e250e23ff5a6a7cb080\",\"name\":\"Hern\u00e1n L\u00f3pez\",\"image\":{\"@type\":\"ImageObject\",\"inLanguage\":\"es\",\"@id\":\"https:\\\/\\\/diarioprincipios.com\\\/wp-content\\\/litespeed\\\/avatar\\\/11ddfe5610ff3bd100522525b2571f48.jpg?ver=1777048341\",\"url\":\"https:\\\/\\\/diarioprincipios.com\\\/wp-content\\\/litespeed\\\/avatar\\\/11ddfe5610ff3bd100522525b2571f48.jpg?ver=1777048341\",\"contentUrl\":\"https:\\\/\\\/diarioprincipios.com\\\/wp-content\\\/litespeed\\\/avatar\\\/11ddfe5610ff3bd100522525b2571f48.jpg?ver=1777048341\",\"caption\":\"Hern\u00e1n L\u00f3pez\"},\"url\":\"https:\\\/\\\/diarioprincipios.com\\\/index.php\\\/author\\\/hernan\\\/\"}]}<\/script>\n<!-- \/ Yoast SEO plugin. -->","yoast_head_json":{"title":"Trabajos de levantamiento de postes en barrios de Quilmes tras el temporal - Principios","robots":{"index":"index","follow":"follow","max-snippet":"max-snippet:-1","max-image-preview":"max-image-preview:large","max-video-preview":"max-video-preview:-1"},"canonical":"https:\/\/diarioprincipios.com\/index.php\/2020\/04\/28\/trabajos-de-levantamiento-de-postes-en-barrios-de-quilmes-tras-el-temporal\/","og_locale":"es_ES","og_type":"article","og_title":"Trabajos de levantamiento de postes en barrios de Quilmes tras el temporal - Principios","og_description":"El Municipio de Quilmes inform\u00f3 que en el d\u00eda de hoy se efectuaron trabajos de relevamiento y notificaci\u00f3n sobre los distintos postes de luz, cable, internet y otros servicios ca\u00eddos en barrios del distrito, en el marco del fuerte temporal que azot\u00f3 a Quilmes. Por decisi\u00f3n de la intendenta de Quilmes, Mayra Mendoza, equipos de...","og_url":"https:\/\/diarioprincipios.com\/index.php\/2020\/04\/28\/trabajos-de-levantamiento-de-postes-en-barrios-de-quilmes-tras-el-temporal\/","og_site_name":"Principios","article_published_time":"2020-04-28T22:34:16+00:00","article_modified_time":"2020-04-28T22:34:19+00:00","og_image":[{"width":960,"height":1280,"url":"https:\/\/diarioprincipios.com\/wp-content\/uploads\/2020\/04\/TRABAJOS-DE-LEVANTAMIENTO-DE-POSTES-DE-SERVICIOS-CA\u00cdDOS-POR-EFECTO-DEL-TEMPORAL.jpeg","type":"image\/jpeg"}],"author":"Hern\u00e1n L\u00f3pez","twitter_card":"summary_large_image","twitter_misc":{"Escrito por":"Hern\u00e1n L\u00f3pez","Tiempo de lectura":"1 minuto"},"schema":{"@context":"https:\/\/schema.org","@graph":[{"@type":"Article","@id":"https:\/\/diarioprincipios.com\/index.php\/2020\/04\/28\/trabajos-de-levantamiento-de-postes-en-barrios-de-quilmes-tras-el-temporal\/#article","isPartOf":{"@id":"https:\/\/diarioprincipios.com\/index.php\/2020\/04\/28\/trabajos-de-levantamiento-de-postes-en-barrios-de-quilmes-tras-el-temporal\/"},"author":{"name":"Hern\u00e1n L\u00f3pez","@id":"https:\/\/diarioprincipios.com\/#\/schema\/person\/436d5a1fd41a5e250e23ff5a6a7cb080"},"headline":"Trabajos de levantamiento de postes en barrios de Quilmes tras el temporal","datePublished":"2020-04-28T22:34:16+00:00","dateModified":"2020-04-28T22:34:19+00:00","mainEntityOfPage":{"@id":"https:\/\/diarioprincipios.com\/index.php\/2020\/04\/28\/trabajos-de-levantamiento-de-postes-en-barrios-de-quilmes-tras-el-temporal\/"},"wordCount":290,"commentCount":0,"publisher":{"@id":"https:\/\/diarioprincipios.com\/#organization"},"image":{"@id":"https:\/\/diarioprincipios.com\/index.php\/2020\/04\/28\/trabajos-de-levantamiento-de-postes-en-barrios-de-quilmes-tras-el-temporal\/#primaryimage"},"thumbnailUrl":"https:\/\/diarioprincipios.com\/wp-content\/uploads\/2020\/04\/TRABAJOS-DE-LEVANTAMIENTO-DE-POSTES-DE-SERVICIOS-CA\u00cdDOS-POR-EFECTO-DEL-TEMPORAL.jpeg","articleSection":["Provincia"],"inLanguage":"es","potentialAction":[{"@type":"CommentAction","name":"Comment","target":["https:\/\/diarioprincipios.com\/index.php\/2020\/04\/28\/trabajos-de-levantamiento-de-postes-en-barrios-de-quilmes-tras-el-temporal\/#respond"]}]},{"@type":"WebPage","@id":"https:\/\/diarioprincipios.com\/index.php\/2020\/04\/28\/trabajos-de-levantamiento-de-postes-en-barrios-de-quilmes-tras-el-temporal\/","url":"https:\/\/diarioprincipios.com\/index.php\/2020\/04\/28\/trabajos-de-levantamiento-de-postes-en-barrios-de-quilmes-tras-el-temporal\/","name":"Trabajos de levantamiento de postes en barrios de Quilmes tras el temporal - Principios","isPartOf":{"@id":"https:\/\/diarioprincipios.com\/#website"},"primaryImageOfPage":{"@id":"https:\/\/diarioprincipios.com\/index.php\/2020\/04\/28\/trabajos-de-levantamiento-de-postes-en-barrios-de-quilmes-tras-el-temporal\/#primaryimage"},"image":{"@id":"https:\/\/diarioprincipios.com\/index.php\/2020\/04\/28\/trabajos-de-levantamiento-de-postes-en-barrios-de-quilmes-tras-el-temporal\/#primaryimage"},"thumbnailUrl":"https:\/\/diarioprincipios.com\/wp-content\/uploads\/2020\/04\/TRABAJOS-DE-LEVANTAMIENTO-DE-POSTES-DE-SERVICIOS-CA\u00cdDOS-POR-EFECTO-DEL-TEMPORAL.jpeg","datePublished":"2020-04-28T22:34:16+00:00","dateModified":"2020-04-28T22:34:19+00:00","breadcrumb":{"@id":"https:\/\/diarioprincipios.com\/index.php\/2020\/04\/28\/trabajos-de-levantamiento-de-postes-en-barrios-de-quilmes-tras-el-temporal\/#breadcrumb"},"inLanguage":"es","potentialAction":[{"@type":"ReadAction","target":["https:\/\/diarioprincipios.com\/index.php\/2020\/04\/28\/trabajos-de-levantamiento-de-postes-en-barrios-de-quilmes-tras-el-temporal\/"]}]},{"@type":"ImageObject","inLanguage":"es","@id":"https:\/\/diarioprincipios.com\/index.php\/2020\/04\/28\/trabajos-de-levantamiento-de-postes-en-barrios-de-quilmes-tras-el-temporal\/#primaryimage","url":"https:\/\/diarioprincipios.com\/wp-content\/uploads\/2020\/04\/TRABAJOS-DE-LEVANTAMIENTO-DE-POSTES-DE-SERVICIOS-CA\u00cdDOS-POR-EFECTO-DEL-TEMPORAL.jpeg","contentUrl":"https:\/\/diarioprincipios.com\/wp-content\/uploads\/2020\/04\/TRABAJOS-DE-LEVANTAMIENTO-DE-POSTES-DE-SERVICIOS-CA\u00cdDOS-POR-EFECTO-DEL-TEMPORAL.jpeg","width":960,"height":1280},{"@type":"BreadcrumbList","@id":"https:\/\/diarioprincipios.com\/index.php\/2020\/04\/28\/trabajos-de-levantamiento-de-postes-en-barrios-de-quilmes-tras-el-temporal\/#breadcrumb","itemListElement":[{"@type":"ListItem","position":1,"name":"Portada","item":"https:\/\/diarioprincipios.com\/"},{"@type":"ListItem","position":2,"name":"Trabajos de levantamiento de postes en barrios de Quilmes tras el temporal"}]},{"@type":"WebSite","@id":"https:\/\/diarioprincipios.com\/#website","url":"https:\/\/diarioprincipios.com\/","name":"Principios","description":"Principios Diario","publisher":{"@id":"https:\/\/diarioprincipios.com\/#organization"},"potentialAction":[{"@type":"SearchAction","target":{"@type":"EntryPoint","urlTemplate":"https:\/\/diarioprincipios.com\/?s={search_term_string}"},"query-input":{"@type":"PropertyValueSpecification","valueRequired":true,"valueName":"search_term_string"}}],"inLanguage":"es"},{"@type":"Organization","@id":"https:\/\/diarioprincipios.com\/#organization","name":"Principios","url":"https:\/\/diarioprincipios.com\/","logo":{"@type":"ImageObject","inLanguage":"es","@id":"https:\/\/diarioprincipios.com\/#\/schema\/logo\/image\/","url":"https:\/\/diarioprincipios.com\/wp-content\/uploads\/2024\/04\/cropped-www.diarioprincipios.com_-1.png","contentUrl":"https:\/\/diarioprincipios.com\/wp-content\/uploads\/2024\/04\/cropped-www.diarioprincipios.com_-1.png","width":5325,"height":1454,"caption":"Principios"},"image":{"@id":"https:\/\/diarioprincipios.com\/#\/schema\/logo\/image\/"}},{"@type":"Person","@id":"https:\/\/diarioprincipios.com\/#\/schema\/person\/436d5a1fd41a5e250e23ff5a6a7cb080","name":"Hern\u00e1n L\u00f3pez","image":{"@type":"ImageObject","inLanguage":"es","@id":"https:\/\/diarioprincipios.com\/wp-content\/litespeed\/avatar\/11ddfe5610ff3bd100522525b2571f48.jpg?ver=1777048341","url":"https:\/\/diarioprincipios.com\/wp-content\/litespeed\/avatar\/11ddfe5610ff3bd100522525b2571f48.jpg?ver=1777048341","contentUrl":"https:\/\/diarioprincipios.com\/wp-content\/litespeed\/avatar\/11ddfe5610ff3bd100522525b2571f48.jpg?ver=1777048341","caption":"Hern\u00e1n L\u00f3pez"},"url":"https:\/\/diarioprincipios.com\/index.php\/author\/hernan\/"}]}},"jetpack_featured_media_url":"https:\/\/diarioprincipios.com\/wp-content\/uploads\/2020\/04\/TRABAJOS-DE-LEVANTAMIENTO-DE-POSTES-DE-SERVICIOS-CA\u00cdDOS-POR-EFECTO-DEL-TEMPORAL.jpeg","_links":{"self":[{"href":"https:\/\/diarioprincipios.com\/index.php\/wp-json\/wp\/v2\/posts\/1020","targetHints":{"allow":["GET"]}}],"collection":[{"href":"https:\/\/diarioprincipios.com\/index.php\/wp-json\/wp\/v2\/posts"}],"about":[{"href":"https:\/\/diarioprincipios.com\/index.php\/wp-json\/wp\/v2\/types\/post"}],"author":[{"embeddable":true,"href":"https:\/\/diarioprincipios.com\/index.php\/wp-json\/wp\/v2\/users\/2"}],"replies":[{"embeddable":true,"href":"https:\/\/diarioprincipios.com\/index.php\/wp-json\/wp\/v2\/comments?post=1020"}],"version-history":[{"count":1,"href":"https:\/\/diarioprincipios.com\/index.php\/wp-json\/wp\/v2\/posts\/1020\/revisions"}],"predecessor-version":[{"id":1022,"href":"https:\/\/diarioprincipios.com\/index.php\/wp-json\/wp\/v2\/posts\/1020\/revisions\/1022"}],"wp:featuredmedia":[{"embeddable":true,"href":"https:\/\/diarioprincipios.com\/index.php\/wp-json\/wp\/v2\/media\/1021"}],"wp:attachment":[{"href":"https:\/\/diarioprincipios.com\/index.php\/wp-json\/wp\/v2\/media?parent=1020"}],"wp:term":[{"taxonomy":"category","embeddable":true,"href":"https:\/\/diarioprincipios.com\/index.php\/wp-json\/wp\/v2\/categories?post=1020"},{"taxonomy":"post_tag","embeddable":true,"href":"https:\/\/diarioprincipios.com\/index.php\/wp-json\/wp\/v2\/tags?post=1020"}],"curies":[{"name":"wp","href":"https:\/\/api.w.org\/{rel}","templated":true}]}}