{"id":1018,"date":"2020-04-28T18:44:36","date_gmt":"2020-04-28T18:44:36","guid":{"rendered":"http:\/\/diarioprincipios.com\/?p=1018"},"modified":"2020-04-28T18:44:38","modified_gmt":"2020-04-28T18:44:38","slug":"primer-vecino-de-berazategui-que-fallece-de-coronavirus-se-habia-contagiado-en-quilmes","status":"publish","type":"post","link":"https:\/\/diarioprincipios.com\/index.php\/2020\/04\/28\/primer-vecino-de-berazategui-que-fallece-de-coronavirus-se-habia-contagiado-en-quilmes\/","title":{"rendered":"Primer vecino de Berazategui que fallece de Coronavirus, se hab\u00eda contagiado en Quilmes."},"content":{"rendered":"\n<p>A trav\u00e9s de sus redes sociales, el Intendente de Berazategui, doctor Juan Jos\u00e9 Mussi, inform\u00f3 sobre el fallecimiento de un vecino de esta ciudad que se hab\u00eda contagiado de Coronavirus en un Sanatorio de Quilmes.<\/p>\n\n\n\n<p>\u00abLamentablemente debemos comunicar la primera muerte de un vecino de\u00a0<a href=\"https:\/\/www.facebook.com\/hashtag\/berazategui?source=feed_text&amp;epa=HASHTAG&amp;__xts__%5B0%5D=68.ARChOk-_bXxAUDmtZdVinIYDpPpXcsOkI5wv4JqkZAx4aTciZVcCfX2So3LejJUg0oeerA0gn4GriIxlQ6-DHWl-RofCc0ntjUi5YlJ3z0Md1PcmDVAgcAmu3MafK4_olmzDy7G6UWEzpp7ebPoXF2o3b9sED3sl2G7Q_dCt8Yaulufx-MCJ20cxChg068kd45lILvCnYqCVUjbD5aiDWnuevXTaqbe5CKwZc4n_EypGapKlKzhB_gascBye1TFJhCSHDUJdVQbSueHqcTLdHrPocJop6LH7THxkstPIFrpvJr57ruu5MiVLu_LrhAYt4oZZqB73Q9va0amgdgc2uw&amp;__tn__=%2ANK-R\">#Berazategui<\/a>\u00a0por causa de\u00a0<a href=\"https:\/\/www.facebook.com\/hashtag\/coronavirus?source=feed_text&amp;epa=HASHTAG&amp;__xts__%5B0%5D=68.ARChOk-_bXxAUDmtZdVinIYDpPpXcsOkI5wv4JqkZAx4aTciZVcCfX2So3LejJUg0oeerA0gn4GriIxlQ6-DHWl-RofCc0ntjUi5YlJ3z0Md1PcmDVAgcAmu3MafK4_olmzDy7G6UWEzpp7ebPoXF2o3b9sED3sl2G7Q_dCt8Yaulufx-MCJ20cxChg068kd45lILvCnYqCVUjbD5aiDWnuevXTaqbe5CKwZc4n_EypGapKlKzhB_gascBye1TFJhCSHDUJdVQbSueHqcTLdHrPocJop6LH7THxkstPIFrpvJr57ruu5MiVLu_LrhAYt4oZZqB73Q9va0amgdgc2uw&amp;__tn__=%2ANK-R\">#Coronavirus<\/a>. Se trata de un se\u00f1or de 71 a\u00f1os que se encontraba internado en Quilmes, y que en el momento en que contrajo la enfermedad estaba bajo tratamiento de di\u00e1lisis en un Sanatorio de esa misma ciudad, donde tambi\u00e9n otro paciente fue positivo a\u00a0<a href=\"https:\/\/www.facebook.com\/hashtag\/covid19?source=feed_text&amp;epa=HASHTAG&amp;__xts__%5B0%5D=68.ARChOk-_bXxAUDmtZdVinIYDpPpXcsOkI5wv4JqkZAx4aTciZVcCfX2So3LejJUg0oeerA0gn4GriIxlQ6-DHWl-RofCc0ntjUi5YlJ3z0Md1PcmDVAgcAmu3MafK4_olmzDy7G6UWEzpp7ebPoXF2o3b9sED3sl2G7Q_dCt8Yaulufx-MCJ20cxChg068kd45lILvCnYqCVUjbD5aiDWnuevXTaqbe5CKwZc4n_EypGapKlKzhB_gascBye1TFJhCSHDUJdVQbSueHqcTLdHrPocJop6LH7THxkstPIFrpvJr57ruu5MiVLu_LrhAYt4oZZqB73Q9va0amgdgc2uw&amp;__tn__=%2ANK-R\">#Covid19<\/a>\u00ab, escribi\u00f3 Mussi, dando tambi\u00e9n sus condolencias a la familia: \u00abMi m\u00e1s sentido p\u00e9same a su familia, los acompa\u00f1o con todo mi coraz\u00f3n.<br>Y a ustedes, vecinos y vecinas, les pido por favor que se cuiden y se queden en sus casas! Estamos atravesando una pandemia y debemos ser responsables, no solo por uno mismo sino tambi\u00e9n para cuidar a nuestros seres queridos.\u00a0<a href=\"https:\/\/www.facebook.com\/hashtag\/cuidarteescuidarnos?source=feed_text&amp;epa=HASHTAG&amp;__xts__%5B0%5D=68.ARChOk-_bXxAUDmtZdVinIYDpPpXcsOkI5wv4JqkZAx4aTciZVcCfX2So3LejJUg0oeerA0gn4GriIxlQ6-DHWl-RofCc0ntjUi5YlJ3z0Md1PcmDVAgcAmu3MafK4_olmzDy7G6UWEzpp7ebPoXF2o3b9sED3sl2G7Q_dCt8Yaulufx-MCJ20cxChg068kd45lILvCnYqCVUjbD5aiDWnuevXTaqbe5CKwZc4n_EypGapKlKzhB_gascBye1TFJhCSHDUJdVQbSueHqcTLdHrPocJop6LH7THxkstPIFrpvJr57ruu5MiVLu_LrhAYt4oZZqB73Q9va0amgdgc2uw&amp;__tn__=%2ANK-R\">#CuidarteEsCuidarnos<\/a>\u00a0<a href=\"https:\/\/www.facebook.com\/hashtag\/quedateentucasa?source=feed_text&amp;epa=HASHTAG&amp;__xts__%5B0%5D=68.ARChOk-_bXxAUDmtZdVinIYDpPpXcsOkI5wv4JqkZAx4aTciZVcCfX2So3LejJUg0oeerA0gn4GriIxlQ6-DHWl-RofCc0ntjUi5YlJ3z0Md1PcmDVAgcAmu3MafK4_olmzDy7G6UWEzpp7ebPoXF2o3b9sED3sl2G7Q_dCt8Yaulufx-MCJ20cxChg068kd45lILvCnYqCVUjbD5aiDWnuevXTaqbe5CKwZc4n_EypGapKlKzhB_gascBye1TFJhCSHDUJdVQbSueHqcTLdHrPocJop6LH7THxkstPIFrpvJr57ruu5MiVLu_LrhAYt4oZZqB73Q9va0amgdgc2uw&amp;__tn__=%2ANK-R\">#QuedateEnTuCasa<\/a>\u00a0<a href=\"https:\/\/www.facebook.com\/hashtag\/somosresponsables?source=feed_text&amp;epa=HASHTAG&amp;__xts__%5B0%5D=68.ARChOk-_bXxAUDmtZdVinIYDpPpXcsOkI5wv4JqkZAx4aTciZVcCfX2So3LejJUg0oeerA0gn4GriIxlQ6-DHWl-RofCc0ntjUi5YlJ3z0Md1PcmDVAgcAmu3MafK4_olmzDy7G6UWEzpp7ebPoXF2o3b9sED3sl2G7Q_dCt8Yaulufx-MCJ20cxChg068kd45lILvCnYqCVUjbD5aiDWnuevXTaqbe5CKwZc4n_EypGapKlKzhB_gascBye1TFJhCSHDUJdVQbSueHqcTLdHrPocJop6LH7THxkstPIFrpvJr57ruu5MiVLu_LrhAYt4oZZqB73Q9va0amgdgc2uw&amp;__tn__=%2ANK-R\">#SomosResponsables<\/a>\u00ab.<\/p>\n","protected":false},"excerpt":{"rendered":"<p>A trav\u00e9s de sus redes sociales, el Intendente de Berazategui, doctor Juan Jos\u00e9 Mussi, inform\u00f3 sobre el fallecimiento de un vecino de esta ciudad que se hab\u00eda contagiado de Coronavirus en un Sanatorio de Quilmes. \u00abLamentablemente debemos comunicar la primera muerte de un vecino de\u00a0#Berazategui\u00a0por causa de\u00a0#Coronavirus. Se trata de un se\u00f1or de 71 a\u00f1os&#8230;<\/p>\n","protected":false},"author":2,"featured_media":602,"comment_status":"open","ping_status":"open","sticky":false,"template":"","format":"standard","meta":{"footnotes":""},"categories":[3],"tags":[],"class_list":["post-1018","post","type-post","status-publish","format-standard","has-post-thumbnail","hentry","category-berazategui"],"featured_image_src":"https:\/\/diarioprincipios.com\/wp-content\/uploads\/2020\/04\/una-vacuna-para-el-nuevo-coronavirus-de-china-esta-en-proceso.jpg","blog_images":{"medium":"https:\/\/diarioprincipios.com\/wp-content\/uploads\/2020\/04\/una-vacuna-para-el-nuevo-coronavirus-de-china-esta-en-proceso-300x225.jpg","large":"https:\/\/diarioprincipios.com\/wp-content\/uploads\/2020\/04\/una-vacuna-para-el-nuevo-coronavirus-de-china-esta-en-proceso.jpg"},"ams_acf":[],"yoast_head":"<!-- This site is optimized with the Yoast SEO plugin v27.3 - https:\/\/yoast.com\/product\/yoast-seo-wordpress\/ -->\n<title>Primer vecino de Berazategui que fallece de Coronavirus, se hab\u00eda contagiado en Quilmes. - Principios<\/title>\n<meta name=\"robots\" content=\"index, follow, max-snippet:-1, max-image-preview:large, max-video-preview:-1\" \/>\n<link rel=\"canonical\" href=\"https:\/\/diarioprincipios.com\/index.php\/2020\/04\/28\/primer-vecino-de-berazategui-que-fallece-de-coronavirus-se-habia-contagiado-en-quilmes\/\" \/>\n<meta property=\"og:locale\" content=\"es_ES\" \/>\n<meta property=\"og:type\" content=\"article\" \/>\n<meta property=\"og:title\" content=\"Primer vecino de Berazategui que fallece de Coronavirus, se hab\u00eda contagiado en Quilmes. - Principios\" \/>\n<meta property=\"og:description\" content=\"A trav\u00e9s de sus redes sociales, el Intendente de Berazategui, doctor Juan Jos\u00e9 Mussi, inform\u00f3 sobre el fallecimiento de un vecino de esta ciudad que se hab\u00eda contagiado de Coronavirus en un Sanatorio de Quilmes. \u00abLamentablemente debemos comunicar la primera muerte de un vecino de\u00a0#Berazategui\u00a0por causa de\u00a0#Coronavirus. Se trata de un se\u00f1or de 71 a\u00f1os...\" \/>\n<meta property=\"og:url\" content=\"https:\/\/diarioprincipios.com\/index.php\/2020\/04\/28\/primer-vecino-de-berazategui-que-fallece-de-coronavirus-se-habia-contagiado-en-quilmes\/\" \/>\n<meta property=\"og:site_name\" content=\"Principios\" \/>\n<meta property=\"article:published_time\" content=\"2020-04-28T18:44:36+00:00\" \/>\n<meta property=\"article:modified_time\" content=\"2020-04-28T18:44:38+00:00\" \/>\n<meta property=\"og:image\" content=\"https:\/\/diarioprincipios.com\/wp-content\/uploads\/2020\/04\/una-vacuna-para-el-nuevo-coronavirus-de-china-esta-en-proceso.jpg\" \/>\n\t<meta property=\"og:image:width\" content=\"822\" \/>\n\t<meta property=\"og:image:height\" content=\"617\" \/>\n\t<meta property=\"og:image:type\" content=\"image\/jpeg\" \/>\n<meta name=\"author\" content=\"Hern\u00e1n L\u00f3pez\" \/>\n<meta name=\"twitter:card\" content=\"summary_large_image\" \/>\n<meta name=\"twitter:label1\" content=\"Escrito por\" \/>\n\t<meta name=\"twitter:data1\" content=\"Hern\u00e1n L\u00f3pez\" \/>\n\t<meta name=\"twitter:label2\" content=\"Tiempo de lectura\" \/>\n\t<meta name=\"twitter:data2\" content=\"1 minuto\" \/>\n<script type=\"application\/ld+json\" class=\"yoast-schema-graph\">{\"@context\":\"https:\\\/\\\/schema.org\",\"@graph\":[{\"@type\":\"Article\",\"@id\":\"https:\\\/\\\/diarioprincipios.com\\\/index.php\\\/2020\\\/04\\\/28\\\/primer-vecino-de-berazategui-que-fallece-de-coronavirus-se-habia-contagiado-en-quilmes\\\/#article\",\"isPartOf\":{\"@id\":\"https:\\\/\\\/diarioprincipios.com\\\/index.php\\\/2020\\\/04\\\/28\\\/primer-vecino-de-berazategui-que-fallece-de-coronavirus-se-habia-contagiado-en-quilmes\\\/\"},\"author\":{\"name\":\"Hern\u00e1n L\u00f3pez\",\"@id\":\"https:\\\/\\\/diarioprincipios.com\\\/#\\\/schema\\\/person\\\/436d5a1fd41a5e250e23ff5a6a7cb080\"},\"headline\":\"Primer vecino de Berazategui que fallece de Coronavirus, se hab\u00eda contagiado en Quilmes.\",\"datePublished\":\"2020-04-28T18:44:36+00:00\",\"dateModified\":\"2020-04-28T18:44:38+00:00\",\"mainEntityOfPage\":{\"@id\":\"https:\\\/\\\/diarioprincipios.com\\\/index.php\\\/2020\\\/04\\\/28\\\/primer-vecino-de-berazategui-que-fallece-de-coronavirus-se-habia-contagiado-en-quilmes\\\/\"},\"wordCount\":184,\"commentCount\":0,\"publisher\":{\"@id\":\"https:\\\/\\\/diarioprincipios.com\\\/#organization\"},\"image\":{\"@id\":\"https:\\\/\\\/diarioprincipios.com\\\/index.php\\\/2020\\\/04\\\/28\\\/primer-vecino-de-berazategui-que-fallece-de-coronavirus-se-habia-contagiado-en-quilmes\\\/#primaryimage\"},\"thumbnailUrl\":\"https:\\\/\\\/diarioprincipios.com\\\/wp-content\\\/uploads\\\/2020\\\/04\\\/una-vacuna-para-el-nuevo-coronavirus-de-china-esta-en-proceso.jpg\",\"articleSection\":[\"Berazategui\"],\"inLanguage\":\"es\",\"potentialAction\":[{\"@type\":\"CommentAction\",\"name\":\"Comment\",\"target\":[\"https:\\\/\\\/diarioprincipios.com\\\/index.php\\\/2020\\\/04\\\/28\\\/primer-vecino-de-berazategui-que-fallece-de-coronavirus-se-habia-contagiado-en-quilmes\\\/#respond\"]}]},{\"@type\":\"WebPage\",\"@id\":\"https:\\\/\\\/diarioprincipios.com\\\/index.php\\\/2020\\\/04\\\/28\\\/primer-vecino-de-berazategui-que-fallece-de-coronavirus-se-habia-contagiado-en-quilmes\\\/\",\"url\":\"https:\\\/\\\/diarioprincipios.com\\\/index.php\\\/2020\\\/04\\\/28\\\/primer-vecino-de-berazategui-que-fallece-de-coronavirus-se-habia-contagiado-en-quilmes\\\/\",\"name\":\"Primer vecino de Berazategui que fallece de Coronavirus, se hab\u00eda contagiado en Quilmes. - Principios\",\"isPartOf\":{\"@id\":\"https:\\\/\\\/diarioprincipios.com\\\/#website\"},\"primaryImageOfPage\":{\"@id\":\"https:\\\/\\\/diarioprincipios.com\\\/index.php\\\/2020\\\/04\\\/28\\\/primer-vecino-de-berazategui-que-fallece-de-coronavirus-se-habia-contagiado-en-quilmes\\\/#primaryimage\"},\"image\":{\"@id\":\"https:\\\/\\\/diarioprincipios.com\\\/index.php\\\/2020\\\/04\\\/28\\\/primer-vecino-de-berazategui-que-fallece-de-coronavirus-se-habia-contagiado-en-quilmes\\\/#primaryimage\"},\"thumbnailUrl\":\"https:\\\/\\\/diarioprincipios.com\\\/wp-content\\\/uploads\\\/2020\\\/04\\\/una-vacuna-para-el-nuevo-coronavirus-de-china-esta-en-proceso.jpg\",\"datePublished\":\"2020-04-28T18:44:36+00:00\",\"dateModified\":\"2020-04-28T18:44:38+00:00\",\"breadcrumb\":{\"@id\":\"https:\\\/\\\/diarioprincipios.com\\\/index.php\\\/2020\\\/04\\\/28\\\/primer-vecino-de-berazategui-que-fallece-de-coronavirus-se-habia-contagiado-en-quilmes\\\/#breadcrumb\"},\"inLanguage\":\"es\",\"potentialAction\":[{\"@type\":\"ReadAction\",\"target\":[\"https:\\\/\\\/diarioprincipios.com\\\/index.php\\\/2020\\\/04\\\/28\\\/primer-vecino-de-berazategui-que-fallece-de-coronavirus-se-habia-contagiado-en-quilmes\\\/\"]}]},{\"@type\":\"ImageObject\",\"inLanguage\":\"es\",\"@id\":\"https:\\\/\\\/diarioprincipios.com\\\/index.php\\\/2020\\\/04\\\/28\\\/primer-vecino-de-berazategui-que-fallece-de-coronavirus-se-habia-contagiado-en-quilmes\\\/#primaryimage\",\"url\":\"https:\\\/\\\/diarioprincipios.com\\\/wp-content\\\/uploads\\\/2020\\\/04\\\/una-vacuna-para-el-nuevo-coronavirus-de-china-esta-en-proceso.jpg\",\"contentUrl\":\"https:\\\/\\\/diarioprincipios.com\\\/wp-content\\\/uploads\\\/2020\\\/04\\\/una-vacuna-para-el-nuevo-coronavirus-de-china-esta-en-proceso.jpg\",\"width\":822,\"height\":617},{\"@type\":\"BreadcrumbList\",\"@id\":\"https:\\\/\\\/diarioprincipios.com\\\/index.php\\\/2020\\\/04\\\/28\\\/primer-vecino-de-berazategui-que-fallece-de-coronavirus-se-habia-contagiado-en-quilmes\\\/#breadcrumb\",\"itemListElement\":[{\"@type\":\"ListItem\",\"position\":1,\"name\":\"Portada\",\"item\":\"https:\\\/\\\/diarioprincipios.com\\\/\"},{\"@type\":\"ListItem\",\"position\":2,\"name\":\"Primer vecino de Berazategui que fallece de Coronavirus, se hab\u00eda contagiado en Quilmes.\"}]},{\"@type\":\"WebSite\",\"@id\":\"https:\\\/\\\/diarioprincipios.com\\\/#website\",\"url\":\"https:\\\/\\\/diarioprincipios.com\\\/\",\"name\":\"Principios\",\"description\":\"Principios Diario\",\"publisher\":{\"@id\":\"https:\\\/\\\/diarioprincipios.com\\\/#organization\"},\"potentialAction\":[{\"@type\":\"SearchAction\",\"target\":{\"@type\":\"EntryPoint\",\"urlTemplate\":\"https:\\\/\\\/diarioprincipios.com\\\/?s={search_term_string}\"},\"query-input\":{\"@type\":\"PropertyValueSpecification\",\"valueRequired\":true,\"valueName\":\"search_term_string\"}}],\"inLanguage\":\"es\"},{\"@type\":\"Organization\",\"@id\":\"https:\\\/\\\/diarioprincipios.com\\\/#organization\",\"name\":\"Principios\",\"url\":\"https:\\\/\\\/diarioprincipios.com\\\/\",\"logo\":{\"@type\":\"ImageObject\",\"inLanguage\":\"es\",\"@id\":\"https:\\\/\\\/diarioprincipios.com\\\/#\\\/schema\\\/logo\\\/image\\\/\",\"url\":\"https:\\\/\\\/diarioprincipios.com\\\/wp-content\\\/uploads\\\/2024\\\/04\\\/cropped-www.diarioprincipios.com_-1.png\",\"contentUrl\":\"https:\\\/\\\/diarioprincipios.com\\\/wp-content\\\/uploads\\\/2024\\\/04\\\/cropped-www.diarioprincipios.com_-1.png\",\"width\":5325,\"height\":1454,\"caption\":\"Principios\"},\"image\":{\"@id\":\"https:\\\/\\\/diarioprincipios.com\\\/#\\\/schema\\\/logo\\\/image\\\/\"}},{\"@type\":\"Person\",\"@id\":\"https:\\\/\\\/diarioprincipios.com\\\/#\\\/schema\\\/person\\\/436d5a1fd41a5e250e23ff5a6a7cb080\",\"name\":\"Hern\u00e1n L\u00f3pez\",\"image\":{\"@type\":\"ImageObject\",\"inLanguage\":\"es\",\"@id\":\"https:\\\/\\\/diarioprincipios.com\\\/wp-content\\\/litespeed\\\/avatar\\\/11ddfe5610ff3bd100522525b2571f48.jpg?ver=1777048341\",\"url\":\"https:\\\/\\\/diarioprincipios.com\\\/wp-content\\\/litespeed\\\/avatar\\\/11ddfe5610ff3bd100522525b2571f48.jpg?ver=1777048341\",\"contentUrl\":\"https:\\\/\\\/diarioprincipios.com\\\/wp-content\\\/litespeed\\\/avatar\\\/11ddfe5610ff3bd100522525b2571f48.jpg?ver=1777048341\",\"caption\":\"Hern\u00e1n L\u00f3pez\"},\"url\":\"https:\\\/\\\/diarioprincipios.com\\\/index.php\\\/author\\\/hernan\\\/\"}]}<\/script>\n<!-- \/ Yoast SEO plugin. -->","yoast_head_json":{"title":"Primer vecino de Berazategui que fallece de Coronavirus, se hab\u00eda contagiado en Quilmes. - Principios","robots":{"index":"index","follow":"follow","max-snippet":"max-snippet:-1","max-image-preview":"max-image-preview:large","max-video-preview":"max-video-preview:-1"},"canonical":"https:\/\/diarioprincipios.com\/index.php\/2020\/04\/28\/primer-vecino-de-berazategui-que-fallece-de-coronavirus-se-habia-contagiado-en-quilmes\/","og_locale":"es_ES","og_type":"article","og_title":"Primer vecino de Berazategui que fallece de Coronavirus, se hab\u00eda contagiado en Quilmes. - Principios","og_description":"A trav\u00e9s de sus redes sociales, el Intendente de Berazategui, doctor Juan Jos\u00e9 Mussi, inform\u00f3 sobre el fallecimiento de un vecino de esta ciudad que se hab\u00eda contagiado de Coronavirus en un Sanatorio de Quilmes. \u00abLamentablemente debemos comunicar la primera muerte de un vecino de\u00a0#Berazategui\u00a0por causa de\u00a0#Coronavirus. Se trata de un se\u00f1or de 71 a\u00f1os...","og_url":"https:\/\/diarioprincipios.com\/index.php\/2020\/04\/28\/primer-vecino-de-berazategui-que-fallece-de-coronavirus-se-habia-contagiado-en-quilmes\/","og_site_name":"Principios","article_published_time":"2020-04-28T18:44:36+00:00","article_modified_time":"2020-04-28T18:44:38+00:00","og_image":[{"width":822,"height":617,"url":"https:\/\/diarioprincipios.com\/wp-content\/uploads\/2020\/04\/una-vacuna-para-el-nuevo-coronavirus-de-china-esta-en-proceso.jpg","type":"image\/jpeg"}],"author":"Hern\u00e1n L\u00f3pez","twitter_card":"summary_large_image","twitter_misc":{"Escrito por":"Hern\u00e1n L\u00f3pez","Tiempo de lectura":"1 minuto"},"schema":{"@context":"https:\/\/schema.org","@graph":[{"@type":"Article","@id":"https:\/\/diarioprincipios.com\/index.php\/2020\/04\/28\/primer-vecino-de-berazategui-que-fallece-de-coronavirus-se-habia-contagiado-en-quilmes\/#article","isPartOf":{"@id":"https:\/\/diarioprincipios.com\/index.php\/2020\/04\/28\/primer-vecino-de-berazategui-que-fallece-de-coronavirus-se-habia-contagiado-en-quilmes\/"},"author":{"name":"Hern\u00e1n L\u00f3pez","@id":"https:\/\/diarioprincipios.com\/#\/schema\/person\/436d5a1fd41a5e250e23ff5a6a7cb080"},"headline":"Primer vecino de Berazategui que fallece de Coronavirus, se hab\u00eda contagiado en Quilmes.","datePublished":"2020-04-28T18:44:36+00:00","dateModified":"2020-04-28T18:44:38+00:00","mainEntityOfPage":{"@id":"https:\/\/diarioprincipios.com\/index.php\/2020\/04\/28\/primer-vecino-de-berazategui-que-fallece-de-coronavirus-se-habia-contagiado-en-quilmes\/"},"wordCount":184,"commentCount":0,"publisher":{"@id":"https:\/\/diarioprincipios.com\/#organization"},"image":{"@id":"https:\/\/diarioprincipios.com\/index.php\/2020\/04\/28\/primer-vecino-de-berazategui-que-fallece-de-coronavirus-se-habia-contagiado-en-quilmes\/#primaryimage"},"thumbnailUrl":"https:\/\/diarioprincipios.com\/wp-content\/uploads\/2020\/04\/una-vacuna-para-el-nuevo-coronavirus-de-china-esta-en-proceso.jpg","articleSection":["Berazategui"],"inLanguage":"es","potentialAction":[{"@type":"CommentAction","name":"Comment","target":["https:\/\/diarioprincipios.com\/index.php\/2020\/04\/28\/primer-vecino-de-berazategui-que-fallece-de-coronavirus-se-habia-contagiado-en-quilmes\/#respond"]}]},{"@type":"WebPage","@id":"https:\/\/diarioprincipios.com\/index.php\/2020\/04\/28\/primer-vecino-de-berazategui-que-fallece-de-coronavirus-se-habia-contagiado-en-quilmes\/","url":"https:\/\/diarioprincipios.com\/index.php\/2020\/04\/28\/primer-vecino-de-berazategui-que-fallece-de-coronavirus-se-habia-contagiado-en-quilmes\/","name":"Primer vecino de Berazategui que fallece de Coronavirus, se hab\u00eda contagiado en Quilmes. - Principios","isPartOf":{"@id":"https:\/\/diarioprincipios.com\/#website"},"primaryImageOfPage":{"@id":"https:\/\/diarioprincipios.com\/index.php\/2020\/04\/28\/primer-vecino-de-berazategui-que-fallece-de-coronavirus-se-habia-contagiado-en-quilmes\/#primaryimage"},"image":{"@id":"https:\/\/diarioprincipios.com\/index.php\/2020\/04\/28\/primer-vecino-de-berazategui-que-fallece-de-coronavirus-se-habia-contagiado-en-quilmes\/#primaryimage"},"thumbnailUrl":"https:\/\/diarioprincipios.com\/wp-content\/uploads\/2020\/04\/una-vacuna-para-el-nuevo-coronavirus-de-china-esta-en-proceso.jpg","datePublished":"2020-04-28T18:44:36+00:00","dateModified":"2020-04-28T18:44:38+00:00","breadcrumb":{"@id":"https:\/\/diarioprincipios.com\/index.php\/2020\/04\/28\/primer-vecino-de-berazategui-que-fallece-de-coronavirus-se-habia-contagiado-en-quilmes\/#breadcrumb"},"inLanguage":"es","potentialAction":[{"@type":"ReadAction","target":["https:\/\/diarioprincipios.com\/index.php\/2020\/04\/28\/primer-vecino-de-berazategui-que-fallece-de-coronavirus-se-habia-contagiado-en-quilmes\/"]}]},{"@type":"ImageObject","inLanguage":"es","@id":"https:\/\/diarioprincipios.com\/index.php\/2020\/04\/28\/primer-vecino-de-berazategui-que-fallece-de-coronavirus-se-habia-contagiado-en-quilmes\/#primaryimage","url":"https:\/\/diarioprincipios.com\/wp-content\/uploads\/2020\/04\/una-vacuna-para-el-nuevo-coronavirus-de-china-esta-en-proceso.jpg","contentUrl":"https:\/\/diarioprincipios.com\/wp-content\/uploads\/2020\/04\/una-vacuna-para-el-nuevo-coronavirus-de-china-esta-en-proceso.jpg","width":822,"height":617},{"@type":"BreadcrumbList","@id":"https:\/\/diarioprincipios.com\/index.php\/2020\/04\/28\/primer-vecino-de-berazategui-que-fallece-de-coronavirus-se-habia-contagiado-en-quilmes\/#breadcrumb","itemListElement":[{"@type":"ListItem","position":1,"name":"Portada","item":"https:\/\/diarioprincipios.com\/"},{"@type":"ListItem","position":2,"name":"Primer vecino de Berazategui que fallece de Coronavirus, se hab\u00eda contagiado en Quilmes."}]},{"@type":"WebSite","@id":"https:\/\/diarioprincipios.com\/#website","url":"https:\/\/diarioprincipios.com\/","name":"Principios","description":"Principios Diario","publisher":{"@id":"https:\/\/diarioprincipios.com\/#organization"},"potentialAction":[{"@type":"SearchAction","target":{"@type":"EntryPoint","urlTemplate":"https:\/\/diarioprincipios.com\/?s={search_term_string}"},"query-input":{"@type":"PropertyValueSpecification","valueRequired":true,"valueName":"search_term_string"}}],"inLanguage":"es"},{"@type":"Organization","@id":"https:\/\/diarioprincipios.com\/#organization","name":"Principios","url":"https:\/\/diarioprincipios.com\/","logo":{"@type":"ImageObject","inLanguage":"es","@id":"https:\/\/diarioprincipios.com\/#\/schema\/logo\/image\/","url":"https:\/\/diarioprincipios.com\/wp-content\/uploads\/2024\/04\/cropped-www.diarioprincipios.com_-1.png","contentUrl":"https:\/\/diarioprincipios.com\/wp-content\/uploads\/2024\/04\/cropped-www.diarioprincipios.com_-1.png","width":5325,"height":1454,"caption":"Principios"},"image":{"@id":"https:\/\/diarioprincipios.com\/#\/schema\/logo\/image\/"}},{"@type":"Person","@id":"https:\/\/diarioprincipios.com\/#\/schema\/person\/436d5a1fd41a5e250e23ff5a6a7cb080","name":"Hern\u00e1n L\u00f3pez","image":{"@type":"ImageObject","inLanguage":"es","@id":"https:\/\/diarioprincipios.com\/wp-content\/litespeed\/avatar\/11ddfe5610ff3bd100522525b2571f48.jpg?ver=1777048341","url":"https:\/\/diarioprincipios.com\/wp-content\/litespeed\/avatar\/11ddfe5610ff3bd100522525b2571f48.jpg?ver=1777048341","contentUrl":"https:\/\/diarioprincipios.com\/wp-content\/litespeed\/avatar\/11ddfe5610ff3bd100522525b2571f48.jpg?ver=1777048341","caption":"Hern\u00e1n L\u00f3pez"},"url":"https:\/\/diarioprincipios.com\/index.php\/author\/hernan\/"}]}},"jetpack_featured_media_url":"https:\/\/diarioprincipios.com\/wp-content\/uploads\/2020\/04\/una-vacuna-para-el-nuevo-coronavirus-de-china-esta-en-proceso.jpg","_links":{"self":[{"href":"https:\/\/diarioprincipios.com\/index.php\/wp-json\/wp\/v2\/posts\/1018","targetHints":{"allow":["GET"]}}],"collection":[{"href":"https:\/\/diarioprincipios.com\/index.php\/wp-json\/wp\/v2\/posts"}],"about":[{"href":"https:\/\/diarioprincipios.com\/index.php\/wp-json\/wp\/v2\/types\/post"}],"author":[{"embeddable":true,"href":"https:\/\/diarioprincipios.com\/index.php\/wp-json\/wp\/v2\/users\/2"}],"replies":[{"embeddable":true,"href":"https:\/\/diarioprincipios.com\/index.php\/wp-json\/wp\/v2\/comments?post=1018"}],"version-history":[{"count":1,"href":"https:\/\/diarioprincipios.com\/index.php\/wp-json\/wp\/v2\/posts\/1018\/revisions"}],"predecessor-version":[{"id":1019,"href":"https:\/\/diarioprincipios.com\/index.php\/wp-json\/wp\/v2\/posts\/1018\/revisions\/1019"}],"wp:featuredmedia":[{"embeddable":true,"href":"https:\/\/diarioprincipios.com\/index.php\/wp-json\/wp\/v2\/media\/602"}],"wp:attachment":[{"href":"https:\/\/diarioprincipios.com\/index.php\/wp-json\/wp\/v2\/media?parent=1018"}],"wp:term":[{"taxonomy":"category","embeddable":true,"href":"https:\/\/diarioprincipios.com\/index.php\/wp-json\/wp\/v2\/categories?post=1018"},{"taxonomy":"post_tag","embeddable":true,"href":"https:\/\/diarioprincipios.com\/index.php\/wp-json\/wp\/v2\/tags?post=1018"}],"curies":[{"name":"wp","href":"https:\/\/api.w.org\/{rel}","templated":true}]}}