{"id":1015,"date":"2020-04-28T18:33:41","date_gmt":"2020-04-28T18:33:41","guid":{"rendered":"http:\/\/diarioprincipios.com\/?p=1015"},"modified":"2020-04-28T18:33:43","modified_gmt":"2020-04-28T18:33:43","slug":"estudiantes-secundarios-de-avellaneda-recibiran-netbooks","status":"publish","type":"post","link":"https:\/\/diarioprincipios.com\/index.php\/2020\/04\/28\/estudiantes-secundarios-de-avellaneda-recibiran-netbooks\/","title":{"rendered":"Estudiantes Secundarios de Avellaneda recibir\u00e1n Netbooks"},"content":{"rendered":"\n<p><\/p>\n\n\n\n<p>El intendente Ferraresi firm\u00f3 el convenio con el ministro Nicol\u00e1s Trotta, para la entrega de estos dispositivos que facilitan el acceso tecnol\u00f3gico y la educaci\u00f3n de los j\u00f3venes.<\/p>\n\n\n\n<p>El intendente de Avellaneda, Jorge Ferraresi, suscribi\u00f3 ayer el convenio para que los alumnos secundarios de Avellaneda reciban netbooks y tablets que el Gobierno Nacional recuper\u00f3 y restaur\u00f3, destinadas a achicar la brecha digital durante esta crisis sanitaria.<\/p>\n\n\n\n<p>El Ministerio de Educaci\u00f3n establecer\u00e1 y coordinar\u00e1 en esta etapa con los municipios de la 3ra. Secci\u00f3n Electoral, la asignaci\u00f3n y distribuci\u00f3n de los materiales tecnol\u00f3gicos a las alumnas y alumnos del primer a\u00f1o del ciclo superior del nivel secundario de instituciones educativas de gesti\u00f3n estatal, asegurando que cada establecimiento seleccionado cubra al total de los alumnos de primer a\u00f1o,\u00a0a los efectos de lograr la continuidad pedag\u00f3gica con herramientas homog\u00e9neas y que las computadoras acompa\u00f1en la trayectoria educativa de los a\u00f1os siguientes.<\/p>\n\n\n\n<p>Los softwares de las netbooks fueron actualizados para que puedan usar la plataforma digital Seguimos Educando, una de las herramientas creadas desde el Estado Nacional para sostener la continuidad pedag\u00f3gica durante la pandemia. Estos equipos, encontrados en febrero del corriente a\u00f1o en un dep\u00f3sito de Correo Argentino, fueron readecuados para que puedan acompa\u00f1ar la educaci\u00f3n a distancia.<\/p>\n\n\n\n<p>&nbsp;\u201cSuscribimos convenios para comenzar la entrega de computadoras. En esta primera etapa, vamos a distribuir 135 mil entre netbooks y tablets, destinadas para municipios del conurbano bonaerense y para 10 provincias del norte, las zonas del pa\u00eds donde hay m\u00e1s estudiantes secundarios sin acceso a este tipo de tecnolog\u00edas\u201d, asegur\u00f3 Trotta y resalt\u00f3: \u201cHay que lograr que esta crisis nos permita fortalecer la mirada colectiva, resignificar el rol del Estado Nacional para alcanzar una sociedad m\u00e1s justa; acceder a libros y tecnolog\u00eda es un acto de ciudadan\u00eda\u201d.<\/p>\n\n\n\n<p>Participaron de la firma: la Directora General de Cultura y Educaci\u00f3n de la provincia de Buenos Aires, Agustina Vila, los intendentes Mart\u00edn Insaurralde de Lomas de Zamora, Fernando Espinoza de La Matanza, Juan Jos\u00e9 Mussi de Berazategui, Fabi\u00e1n Cagliardi de Berisso, Mario Secco de Ensenada, Gast\u00f3n Granados de Ezeiza, Andr\u00e9s Watson de Florencio Varela, N\u00e9stor Grindetti de Lan\u00fas, Blanca Cantero de Presidente Per\u00f3n, Mariano Cascallares de Almirante Brown, Mayra Mendoza de Quilmes y Nicol\u00e1s Mantegazza por San Vicente.<\/p>\n","protected":false},"excerpt":{"rendered":"<p>El intendente Ferraresi firm\u00f3 el convenio con el ministro Nicol\u00e1s Trotta, para la entrega de estos dispositivos que facilitan el acceso tecnol\u00f3gico y la educaci\u00f3n de los j\u00f3venes. El intendente de Avellaneda, Jorge Ferraresi, suscribi\u00f3 ayer el convenio para que los alumnos secundarios de Avellaneda reciban netbooks y tablets que el Gobierno Nacional recuper\u00f3 y&#8230;<\/p>\n","protected":false},"author":2,"featured_media":1016,"comment_status":"open","ping_status":"open","sticky":false,"template":"","format":"standard","meta":{"footnotes":""},"categories":[5],"tags":[],"class_list":["post-1015","post","type-post","status-publish","format-standard","has-post-thumbnail","hentry","category-avellaneda"],"featured_image_src":"https:\/\/diarioprincipios.com\/wp-content\/uploads\/2020\/04\/b5a494d6-158e-4825-9d4b-25eba1770be4-1024x579.jpg","blog_images":{"medium":"https:\/\/diarioprincipios.com\/wp-content\/uploads\/2020\/04\/b5a494d6-158e-4825-9d4b-25eba1770be4-300x170.jpg","large":"https:\/\/diarioprincipios.com\/wp-content\/uploads\/2020\/04\/b5a494d6-158e-4825-9d4b-25eba1770be4-1024x579.jpg"},"ams_acf":[],"yoast_head":"<!-- This site is optimized with the Yoast SEO plugin v27.3 - https:\/\/yoast.com\/product\/yoast-seo-wordpress\/ -->\n<title>Estudiantes Secundarios de Avellaneda recibir\u00e1n Netbooks - Principios<\/title>\n<meta name=\"robots\" content=\"index, follow, max-snippet:-1, max-image-preview:large, max-video-preview:-1\" \/>\n<link rel=\"canonical\" href=\"https:\/\/diarioprincipios.com\/index.php\/2020\/04\/28\/estudiantes-secundarios-de-avellaneda-recibiran-netbooks\/\" \/>\n<meta property=\"og:locale\" content=\"es_ES\" \/>\n<meta property=\"og:type\" content=\"article\" \/>\n<meta property=\"og:title\" content=\"Estudiantes Secundarios de Avellaneda recibir\u00e1n Netbooks - Principios\" \/>\n<meta property=\"og:description\" content=\"El intendente Ferraresi firm\u00f3 el convenio con el ministro Nicol\u00e1s Trotta, para la entrega de estos dispositivos que facilitan el acceso tecnol\u00f3gico y la educaci\u00f3n de los j\u00f3venes. El intendente de Avellaneda, Jorge Ferraresi, suscribi\u00f3 ayer el convenio para que los alumnos secundarios de Avellaneda reciban netbooks y tablets que el Gobierno Nacional recuper\u00f3 y...\" \/>\n<meta property=\"og:url\" content=\"https:\/\/diarioprincipios.com\/index.php\/2020\/04\/28\/estudiantes-secundarios-de-avellaneda-recibiran-netbooks\/\" \/>\n<meta property=\"og:site_name\" content=\"Principios\" \/>\n<meta property=\"article:published_time\" content=\"2020-04-28T18:33:41+00:00\" \/>\n<meta property=\"article:modified_time\" content=\"2020-04-28T18:33:43+00:00\" \/>\n<meta property=\"og:image\" content=\"https:\/\/diarioprincipios.com\/wp-content\/uploads\/2020\/04\/b5a494d6-158e-4825-9d4b-25eba1770be4.jpg\" \/>\n\t<meta property=\"og:image:width\" content=\"1128\" \/>\n\t<meta property=\"og:image:height\" content=\"638\" \/>\n\t<meta property=\"og:image:type\" content=\"image\/jpeg\" \/>\n<meta name=\"author\" content=\"Hern\u00e1n L\u00f3pez\" \/>\n<meta name=\"twitter:card\" content=\"summary_large_image\" \/>\n<meta name=\"twitter:label1\" content=\"Escrito por\" \/>\n\t<meta name=\"twitter:data1\" content=\"Hern\u00e1n L\u00f3pez\" \/>\n\t<meta name=\"twitter:label2\" content=\"Tiempo de lectura\" \/>\n\t<meta name=\"twitter:data2\" content=\"2 minutos\" \/>\n<script type=\"application\/ld+json\" class=\"yoast-schema-graph\">{\"@context\":\"https:\\\/\\\/schema.org\",\"@graph\":[{\"@type\":\"Article\",\"@id\":\"https:\\\/\\\/diarioprincipios.com\\\/index.php\\\/2020\\\/04\\\/28\\\/estudiantes-secundarios-de-avellaneda-recibiran-netbooks\\\/#article\",\"isPartOf\":{\"@id\":\"https:\\\/\\\/diarioprincipios.com\\\/index.php\\\/2020\\\/04\\\/28\\\/estudiantes-secundarios-de-avellaneda-recibiran-netbooks\\\/\"},\"author\":{\"name\":\"Hern\u00e1n L\u00f3pez\",\"@id\":\"https:\\\/\\\/diarioprincipios.com\\\/#\\\/schema\\\/person\\\/436d5a1fd41a5e250e23ff5a6a7cb080\"},\"headline\":\"Estudiantes Secundarios de Avellaneda recibir\u00e1n Netbooks\",\"datePublished\":\"2020-04-28T18:33:41+00:00\",\"dateModified\":\"2020-04-28T18:33:43+00:00\",\"mainEntityOfPage\":{\"@id\":\"https:\\\/\\\/diarioprincipios.com\\\/index.php\\\/2020\\\/04\\\/28\\\/estudiantes-secundarios-de-avellaneda-recibiran-netbooks\\\/\"},\"wordCount\":413,\"commentCount\":0,\"publisher\":{\"@id\":\"https:\\\/\\\/diarioprincipios.com\\\/#organization\"},\"image\":{\"@id\":\"https:\\\/\\\/diarioprincipios.com\\\/index.php\\\/2020\\\/04\\\/28\\\/estudiantes-secundarios-de-avellaneda-recibiran-netbooks\\\/#primaryimage\"},\"thumbnailUrl\":\"https:\\\/\\\/diarioprincipios.com\\\/wp-content\\\/uploads\\\/2020\\\/04\\\/b5a494d6-158e-4825-9d4b-25eba1770be4.jpg\",\"articleSection\":[\"Avellaneda\"],\"inLanguage\":\"es\",\"potentialAction\":[{\"@type\":\"CommentAction\",\"name\":\"Comment\",\"target\":[\"https:\\\/\\\/diarioprincipios.com\\\/index.php\\\/2020\\\/04\\\/28\\\/estudiantes-secundarios-de-avellaneda-recibiran-netbooks\\\/#respond\"]}]},{\"@type\":\"WebPage\",\"@id\":\"https:\\\/\\\/diarioprincipios.com\\\/index.php\\\/2020\\\/04\\\/28\\\/estudiantes-secundarios-de-avellaneda-recibiran-netbooks\\\/\",\"url\":\"https:\\\/\\\/diarioprincipios.com\\\/index.php\\\/2020\\\/04\\\/28\\\/estudiantes-secundarios-de-avellaneda-recibiran-netbooks\\\/\",\"name\":\"Estudiantes Secundarios de Avellaneda recibir\u00e1n Netbooks - Principios\",\"isPartOf\":{\"@id\":\"https:\\\/\\\/diarioprincipios.com\\\/#website\"},\"primaryImageOfPage\":{\"@id\":\"https:\\\/\\\/diarioprincipios.com\\\/index.php\\\/2020\\\/04\\\/28\\\/estudiantes-secundarios-de-avellaneda-recibiran-netbooks\\\/#primaryimage\"},\"image\":{\"@id\":\"https:\\\/\\\/diarioprincipios.com\\\/index.php\\\/2020\\\/04\\\/28\\\/estudiantes-secundarios-de-avellaneda-recibiran-netbooks\\\/#primaryimage\"},\"thumbnailUrl\":\"https:\\\/\\\/diarioprincipios.com\\\/wp-content\\\/uploads\\\/2020\\\/04\\\/b5a494d6-158e-4825-9d4b-25eba1770be4.jpg\",\"datePublished\":\"2020-04-28T18:33:41+00:00\",\"dateModified\":\"2020-04-28T18:33:43+00:00\",\"breadcrumb\":{\"@id\":\"https:\\\/\\\/diarioprincipios.com\\\/index.php\\\/2020\\\/04\\\/28\\\/estudiantes-secundarios-de-avellaneda-recibiran-netbooks\\\/#breadcrumb\"},\"inLanguage\":\"es\",\"potentialAction\":[{\"@type\":\"ReadAction\",\"target\":[\"https:\\\/\\\/diarioprincipios.com\\\/index.php\\\/2020\\\/04\\\/28\\\/estudiantes-secundarios-de-avellaneda-recibiran-netbooks\\\/\"]}]},{\"@type\":\"ImageObject\",\"inLanguage\":\"es\",\"@id\":\"https:\\\/\\\/diarioprincipios.com\\\/index.php\\\/2020\\\/04\\\/28\\\/estudiantes-secundarios-de-avellaneda-recibiran-netbooks\\\/#primaryimage\",\"url\":\"https:\\\/\\\/diarioprincipios.com\\\/wp-content\\\/uploads\\\/2020\\\/04\\\/b5a494d6-158e-4825-9d4b-25eba1770be4.jpg\",\"contentUrl\":\"https:\\\/\\\/diarioprincipios.com\\\/wp-content\\\/uploads\\\/2020\\\/04\\\/b5a494d6-158e-4825-9d4b-25eba1770be4.jpg\",\"width\":1128,\"height\":638},{\"@type\":\"BreadcrumbList\",\"@id\":\"https:\\\/\\\/diarioprincipios.com\\\/index.php\\\/2020\\\/04\\\/28\\\/estudiantes-secundarios-de-avellaneda-recibiran-netbooks\\\/#breadcrumb\",\"itemListElement\":[{\"@type\":\"ListItem\",\"position\":1,\"name\":\"Portada\",\"item\":\"https:\\\/\\\/diarioprincipios.com\\\/\"},{\"@type\":\"ListItem\",\"position\":2,\"name\":\"Estudiantes Secundarios de Avellaneda recibir\u00e1n Netbooks\"}]},{\"@type\":\"WebSite\",\"@id\":\"https:\\\/\\\/diarioprincipios.com\\\/#website\",\"url\":\"https:\\\/\\\/diarioprincipios.com\\\/\",\"name\":\"Principios\",\"description\":\"Principios Diario\",\"publisher\":{\"@id\":\"https:\\\/\\\/diarioprincipios.com\\\/#organization\"},\"potentialAction\":[{\"@type\":\"SearchAction\",\"target\":{\"@type\":\"EntryPoint\",\"urlTemplate\":\"https:\\\/\\\/diarioprincipios.com\\\/?s={search_term_string}\"},\"query-input\":{\"@type\":\"PropertyValueSpecification\",\"valueRequired\":true,\"valueName\":\"search_term_string\"}}],\"inLanguage\":\"es\"},{\"@type\":\"Organization\",\"@id\":\"https:\\\/\\\/diarioprincipios.com\\\/#organization\",\"name\":\"Principios\",\"url\":\"https:\\\/\\\/diarioprincipios.com\\\/\",\"logo\":{\"@type\":\"ImageObject\",\"inLanguage\":\"es\",\"@id\":\"https:\\\/\\\/diarioprincipios.com\\\/#\\\/schema\\\/logo\\\/image\\\/\",\"url\":\"https:\\\/\\\/diarioprincipios.com\\\/wp-content\\\/uploads\\\/2024\\\/04\\\/cropped-www.diarioprincipios.com_-1.png\",\"contentUrl\":\"https:\\\/\\\/diarioprincipios.com\\\/wp-content\\\/uploads\\\/2024\\\/04\\\/cropped-www.diarioprincipios.com_-1.png\",\"width\":5325,\"height\":1454,\"caption\":\"Principios\"},\"image\":{\"@id\":\"https:\\\/\\\/diarioprincipios.com\\\/#\\\/schema\\\/logo\\\/image\\\/\"}},{\"@type\":\"Person\",\"@id\":\"https:\\\/\\\/diarioprincipios.com\\\/#\\\/schema\\\/person\\\/436d5a1fd41a5e250e23ff5a6a7cb080\",\"name\":\"Hern\u00e1n L\u00f3pez\",\"image\":{\"@type\":\"ImageObject\",\"inLanguage\":\"es\",\"@id\":\"https:\\\/\\\/diarioprincipios.com\\\/wp-content\\\/litespeed\\\/avatar\\\/11ddfe5610ff3bd100522525b2571f48.jpg?ver=1777048341\",\"url\":\"https:\\\/\\\/diarioprincipios.com\\\/wp-content\\\/litespeed\\\/avatar\\\/11ddfe5610ff3bd100522525b2571f48.jpg?ver=1777048341\",\"contentUrl\":\"https:\\\/\\\/diarioprincipios.com\\\/wp-content\\\/litespeed\\\/avatar\\\/11ddfe5610ff3bd100522525b2571f48.jpg?ver=1777048341\",\"caption\":\"Hern\u00e1n L\u00f3pez\"},\"url\":\"https:\\\/\\\/diarioprincipios.com\\\/index.php\\\/author\\\/hernan\\\/\"}]}<\/script>\n<!-- \/ Yoast SEO plugin. -->","yoast_head_json":{"title":"Estudiantes Secundarios de Avellaneda recibir\u00e1n Netbooks - Principios","robots":{"index":"index","follow":"follow","max-snippet":"max-snippet:-1","max-image-preview":"max-image-preview:large","max-video-preview":"max-video-preview:-1"},"canonical":"https:\/\/diarioprincipios.com\/index.php\/2020\/04\/28\/estudiantes-secundarios-de-avellaneda-recibiran-netbooks\/","og_locale":"es_ES","og_type":"article","og_title":"Estudiantes Secundarios de Avellaneda recibir\u00e1n Netbooks - Principios","og_description":"El intendente Ferraresi firm\u00f3 el convenio con el ministro Nicol\u00e1s Trotta, para la entrega de estos dispositivos que facilitan el acceso tecnol\u00f3gico y la educaci\u00f3n de los j\u00f3venes. El intendente de Avellaneda, Jorge Ferraresi, suscribi\u00f3 ayer el convenio para que los alumnos secundarios de Avellaneda reciban netbooks y tablets que el Gobierno Nacional recuper\u00f3 y...","og_url":"https:\/\/diarioprincipios.com\/index.php\/2020\/04\/28\/estudiantes-secundarios-de-avellaneda-recibiran-netbooks\/","og_site_name":"Principios","article_published_time":"2020-04-28T18:33:41+00:00","article_modified_time":"2020-04-28T18:33:43+00:00","og_image":[{"width":1128,"height":638,"url":"https:\/\/diarioprincipios.com\/wp-content\/uploads\/2020\/04\/b5a494d6-158e-4825-9d4b-25eba1770be4.jpg","type":"image\/jpeg"}],"author":"Hern\u00e1n L\u00f3pez","twitter_card":"summary_large_image","twitter_misc":{"Escrito por":"Hern\u00e1n L\u00f3pez","Tiempo de lectura":"2 minutos"},"schema":{"@context":"https:\/\/schema.org","@graph":[{"@type":"Article","@id":"https:\/\/diarioprincipios.com\/index.php\/2020\/04\/28\/estudiantes-secundarios-de-avellaneda-recibiran-netbooks\/#article","isPartOf":{"@id":"https:\/\/diarioprincipios.com\/index.php\/2020\/04\/28\/estudiantes-secundarios-de-avellaneda-recibiran-netbooks\/"},"author":{"name":"Hern\u00e1n L\u00f3pez","@id":"https:\/\/diarioprincipios.com\/#\/schema\/person\/436d5a1fd41a5e250e23ff5a6a7cb080"},"headline":"Estudiantes Secundarios de Avellaneda recibir\u00e1n Netbooks","datePublished":"2020-04-28T18:33:41+00:00","dateModified":"2020-04-28T18:33:43+00:00","mainEntityOfPage":{"@id":"https:\/\/diarioprincipios.com\/index.php\/2020\/04\/28\/estudiantes-secundarios-de-avellaneda-recibiran-netbooks\/"},"wordCount":413,"commentCount":0,"publisher":{"@id":"https:\/\/diarioprincipios.com\/#organization"},"image":{"@id":"https:\/\/diarioprincipios.com\/index.php\/2020\/04\/28\/estudiantes-secundarios-de-avellaneda-recibiran-netbooks\/#primaryimage"},"thumbnailUrl":"https:\/\/diarioprincipios.com\/wp-content\/uploads\/2020\/04\/b5a494d6-158e-4825-9d4b-25eba1770be4.jpg","articleSection":["Avellaneda"],"inLanguage":"es","potentialAction":[{"@type":"CommentAction","name":"Comment","target":["https:\/\/diarioprincipios.com\/index.php\/2020\/04\/28\/estudiantes-secundarios-de-avellaneda-recibiran-netbooks\/#respond"]}]},{"@type":"WebPage","@id":"https:\/\/diarioprincipios.com\/index.php\/2020\/04\/28\/estudiantes-secundarios-de-avellaneda-recibiran-netbooks\/","url":"https:\/\/diarioprincipios.com\/index.php\/2020\/04\/28\/estudiantes-secundarios-de-avellaneda-recibiran-netbooks\/","name":"Estudiantes Secundarios de Avellaneda recibir\u00e1n Netbooks - Principios","isPartOf":{"@id":"https:\/\/diarioprincipios.com\/#website"},"primaryImageOfPage":{"@id":"https:\/\/diarioprincipios.com\/index.php\/2020\/04\/28\/estudiantes-secundarios-de-avellaneda-recibiran-netbooks\/#primaryimage"},"image":{"@id":"https:\/\/diarioprincipios.com\/index.php\/2020\/04\/28\/estudiantes-secundarios-de-avellaneda-recibiran-netbooks\/#primaryimage"},"thumbnailUrl":"https:\/\/diarioprincipios.com\/wp-content\/uploads\/2020\/04\/b5a494d6-158e-4825-9d4b-25eba1770be4.jpg","datePublished":"2020-04-28T18:33:41+00:00","dateModified":"2020-04-28T18:33:43+00:00","breadcrumb":{"@id":"https:\/\/diarioprincipios.com\/index.php\/2020\/04\/28\/estudiantes-secundarios-de-avellaneda-recibiran-netbooks\/#breadcrumb"},"inLanguage":"es","potentialAction":[{"@type":"ReadAction","target":["https:\/\/diarioprincipios.com\/index.php\/2020\/04\/28\/estudiantes-secundarios-de-avellaneda-recibiran-netbooks\/"]}]},{"@type":"ImageObject","inLanguage":"es","@id":"https:\/\/diarioprincipios.com\/index.php\/2020\/04\/28\/estudiantes-secundarios-de-avellaneda-recibiran-netbooks\/#primaryimage","url":"https:\/\/diarioprincipios.com\/wp-content\/uploads\/2020\/04\/b5a494d6-158e-4825-9d4b-25eba1770be4.jpg","contentUrl":"https:\/\/diarioprincipios.com\/wp-content\/uploads\/2020\/04\/b5a494d6-158e-4825-9d4b-25eba1770be4.jpg","width":1128,"height":638},{"@type":"BreadcrumbList","@id":"https:\/\/diarioprincipios.com\/index.php\/2020\/04\/28\/estudiantes-secundarios-de-avellaneda-recibiran-netbooks\/#breadcrumb","itemListElement":[{"@type":"ListItem","position":1,"name":"Portada","item":"https:\/\/diarioprincipios.com\/"},{"@type":"ListItem","position":2,"name":"Estudiantes Secundarios de Avellaneda recibir\u00e1n Netbooks"}]},{"@type":"WebSite","@id":"https:\/\/diarioprincipios.com\/#website","url":"https:\/\/diarioprincipios.com\/","name":"Principios","description":"Principios Diario","publisher":{"@id":"https:\/\/diarioprincipios.com\/#organization"},"potentialAction":[{"@type":"SearchAction","target":{"@type":"EntryPoint","urlTemplate":"https:\/\/diarioprincipios.com\/?s={search_term_string}"},"query-input":{"@type":"PropertyValueSpecification","valueRequired":true,"valueName":"search_term_string"}}],"inLanguage":"es"},{"@type":"Organization","@id":"https:\/\/diarioprincipios.com\/#organization","name":"Principios","url":"https:\/\/diarioprincipios.com\/","logo":{"@type":"ImageObject","inLanguage":"es","@id":"https:\/\/diarioprincipios.com\/#\/schema\/logo\/image\/","url":"https:\/\/diarioprincipios.com\/wp-content\/uploads\/2024\/04\/cropped-www.diarioprincipios.com_-1.png","contentUrl":"https:\/\/diarioprincipios.com\/wp-content\/uploads\/2024\/04\/cropped-www.diarioprincipios.com_-1.png","width":5325,"height":1454,"caption":"Principios"},"image":{"@id":"https:\/\/diarioprincipios.com\/#\/schema\/logo\/image\/"}},{"@type":"Person","@id":"https:\/\/diarioprincipios.com\/#\/schema\/person\/436d5a1fd41a5e250e23ff5a6a7cb080","name":"Hern\u00e1n L\u00f3pez","image":{"@type":"ImageObject","inLanguage":"es","@id":"https:\/\/diarioprincipios.com\/wp-content\/litespeed\/avatar\/11ddfe5610ff3bd100522525b2571f48.jpg?ver=1777048341","url":"https:\/\/diarioprincipios.com\/wp-content\/litespeed\/avatar\/11ddfe5610ff3bd100522525b2571f48.jpg?ver=1777048341","contentUrl":"https:\/\/diarioprincipios.com\/wp-content\/litespeed\/avatar\/11ddfe5610ff3bd100522525b2571f48.jpg?ver=1777048341","caption":"Hern\u00e1n L\u00f3pez"},"url":"https:\/\/diarioprincipios.com\/index.php\/author\/hernan\/"}]}},"jetpack_featured_media_url":"https:\/\/diarioprincipios.com\/wp-content\/uploads\/2020\/04\/b5a494d6-158e-4825-9d4b-25eba1770be4.jpg","_links":{"self":[{"href":"https:\/\/diarioprincipios.com\/index.php\/wp-json\/wp\/v2\/posts\/1015","targetHints":{"allow":["GET"]}}],"collection":[{"href":"https:\/\/diarioprincipios.com\/index.php\/wp-json\/wp\/v2\/posts"}],"about":[{"href":"https:\/\/diarioprincipios.com\/index.php\/wp-json\/wp\/v2\/types\/post"}],"author":[{"embeddable":true,"href":"https:\/\/diarioprincipios.com\/index.php\/wp-json\/wp\/v2\/users\/2"}],"replies":[{"embeddable":true,"href":"https:\/\/diarioprincipios.com\/index.php\/wp-json\/wp\/v2\/comments?post=1015"}],"version-history":[{"count":1,"href":"https:\/\/diarioprincipios.com\/index.php\/wp-json\/wp\/v2\/posts\/1015\/revisions"}],"predecessor-version":[{"id":1017,"href":"https:\/\/diarioprincipios.com\/index.php\/wp-json\/wp\/v2\/posts\/1015\/revisions\/1017"}],"wp:featuredmedia":[{"embeddable":true,"href":"https:\/\/diarioprincipios.com\/index.php\/wp-json\/wp\/v2\/media\/1016"}],"wp:attachment":[{"href":"https:\/\/diarioprincipios.com\/index.php\/wp-json\/wp\/v2\/media?parent=1015"}],"wp:term":[{"taxonomy":"category","embeddable":true,"href":"https:\/\/diarioprincipios.com\/index.php\/wp-json\/wp\/v2\/categories?post=1015"},{"taxonomy":"post_tag","embeddable":true,"href":"https:\/\/diarioprincipios.com\/index.php\/wp-json\/wp\/v2\/tags?post=1015"}],"curies":[{"name":"wp","href":"https:\/\/api.w.org\/{rel}","templated":true}]}}